{"id":138798,"date":"2020-03-06T08:27:48","date_gmt":"2020-03-06T05:27:48","guid":{"rendered":"http:\/\/arantv.az\/?p=138798"},"modified":"2020-03-06T08:27:48","modified_gmt":"2020-03-06T05:27:48","slug":"ilham-%c9%99liyev-gurcustanin-mudafi%c9%99-nazirini-q%c9%99bul-edib","status":"publish","type":"post","link":"https:\/\/arantv.az\/?p=138798","title":{"rendered":"\u0130lham \u018fliyev G\u00fcrc\u00fcstan\u0131n M\u00fcdafi\u0259 nazirini q\u0259bul edib"},"content":{"rendered":"<p>Az\u0259rbaycan Respublikas\u0131n\u0131n Prezidenti \u0130lham \u018fliyev mart\u0131n 5-d\u0259 G\u00fcrc\u00fcstan\u0131n M\u00fcdafi\u0259 naziri \u0130rakli Qariba\u015fvilini q\u0259bul edib.<\/p>\n<p><strong>ARANTV.AZ<\/strong> x\u0259b\u0259r verir ki, g\u00f6r\u00fc\u015fd\u0259 Az\u0259rbaycan il\u0259 G\u00fcrc\u00fcstan aras\u0131nda ikit\u0259r\u0259fli m\u00fcnasib\u0259tl\u0259rin m\u00fcxt\u0259lif sah\u0259l\u0259rd\u0259, o c\u00fcml\u0259d\u0259n, h\u0259rbi sah\u0259d\u0259 inki\u015faf\u0131ndan m\u0259mnunluq ifad\u0259 olunub.<\/p>\n<p>\u00d6lk\u0259l\u0259rimizin birg\u0259 i\u015ftirak etdiyi m\u00fch\u00fcm enerji layih\u0259l\u0259rinin \u0259h\u0259miyy\u0259ti vur\u011fulan\u0131b, C\u0259nub Qaz D\u0259hl\u0131zinin u\u011furla realla\u015fmas\u0131n\u0131n \u00f6n\u0259mi qeyd edilib.<\/p>\n<p>S\u00f6hb\u0259t zaman\u0131 Az\u0259rbaycan il\u0259 G\u00fcrc\u00fcstan aras\u0131nda iqtisadi \u0259m\u0259kda\u015fl\u0131\u011f\u0131n, investisiya qoyulu\u015funun \u0259laq\u0259l\u0259rimizin inki\u015faf\u0131na t\u00f6hf\u0259 verdiyi bildirilib.AZ\u018fRTAC<\/p>\n","protected":false},"excerpt":{"rendered":"<p>Az\u0259rbaycan Respublikas\u0131n\u0131n Prezidenti \u0130lham \u018fliyev mart\u0131n 5-d\u0259 G\u00fcrc\u00fcstan\u0131n M\u00fcdafi\u0259 naziri \u0130rakli Qariba\u015fvilini q\u0259bul edib. ARANTV.AZ x\u0259b\u0259r verir ki, g\u00f6r\u00fc\u015fd\u0259 Az\u0259rbaycan il\u0259 G\u00fcrc\u00fcstan aras\u0131nda ikit\u0259r\u0259fli m\u00fcnasib\u0259tl\u0259rin m\u00fcxt\u0259lif sah\u0259l\u0259rd\u0259, o c\u00fcml\u0259d\u0259n, h\u0259rbi sah\u0259d\u0259 inki\u015faf\u0131ndan m\u0259mnunluq ifad\u0259 olunub. \u00d6lk\u0259l\u0259rimizin birg\u0259 i\u015ftirak etdiyi m\u00fch\u00fcm enerji layih\u0259l\u0259rinin \u0259h\u0259miyy\u0259ti vur\u011fulan\u0131b, C\u0259nub Qaz D\u0259hl\u0131zinin u\u011furla realla\u015fmas\u0131n\u0131n \u00f6n\u0259mi qeyd edilib. S\u00f6hb\u0259t zaman\u0131 Az\u0259rbaycan il\u0259 G\u00fcrc\u00fcstan aras\u0131nda iqtisadi \u0259m\u0259kda\u015fl\u0131\u011f\u0131n, investisiya qoyulu\u015funun \u0259laq\u0259l\u0259rimizin inki\u015faf\u0131na t\u00f6hf\u0259 verdiyi bildirilib.AZ\u018fRTAC<\/p>\n","protected":false},"author":2,"featured_media":138799,"comment_status":"closed","ping_status":"closed","sticky":false,"template":"","format":"standard","meta":{"om_disable_all_campaigns":false,"_monsterinsights_skip_tracking":false,"_monsterinsights_sitenote_active":false,"_monsterinsights_sitenote_note":"","_monsterinsights_sitenote_category":0},"categories":[4],"tags":[],"aioseo_notices":[],"gutentor_comment":0,"rttpg_featured_image_url":{"full":["https:\/\/arantv.az\/wp-content\/uploads\/2020\/03\/p.jpg",620,424,false],"landscape":["https:\/\/arantv.az\/wp-content\/uploads\/2020\/03\/p.jpg",620,424,false],"portraits":["https:\/\/arantv.az\/wp-content\/uploads\/2020\/03\/p.jpg",620,424,false],"thumbnail":["https:\/\/arantv.az\/wp-content\/uploads\/2020\/03\/p-150x150.jpg",150,150,true],"medium":["https:\/\/arantv.az\/wp-content\/uploads\/2020\/03\/p-300x205.jpg",300,205,true],"large":["https:\/\/arantv.az\/wp-content\/uploads\/2020\/03\/p.jpg",620,424,false],"1536x1536":["https:\/\/arantv.az\/wp-content\/uploads\/2020\/03\/p.jpg",620,424,false],"2048x2048":["https:\/\/arantv.az\/wp-content\/uploads\/2020\/03\/p.jpg",620,424,false],"post-thumbnail":["https:\/\/arantv.az\/wp-content\/uploads\/2020\/03\/p-240x172.jpg",240,172,true],"advps-thumb-one":["https:\/\/arantv.az\/wp-content\/uploads\/2020\/03\/p.jpg",620,424,false]},"rttpg_author":{"display_name":"V\u00fcsal Rafiqo\u011flu","author_link":"https:\/\/arantv.az\/?author=2"},"rttpg_comment":0,"rttpg_category":"<a href=\"https:\/\/arantv.az\/?cat=4\" rel=\"category\">Siyas\u0259t<\/a>","rttpg_excerpt":"Az\u0259rbaycan Respublikas\u0131n\u0131n Prezidenti \u0130lham \u018fliyev mart\u0131n 5-d\u0259 G\u00fcrc\u00fcstan\u0131n M\u00fcdafi\u0259 naziri \u0130rakli Qariba\u015fvilini q\u0259bul edib. ARANTV.AZ x\u0259b\u0259r verir ki, g\u00f6r\u00fc\u015fd\u0259 Az\u0259rbaycan il\u0259 G\u00fcrc\u00fcstan aras\u0131nda ikit\u0259r\u0259fli m\u00fcnasib\u0259tl\u0259rin m\u00fcxt\u0259lif sah\u0259l\u0259rd\u0259, o c\u00fcml\u0259d\u0259n, h\u0259rbi sah\u0259d\u0259 inki\u015faf\u0131ndan m\u0259mnunluq ifad\u0259 olunub. \u00d6lk\u0259l\u0259rimizin birg\u0259 i\u015ftirak etdiyi m\u00fch\u00fcm enerji layih\u0259l\u0259rinin \u0259h\u0259miyy\u0259ti vur\u011fulan\u0131b, C\u0259nub Qaz D\u0259hl\u0131zinin u\u011furla realla\u015fmas\u0131n\u0131n \u00f6n\u0259mi qeyd edilib. S\u00f6hb\u0259t zaman\u0131 Az\u0259rbaycan&hellip;","_links":{"self":[{"href":"https:\/\/arantv.az\/index.php?rest_route=\/wp\/v2\/posts\/138798"}],"collection":[{"href":"https:\/\/arantv.az\/index.php?rest_route=\/wp\/v2\/posts"}],"about":[{"href":"https:\/\/arantv.az\/index.php?rest_route=\/wp\/v2\/types\/post"}],"author":[{"embeddable":true,"href":"https:\/\/arantv.az\/index.php?rest_route=\/wp\/v2\/users\/2"}],"replies":[{"embeddable":true,"href":"https:\/\/arantv.az\/index.php?rest_route=%2Fwp%2Fv2%2Fcomments&post=138798"}],"version-history":[{"count":0,"href":"https:\/\/arantv.az\/index.php?rest_route=\/wp\/v2\/posts\/138798\/revisions"}],"wp:featuredmedia":[{"embeddable":true,"href":"https:\/\/arantv.az\/index.php?rest_route=\/wp\/v2\/media\/138799"}],"wp:attachment":[{"href":"https:\/\/arantv.az\/index.php?rest_route=%2Fwp%2Fv2%2Fmedia&parent=138798"}],"wp:term":[{"taxonomy":"category","embeddable":true,"href":"https:\/\/arantv.az\/index.php?rest_route=%2Fwp%2Fv2%2Fcategories&post=138798"},{"taxonomy":"post_tag","embeddable":true,"href":"https:\/\/arantv.az\/index.php?rest_route=%2Fwp%2Fv2%2Ftags&post=138798"}],"curies":[{"name":"wp","href":"https:\/\/api.w.org\/{rel}","templated":true}]}}