{"id":138837,"date":"2020-03-06T09:19:28","date_gmt":"2020-03-06T06:19:28","guid":{"rendered":"http:\/\/arantv.az\/?p=138837"},"modified":"2020-03-06T09:19:28","modified_gmt":"2020-03-06T06:19:28","slug":"az%c9%99rbaycanda-d%c9%99hs%c9%99tli-q%c9%99za-iki-avtomobil-toqqusdu-3-n%c9%99f%c9%99r-oldu","status":"publish","type":"post","link":"https:\/\/arantv.az\/?p=138837","title":{"rendered":"Az\u0259rbaycanda D\u018fH\u015e\u018fTL\u0130 Q\u018fZA: iki avtomobil toqqu\u015fdu, 3 n\u0259f\u0259r \u00f6ld\u00fc"},"content":{"rendered":"<p>F\u00f6vq\u0259lad\u0259 Hallar Nazirliyinin B\u00f6hran V\u0259ziyy\u0259tl\u0259rind\u0259 \u0130dar\u0259etm\u0259 M\u0259rk\u0259zin\u0259 Siy\u0259z\u0259n rayonunda \u201cKamAZ\u201d markal\u0131 y\u00fck avtomobili v\u0259 \u201cRenault\u201d markal\u0131 minik avtomobilinin toqqu\u015fmas\u0131 bar\u0259d\u0259 m\u0259lumat daxil olub.<\/p>\n<p>FHN-d\u0259n Publika.az-a veril\u0259n m\u0259lumata g\u00f6r\u0259, hadis\u0259 yerin\u0259 c\u0259lb olunan D\u00f6vl\u0259t Yan\u011f\u0131ndan M\u00fchafiz\u0259 Xidm\u0259tinin m\u00fcvafiq xilasetm\u0259 q\u00fcvv\u0259l\u0259ri minik avtomobilind\u0259 s\u0131x\u0131l\u0131 v\u0259ziyy\u0259td\u0259 qalan 3 n\u0259f\u0259rin meyitini deformasiyaya u\u011frayan n\u0259qliyyat vasit\u0259sind\u0259n \u00e7\u0131xararaq aidiyy\u0259ti \u00fczr\u0259 t\u0259hvil veribl\u0259r.<\/p>\n","protected":false},"excerpt":{"rendered":"<p>F\u00f6vq\u0259lad\u0259 Hallar Nazirliyinin B\u00f6hran V\u0259ziyy\u0259tl\u0259rind\u0259 \u0130dar\u0259etm\u0259 M\u0259rk\u0259zin\u0259 Siy\u0259z\u0259n rayonunda \u201cKamAZ\u201d markal\u0131 y\u00fck avtomobili v\u0259 \u201cRenault\u201d markal\u0131 minik avtomobilinin toqqu\u015fmas\u0131 bar\u0259d\u0259 m\u0259lumat daxil olub. FHN-d\u0259n Publika.az-a veril\u0259n m\u0259lumata g\u00f6r\u0259, hadis\u0259 yerin\u0259 c\u0259lb olunan D\u00f6vl\u0259t Yan\u011f\u0131ndan M\u00fchafiz\u0259 Xidm\u0259tinin m\u00fcvafiq xilasetm\u0259 q\u00fcvv\u0259l\u0259ri minik avtomobilind\u0259 s\u0131x\u0131l\u0131 v\u0259ziyy\u0259td\u0259 qalan 3 n\u0259f\u0259rin meyitini deformasiyaya u\u011frayan n\u0259qliyyat vasit\u0259sind\u0259n \u00e7\u0131xararaq aidiyy\u0259ti \u00fczr\u0259 t\u0259hvil veribl\u0259r.<\/p>\n","protected":false},"author":2,"featured_media":138838,"comment_status":"closed","ping_status":"closed","sticky":false,"template":"","format":"standard","meta":{"om_disable_all_campaigns":false,"_monsterinsights_skip_tracking":false,"_monsterinsights_sitenote_active":false,"_monsterinsights_sitenote_note":"","_monsterinsights_sitenote_category":0},"categories":[5],"tags":[],"aioseo_notices":[],"gutentor_comment":0,"rttpg_featured_image_url":{"full":["https:\/\/arantv.az\/wp-content\/uploads\/2020\/03\/qeza.jpg",800,450,false],"landscape":["https:\/\/arantv.az\/wp-content\/uploads\/2020\/03\/qeza.jpg",800,450,false],"portraits":["https:\/\/arantv.az\/wp-content\/uploads\/2020\/03\/qeza.jpg",800,450,false],"thumbnail":["https:\/\/arantv.az\/wp-content\/uploads\/2020\/03\/qeza-150x150.jpg",150,150,true],"medium":["https:\/\/arantv.az\/wp-content\/uploads\/2020\/03\/qeza-300x169.jpg",300,169,true],"large":["https:\/\/arantv.az\/wp-content\/uploads\/2020\/03\/qeza.jpg",640,360,false],"1536x1536":["https:\/\/arantv.az\/wp-content\/uploads\/2020\/03\/qeza.jpg",800,450,false],"2048x2048":["https:\/\/arantv.az\/wp-content\/uploads\/2020\/03\/qeza.jpg",800,450,false],"post-thumbnail":["https:\/\/arantv.az\/wp-content\/uploads\/2020\/03\/qeza-240x172.jpg",240,172,true],"advps-thumb-one":["https:\/\/arantv.az\/wp-content\/uploads\/2020\/03\/qeza.jpg",800,450,false]},"rttpg_author":{"display_name":"V\u00fcsal Rafiqo\u011flu","author_link":"https:\/\/arantv.az\/?author=2"},"rttpg_comment":0,"rttpg_category":"<a href=\"https:\/\/arantv.az\/?cat=5\" rel=\"category\">Hadis\u0259<\/a>","rttpg_excerpt":"F\u00f6vq\u0259lad\u0259 Hallar Nazirliyinin B\u00f6hran V\u0259ziyy\u0259tl\u0259rind\u0259 \u0130dar\u0259etm\u0259 M\u0259rk\u0259zin\u0259 Siy\u0259z\u0259n rayonunda \u201cKamAZ\u201d markal\u0131 y\u00fck avtomobili v\u0259 \u201cRenault\u201d markal\u0131 minik avtomobilinin toqqu\u015fmas\u0131 bar\u0259d\u0259 m\u0259lumat daxil olub. FHN-d\u0259n Publika.az-a veril\u0259n m\u0259lumata g\u00f6r\u0259, hadis\u0259 yerin\u0259 c\u0259lb olunan D\u00f6vl\u0259t Yan\u011f\u0131ndan M\u00fchafiz\u0259 Xidm\u0259tinin m\u00fcvafiq xilasetm\u0259 q\u00fcvv\u0259l\u0259ri minik avtomobilind\u0259 s\u0131x\u0131l\u0131 v\u0259ziyy\u0259td\u0259 qalan 3 n\u0259f\u0259rin meyitini deformasiyaya u\u011frayan n\u0259qliyyat vasit\u0259sind\u0259n \u00e7\u0131xararaq aidiyy\u0259ti \u00fczr\u0259 t\u0259hvil&hellip;","_links":{"self":[{"href":"https:\/\/arantv.az\/index.php?rest_route=\/wp\/v2\/posts\/138837"}],"collection":[{"href":"https:\/\/arantv.az\/index.php?rest_route=\/wp\/v2\/posts"}],"about":[{"href":"https:\/\/arantv.az\/index.php?rest_route=\/wp\/v2\/types\/post"}],"author":[{"embeddable":true,"href":"https:\/\/arantv.az\/index.php?rest_route=\/wp\/v2\/users\/2"}],"replies":[{"embeddable":true,"href":"https:\/\/arantv.az\/index.php?rest_route=%2Fwp%2Fv2%2Fcomments&post=138837"}],"version-history":[{"count":0,"href":"https:\/\/arantv.az\/index.php?rest_route=\/wp\/v2\/posts\/138837\/revisions"}],"wp:featuredmedia":[{"embeddable":true,"href":"https:\/\/arantv.az\/index.php?rest_route=\/wp\/v2\/media\/138838"}],"wp:attachment":[{"href":"https:\/\/arantv.az\/index.php?rest_route=%2Fwp%2Fv2%2Fmedia&parent=138837"}],"wp:term":[{"taxonomy":"category","embeddable":true,"href":"https:\/\/arantv.az\/index.php?rest_route=%2Fwp%2Fv2%2Fcategories&post=138837"},{"taxonomy":"post_tag","embeddable":true,"href":"https:\/\/arantv.az\/index.php?rest_route=%2Fwp%2Fv2%2Ftags&post=138837"}],"curies":[{"name":"wp","href":"https:\/\/api.w.org\/{rel}","templated":true}]}}