{"id":139126,"date":"2020-03-06T13:34:31","date_gmt":"2020-03-06T10:34:31","guid":{"rendered":"http:\/\/arantv.az\/?p=139126"},"modified":"2020-03-06T13:34:31","modified_gmt":"2020-03-06T10:34:31","slug":"gec%c9%99-evd%c9%99n-meyiti-tapilan-baki-sakininin-olum-s%c9%99b%c9%99bi-bilindi","status":"publish","type":"post","link":"https:\/\/arantv.az\/?p=139126","title":{"rendered":"Gec\u0259 evd\u0259n meyiti tap\u0131lan Bak\u0131 sakininin \u00f6l\u00fcm s\u0259b\u0259bi bilindi"},"content":{"rendered":"<p><strong>Bak\u0131da daha bir n\u0259f\u0259r d\u0259m qaz\u0131ndan \u00f6l\u00fcb.<\/strong><\/p>\n<p><strong>ARANTV.AZ<\/strong>\u00a0<a href=\"https:\/\/az.trend.az\/\" target=\"_blank\" rel=\"noopener\">Trend<\/a>-\u0259 istinad\u0259n x\u0259b\u0259r verir ki, hadis\u0259 paytaxt\u0131n Qarada\u011f rayonu, Sahil q\u0259s\u0259b\u0259si, Z. Qas\u0131mov k\u00fc\u00e7\u0259si ev 22, m\u0259nzil 46-da ba\u015f verib.<\/p>\n<p>H\u0259min \u00fcnvanda ya\u015fayan Novruzov Neym\u0259tulla Novruz o\u011flunun meyiti ya\u015fad\u0131\u011f\u0131 evd\u0259n tap\u0131l\u0131b. Meyitin daxili v\u0259 xarici m\u00fcayin\u0259sind\u0259n sonra m\u0259rhumun d\u0259m qaz\u0131ndan z\u0259h\u0259rl\u0259ndiyi m\u0259lum olub.<\/p>\n<p>Faktla ba\u011fl\u0131 Qarada\u011f rayon Prokurorlu\u011funda Cinay\u0259t M\u0259c\u0259ll\u0259sinin 314.2-ci (S\u0259hl\u0259nkarl\u0131q, ehtiyats\u0131zl\u0131qdan z\u0259r\u0259r\u00e7\u0259kmi\u015f \u015f\u0259xsin \u00f6l\u00fcm\u00fcn\u0259 s\u0259b\u0259b olma) madd\u0259sil\u0259 cinay\u0259t i\u015fi ba\u015flan\u0131b.<\/p>\n","protected":false},"excerpt":{"rendered":"<p>Bak\u0131da daha bir n\u0259f\u0259r d\u0259m qaz\u0131ndan \u00f6l\u00fcb. ARANTV.AZ\u00a0Trend-\u0259 istinad\u0259n x\u0259b\u0259r verir ki, hadis\u0259 paytaxt\u0131n Qarada\u011f rayonu, Sahil q\u0259s\u0259b\u0259si, Z. Qas\u0131mov k\u00fc\u00e7\u0259si ev 22, m\u0259nzil 46-da ba\u015f verib. H\u0259min \u00fcnvanda ya\u015fayan Novruzov Neym\u0259tulla Novruz o\u011flunun meyiti ya\u015fad\u0131\u011f\u0131 evd\u0259n tap\u0131l\u0131b. Meyitin daxili v\u0259 xarici m\u00fcayin\u0259sind\u0259n sonra m\u0259rhumun d\u0259m qaz\u0131ndan z\u0259h\u0259rl\u0259ndiyi m\u0259lum olub. Faktla ba\u011fl\u0131 Qarada\u011f rayon Prokurorlu\u011funda Cinay\u0259t M\u0259c\u0259ll\u0259sinin 314.2-ci (S\u0259hl\u0259nkarl\u0131q, ehtiyats\u0131zl\u0131qdan z\u0259r\u0259r\u00e7\u0259kmi\u015f \u015f\u0259xsin \u00f6l\u00fcm\u00fcn\u0259 s\u0259b\u0259b olma) madd\u0259sil\u0259 cinay\u0259t i\u015fi ba\u015flan\u0131b.<\/p>\n","protected":false},"author":2,"featured_media":139127,"comment_status":"closed","ping_status":"closed","sticky":false,"template":"","format":"standard","meta":{"om_disable_all_campaigns":false,"_monsterinsights_skip_tracking":false,"_monsterinsights_sitenote_active":false,"_monsterinsights_sitenote_note":"","_monsterinsights_sitenote_category":0},"categories":[5],"tags":[],"aioseo_notices":[],"gutentor_comment":0,"rttpg_featured_image_url":{"full":["https:\/\/arantv.az\/wp-content\/uploads\/2020\/03\/meyid_morq_0124.jpg",800,600,false],"landscape":["https:\/\/arantv.az\/wp-content\/uploads\/2020\/03\/meyid_morq_0124.jpg",800,600,false],"portraits":["https:\/\/arantv.az\/wp-content\/uploads\/2020\/03\/meyid_morq_0124.jpg",800,600,false],"thumbnail":["https:\/\/arantv.az\/wp-content\/uploads\/2020\/03\/meyid_morq_0124-150x150.jpg",150,150,true],"medium":["https:\/\/arantv.az\/wp-content\/uploads\/2020\/03\/meyid_morq_0124-300x225.jpg",300,225,true],"large":["https:\/\/arantv.az\/wp-content\/uploads\/2020\/03\/meyid_morq_0124.jpg",640,480,false],"1536x1536":["https:\/\/arantv.az\/wp-content\/uploads\/2020\/03\/meyid_morq_0124.jpg",800,600,false],"2048x2048":["https:\/\/arantv.az\/wp-content\/uploads\/2020\/03\/meyid_morq_0124.jpg",800,600,false],"post-thumbnail":["https:\/\/arantv.az\/wp-content\/uploads\/2020\/03\/meyid_morq_0124-240x172.jpg",240,172,true],"advps-thumb-one":["https:\/\/arantv.az\/wp-content\/uploads\/2020\/03\/meyid_morq_0124.jpg",800,600,false]},"rttpg_author":{"display_name":"V\u00fcsal Rafiqo\u011flu","author_link":"https:\/\/arantv.az\/?author=2"},"rttpg_comment":0,"rttpg_category":"<a href=\"https:\/\/arantv.az\/?cat=5\" rel=\"category\">Hadis\u0259<\/a>","rttpg_excerpt":"Bak\u0131da daha bir n\u0259f\u0259r d\u0259m qaz\u0131ndan \u00f6l\u00fcb. ARANTV.AZ\u00a0Trend-\u0259 istinad\u0259n x\u0259b\u0259r verir ki, hadis\u0259 paytaxt\u0131n Qarada\u011f rayonu, Sahil q\u0259s\u0259b\u0259si, Z. Qas\u0131mov k\u00fc\u00e7\u0259si ev 22, m\u0259nzil 46-da ba\u015f verib. H\u0259min \u00fcnvanda ya\u015fayan Novruzov Neym\u0259tulla Novruz o\u011flunun meyiti ya\u015fad\u0131\u011f\u0131 evd\u0259n tap\u0131l\u0131b. Meyitin daxili v\u0259 xarici m\u00fcayin\u0259sind\u0259n sonra m\u0259rhumun d\u0259m qaz\u0131ndan z\u0259h\u0259rl\u0259ndiyi m\u0259lum olub. Faktla ba\u011fl\u0131 Qarada\u011f rayon Prokurorlu\u011funda&hellip;","_links":{"self":[{"href":"https:\/\/arantv.az\/index.php?rest_route=\/wp\/v2\/posts\/139126"}],"collection":[{"href":"https:\/\/arantv.az\/index.php?rest_route=\/wp\/v2\/posts"}],"about":[{"href":"https:\/\/arantv.az\/index.php?rest_route=\/wp\/v2\/types\/post"}],"author":[{"embeddable":true,"href":"https:\/\/arantv.az\/index.php?rest_route=\/wp\/v2\/users\/2"}],"replies":[{"embeddable":true,"href":"https:\/\/arantv.az\/index.php?rest_route=%2Fwp%2Fv2%2Fcomments&post=139126"}],"version-history":[{"count":0,"href":"https:\/\/arantv.az\/index.php?rest_route=\/wp\/v2\/posts\/139126\/revisions"}],"wp:featuredmedia":[{"embeddable":true,"href":"https:\/\/arantv.az\/index.php?rest_route=\/wp\/v2\/media\/139127"}],"wp:attachment":[{"href":"https:\/\/arantv.az\/index.php?rest_route=%2Fwp%2Fv2%2Fmedia&parent=139126"}],"wp:term":[{"taxonomy":"category","embeddable":true,"href":"https:\/\/arantv.az\/index.php?rest_route=%2Fwp%2Fv2%2Fcategories&post=139126"},{"taxonomy":"post_tag","embeddable":true,"href":"https:\/\/arantv.az\/index.php?rest_route=%2Fwp%2Fv2%2Ftags&post=139126"}],"curies":[{"name":"wp","href":"https:\/\/api.w.org\/{rel}","templated":true}]}}