{"id":139146,"date":"2020-03-06T13:50:42","date_gmt":"2020-03-06T10:50:42","guid":{"rendered":"http:\/\/arantv.az\/?p=139146"},"modified":"2020-03-06T13:50:42","modified_gmt":"2020-03-06T10:50:42","slug":"ramiz-mehdiyevd%c9%99n-yeni-t%c9%99yinat","status":"publish","type":"post","link":"https:\/\/arantv.az\/?p=139146","title":{"rendered":"Ramiz Mehdiyevd\u0259n YEN\u0130 T\u018fY\u0130NAT"},"content":{"rendered":"<p>Az\u0259rbaycan Milli Elml\u0259r Akademiyas\u0131 M\u0259rk\u0259zi Elmi Kitabxanas\u0131na yeni direktor t\u0259yin edilib.<br \/>\n<b>ARANTV.AZ\u00a0<\/b>\u00a0x\u0259b\u0259r verir ki, akademiyadan modern.az-a veril\u0259n m\u0259lumata g\u00f6r\u0259, Sevil Z\u00fclf\u00fcqarova AMEA-n\u0131n M\u0259rk\u0259zi Elmi Kitabxanas\u0131n\u0131n direktoru v\u0259zif\u0259sin\u0259 t\u0259yin olunub.<br \/>\nQeyd ed\u0259k ki, S.Z\u00fclf\u00fcqarova 2010-cu ild\u0259 MEK-d\u0259 \u00e7al\u0131\u015f\u0131b. Bundan \u0259vv\u0259l is\u0259 o, AMEA-n\u0131n N\u0259simi ad\u0131na Dil\u00e7ilik \u0130nstitutunun Kitabxana \u015f\u00f6b\u0259sinin m\u00fcdiri i\u015fl\u0259yib.<\/p>\n","protected":false},"excerpt":{"rendered":"<p>Az\u0259rbaycan Milli Elml\u0259r Akademiyas\u0131 M\u0259rk\u0259zi Elmi Kitabxanas\u0131na yeni direktor t\u0259yin edilib. ARANTV.AZ\u00a0\u00a0x\u0259b\u0259r verir ki, akademiyadan modern.az-a veril\u0259n m\u0259lumata g\u00f6r\u0259, Sevil Z\u00fclf\u00fcqarova AMEA-n\u0131n M\u0259rk\u0259zi Elmi Kitabxanas\u0131n\u0131n direktoru v\u0259zif\u0259sin\u0259 t\u0259yin olunub. Qeyd ed\u0259k ki, S.Z\u00fclf\u00fcqarova 2010-cu ild\u0259 MEK-d\u0259 \u00e7al\u0131\u015f\u0131b. Bundan \u0259vv\u0259l is\u0259 o, AMEA-n\u0131n N\u0259simi ad\u0131na Dil\u00e7ilik \u0130nstitutunun Kitabxana \u015f\u00f6b\u0259sinin m\u00fcdiri i\u015fl\u0259yib.<\/p>\n","protected":false},"author":2,"featured_media":139147,"comment_status":"closed","ping_status":"closed","sticky":false,"template":"","format":"standard","meta":{"om_disable_all_campaigns":false,"_monsterinsights_skip_tracking":false,"_monsterinsights_sitenote_active":false,"_monsterinsights_sitenote_note":"","_monsterinsights_sitenote_category":0},"categories":[1],"tags":[],"aioseo_notices":[],"gutentor_comment":0,"rttpg_featured_image_url":{"full":["https:\/\/arantv.az\/wp-content\/uploads\/2020\/03\/ramizmehdiyev.jpg",549,332,false],"landscape":["https:\/\/arantv.az\/wp-content\/uploads\/2020\/03\/ramizmehdiyev.jpg",549,332,false],"portraits":["https:\/\/arantv.az\/wp-content\/uploads\/2020\/03\/ramizmehdiyev.jpg",549,332,false],"thumbnail":["https:\/\/arantv.az\/wp-content\/uploads\/2020\/03\/ramizmehdiyev-150x150.jpg",150,150,true],"medium":["https:\/\/arantv.az\/wp-content\/uploads\/2020\/03\/ramizmehdiyev-300x181.jpg",300,181,true],"large":["https:\/\/arantv.az\/wp-content\/uploads\/2020\/03\/ramizmehdiyev.jpg",549,332,false],"1536x1536":["https:\/\/arantv.az\/wp-content\/uploads\/2020\/03\/ramizmehdiyev.jpg",549,332,false],"2048x2048":["https:\/\/arantv.az\/wp-content\/uploads\/2020\/03\/ramizmehdiyev.jpg",549,332,false],"post-thumbnail":["https:\/\/arantv.az\/wp-content\/uploads\/2020\/03\/ramizmehdiyev-240x172.jpg",240,172,true],"advps-thumb-one":["https:\/\/arantv.az\/wp-content\/uploads\/2020\/03\/ramizmehdiyev.jpg",549,332,false]},"rttpg_author":{"display_name":"V\u00fcsal Rafiqo\u011flu","author_link":"https:\/\/arantv.az\/?author=2"},"rttpg_comment":0,"rttpg_category":"<a href=\"https:\/\/arantv.az\/?cat=1\" rel=\"category\">C\u0259miyy\u0259t<\/a>","rttpg_excerpt":"Az\u0259rbaycan Milli Elml\u0259r Akademiyas\u0131 M\u0259rk\u0259zi Elmi Kitabxanas\u0131na yeni direktor t\u0259yin edilib. ARANTV.AZ\u00a0\u00a0x\u0259b\u0259r verir ki, akademiyadan modern.az-a veril\u0259n m\u0259lumata g\u00f6r\u0259, Sevil Z\u00fclf\u00fcqarova AMEA-n\u0131n M\u0259rk\u0259zi Elmi Kitabxanas\u0131n\u0131n direktoru v\u0259zif\u0259sin\u0259 t\u0259yin olunub. Qeyd ed\u0259k ki, S.Z\u00fclf\u00fcqarova 2010-cu ild\u0259 MEK-d\u0259 \u00e7al\u0131\u015f\u0131b. Bundan \u0259vv\u0259l is\u0259 o, AMEA-n\u0131n N\u0259simi ad\u0131na Dil\u00e7ilik \u0130nstitutunun Kitabxana \u015f\u00f6b\u0259sinin m\u00fcdiri i\u015fl\u0259yib.","_links":{"self":[{"href":"https:\/\/arantv.az\/index.php?rest_route=\/wp\/v2\/posts\/139146"}],"collection":[{"href":"https:\/\/arantv.az\/index.php?rest_route=\/wp\/v2\/posts"}],"about":[{"href":"https:\/\/arantv.az\/index.php?rest_route=\/wp\/v2\/types\/post"}],"author":[{"embeddable":true,"href":"https:\/\/arantv.az\/index.php?rest_route=\/wp\/v2\/users\/2"}],"replies":[{"embeddable":true,"href":"https:\/\/arantv.az\/index.php?rest_route=%2Fwp%2Fv2%2Fcomments&post=139146"}],"version-history":[{"count":0,"href":"https:\/\/arantv.az\/index.php?rest_route=\/wp\/v2\/posts\/139146\/revisions"}],"wp:featuredmedia":[{"embeddable":true,"href":"https:\/\/arantv.az\/index.php?rest_route=\/wp\/v2\/media\/139147"}],"wp:attachment":[{"href":"https:\/\/arantv.az\/index.php?rest_route=%2Fwp%2Fv2%2Fmedia&parent=139146"}],"wp:term":[{"taxonomy":"category","embeddable":true,"href":"https:\/\/arantv.az\/index.php?rest_route=%2Fwp%2Fv2%2Fcategories&post=139146"},{"taxonomy":"post_tag","embeddable":true,"href":"https:\/\/arantv.az\/index.php?rest_route=%2Fwp%2Fv2%2Ftags&post=139146"}],"curies":[{"name":"wp","href":"https:\/\/api.w.org\/{rel}","templated":true}]}}