{"id":139280,"date":"2020-03-06T15:32:13","date_gmt":"2020-03-06T12:32:13","guid":{"rendered":"http:\/\/arantv.az\/?p=139280"},"modified":"2020-03-06T15:32:13","modified_gmt":"2020-03-06T12:32:13","slug":"turkiy%c9%99d%c9%99n-yunanistana-qacan-miqrantlarin-sayi-aciqlandi","status":"publish","type":"post","link":"https:\/\/arantv.az\/?p=139280","title":{"rendered":"T\u00fcrkiy\u0259d\u0259n Yunan\u0131stana qa\u00e7an miqrantlar\u0131n SAYI A\u00c7IQLANDI"},"content":{"rendered":"<p>T\u00fcrkiy\u0259nin Daxili \u0130\u015fl\u0259r naziri S\u00fcleyman Soylu Yunan\u0131stana ke\u00e7\u0259n miqrantlar\u0131n say\u0131n\u0131 a\u00e7\u0131qlay\u0131b.<\/p>\n<p>T\u00fcrkiy\u0259nin \u018fdirn\u0259 \u015f\u0259h\u0259rind\u0259n Yunan\u0131stana ke\u00e7\u0259n qa\u00e7q\u0131n say\u0131n\u0131n 142 min 175 oldu\u011fu bildirilib.<\/p>\n<div id=\"AdviadNativeVideo0\" class=\"AdviadNativeVideo\"><\/div>\n<p><b>ARANTV.AZ<\/b>-\u0131n m\u0259lumat\u0131na g\u00f6r\u0259 T\u00fcrkiy\u0259nin Daxili \u0130\u015fl\u0259r naziri S\u00fcleyman Soylu, twitter hesab\u0131nda T\u00fcrkiy\u0259d\u0259n ayr\u0131lan miqrant say\u0131 il\u0259 ba\u011fl\u0131 payla\u015f\u0131m edib. O payla\u015f\u0131mda &#8220;Saat 12.10-dan etibar\u0259n T\u00fcrkiy\u0259 torpaqlar\u0131ndan ayr\u0131l\u0131b \u018fdirn\u0259 Meri\u00e7d\u0259n Yunan\u0131stana ke\u00e7\u0259n miqrant say\u0131 142 min 175-dir&#8221; oldu\u011funu qeyd edib.<\/p>\n<p><img class=\"imgbcode\" src=\"https:\/\/sonxeber.az\/uploads\/88194324_2611876602427022_2358548550062702592_n.png\" alt=\"T\u00fcrkiy\u0259d\u0259n Yunan\u0131stana qa\u00e7an miqrantlar\u0131n SAYI A\u00c7IQLANDI\" \/><\/p>\n<p>&nbsp;<\/p>\n<p>Sonxeber.az<\/p>\n","protected":false},"excerpt":{"rendered":"<p>T\u00fcrkiy\u0259nin Daxili \u0130\u015fl\u0259r naziri S\u00fcleyman Soylu Yunan\u0131stana ke\u00e7\u0259n miqrantlar\u0131n say\u0131n\u0131 a\u00e7\u0131qlay\u0131b. T\u00fcrkiy\u0259nin \u018fdirn\u0259 \u015f\u0259h\u0259rind\u0259n Yunan\u0131stana ke\u00e7\u0259n qa\u00e7q\u0131n say\u0131n\u0131n 142 min 175 oldu\u011fu bildirilib. ARANTV.AZ-\u0131n m\u0259lumat\u0131na g\u00f6r\u0259 T\u00fcrkiy\u0259nin Daxili \u0130\u015fl\u0259r naziri S\u00fcleyman Soylu, twitter hesab\u0131nda T\u00fcrkiy\u0259d\u0259n ayr\u0131lan miqrant say\u0131 il\u0259 ba\u011fl\u0131 payla\u015f\u0131m edib. O payla\u015f\u0131mda &#8220;Saat 12.10-dan etibar\u0259n T\u00fcrkiy\u0259 torpaqlar\u0131ndan ayr\u0131l\u0131b \u018fdirn\u0259 Meri\u00e7d\u0259n Yunan\u0131stana ke\u00e7\u0259n miqrant say\u0131 142 min 175-dir&#8221; oldu\u011funu qeyd edib. &nbsp; Sonxeber.az<\/p>\n","protected":false},"author":2,"featured_media":139281,"comment_status":"closed","ping_status":"closed","sticky":false,"template":"","format":"standard","meta":{"om_disable_all_campaigns":false,"_monsterinsights_skip_tracking":false,"_monsterinsights_sitenote_active":false,"_monsterinsights_sitenote_note":"","_monsterinsights_sitenote_category":0},"categories":[7],"tags":[],"aioseo_notices":[],"gutentor_comment":0,"rttpg_featured_image_url":{"full":["https:\/\/arantv.az\/wp-content\/uploads\/2020\/03\/ss_167289_thumbs_b_c_bc5c412962f7379fad79f5eb58f6ffc3.jpg",270,180,false],"landscape":["https:\/\/arantv.az\/wp-content\/uploads\/2020\/03\/ss_167289_thumbs_b_c_bc5c412962f7379fad79f5eb58f6ffc3.jpg",270,180,false],"portraits":["https:\/\/arantv.az\/wp-content\/uploads\/2020\/03\/ss_167289_thumbs_b_c_bc5c412962f7379fad79f5eb58f6ffc3.jpg",270,180,false],"thumbnail":["https:\/\/arantv.az\/wp-content\/uploads\/2020\/03\/ss_167289_thumbs_b_c_bc5c412962f7379fad79f5eb58f6ffc3-150x150.jpg",150,150,true],"medium":["https:\/\/arantv.az\/wp-content\/uploads\/2020\/03\/ss_167289_thumbs_b_c_bc5c412962f7379fad79f5eb58f6ffc3.jpg",270,180,false],"large":["https:\/\/arantv.az\/wp-content\/uploads\/2020\/03\/ss_167289_thumbs_b_c_bc5c412962f7379fad79f5eb58f6ffc3.jpg",270,180,false],"1536x1536":["https:\/\/arantv.az\/wp-content\/uploads\/2020\/03\/ss_167289_thumbs_b_c_bc5c412962f7379fad79f5eb58f6ffc3.jpg",270,180,false],"2048x2048":["https:\/\/arantv.az\/wp-content\/uploads\/2020\/03\/ss_167289_thumbs_b_c_bc5c412962f7379fad79f5eb58f6ffc3.jpg",270,180,false],"post-thumbnail":["https:\/\/arantv.az\/wp-content\/uploads\/2020\/03\/ss_167289_thumbs_b_c_bc5c412962f7379fad79f5eb58f6ffc3-240x172.jpg",240,172,true],"advps-thumb-one":["https:\/\/arantv.az\/wp-content\/uploads\/2020\/03\/ss_167289_thumbs_b_c_bc5c412962f7379fad79f5eb58f6ffc3.jpg",270,180,false]},"rttpg_author":{"display_name":"V\u00fcsal Rafiqo\u011flu","author_link":"https:\/\/arantv.az\/?author=2"},"rttpg_comment":0,"rttpg_category":"<a href=\"https:\/\/arantv.az\/?cat=7\" rel=\"category\">D\u00fcnya<\/a>","rttpg_excerpt":"T\u00fcrkiy\u0259nin Daxili \u0130\u015fl\u0259r naziri S\u00fcleyman Soylu Yunan\u0131stana ke\u00e7\u0259n miqrantlar\u0131n say\u0131n\u0131 a\u00e7\u0131qlay\u0131b. T\u00fcrkiy\u0259nin \u018fdirn\u0259 \u015f\u0259h\u0259rind\u0259n Yunan\u0131stana ke\u00e7\u0259n qa\u00e7q\u0131n say\u0131n\u0131n 142 min 175 oldu\u011fu bildirilib. ARANTV.AZ-\u0131n m\u0259lumat\u0131na g\u00f6r\u0259 T\u00fcrkiy\u0259nin Daxili \u0130\u015fl\u0259r naziri S\u00fcleyman Soylu, twitter hesab\u0131nda T\u00fcrkiy\u0259d\u0259n ayr\u0131lan miqrant say\u0131 il\u0259 ba\u011fl\u0131 payla\u015f\u0131m edib. O payla\u015f\u0131mda &#8220;Saat 12.10-dan etibar\u0259n T\u00fcrkiy\u0259 torpaqlar\u0131ndan ayr\u0131l\u0131b \u018fdirn\u0259 Meri\u00e7d\u0259n Yunan\u0131stana ke\u00e7\u0259n miqrant&hellip;","_links":{"self":[{"href":"https:\/\/arantv.az\/index.php?rest_route=\/wp\/v2\/posts\/139280"}],"collection":[{"href":"https:\/\/arantv.az\/index.php?rest_route=\/wp\/v2\/posts"}],"about":[{"href":"https:\/\/arantv.az\/index.php?rest_route=\/wp\/v2\/types\/post"}],"author":[{"embeddable":true,"href":"https:\/\/arantv.az\/index.php?rest_route=\/wp\/v2\/users\/2"}],"replies":[{"embeddable":true,"href":"https:\/\/arantv.az\/index.php?rest_route=%2Fwp%2Fv2%2Fcomments&post=139280"}],"version-history":[{"count":0,"href":"https:\/\/arantv.az\/index.php?rest_route=\/wp\/v2\/posts\/139280\/revisions"}],"wp:featuredmedia":[{"embeddable":true,"href":"https:\/\/arantv.az\/index.php?rest_route=\/wp\/v2\/media\/139281"}],"wp:attachment":[{"href":"https:\/\/arantv.az\/index.php?rest_route=%2Fwp%2Fv2%2Fmedia&parent=139280"}],"wp:term":[{"taxonomy":"category","embeddable":true,"href":"https:\/\/arantv.az\/index.php?rest_route=%2Fwp%2Fv2%2Fcategories&post=139280"},{"taxonomy":"post_tag","embeddable":true,"href":"https:\/\/arantv.az\/index.php?rest_route=%2Fwp%2Fv2%2Ftags&post=139280"}],"curies":[{"name":"wp","href":"https:\/\/api.w.org\/{rel}","templated":true}]}}