{"id":139288,"date":"2020-03-06T15:35:38","date_gmt":"2020-03-06T12:35:38","guid":{"rendered":"http:\/\/arantv.az\/?p=139288"},"modified":"2020-03-06T15:35:38","modified_gmt":"2020-03-06T12:35:38","slug":"icra-bascisinin-muavini-v%c9%99zif%c9%99sind%c9%99n-istefa-verdi","status":"publish","type":"post","link":"https:\/\/arantv.az\/?p=139288","title":{"rendered":"\u0130cra ba\u015f\u00e7\u0131s\u0131n\u0131n m\u00fcavini v\u0259zif\u0259sind\u0259n istefa verdi"},"content":{"rendered":"<p><strong>Konstitusiya M\u0259hk\u0259m\u0259sinin Milli M\u0259clis\u0259 se\u00e7kil\u0259rin yekunlar\u0131n\u0131 t\u0259sdiql\u0259m\u0259si il\u0259 \u0259laq\u0259dar Suraxan\u0131 \u0130cra Hakimiyy\u0259ti ba\u015f\u00e7\u0131s\u0131n\u0131n m\u00fcavini Af\u0259t H\u0259s\u0259nova i\u015fd\u0259n \u00e7\u0131x\u0131b.<\/strong><\/p>\n<p><strong>ARANTV.AZ\u00a0<\/strong>\u00a0x\u0259b\u0259r verir ki, bu bar\u0259d\u0259 APA-ya Suraxan\u0131 \u0130cra Hakimiyy\u0259tind\u0259n m\u0259lumat verilib.<\/p>\n<div id=\"AdviadNativeVideo0\" class=\"AdviadNativeVideo\"><\/div>\n<p>Sabun\u00e7u rayon \u0130cra Hakimiyy\u0259tind\u0259n d\u0259 bildirilib ki, Sabun\u00e7u rayon \u0130cra Hakimiyy\u0259ti Aparat\u0131n\u0131n \u0130ctimai siyasi v\u0259 humanitar m\u0259s\u0259l\u0259l\u0259r \u015f\u00f6b\u0259sinin m\u00fcdiri \u018fli\u0259bbas Salahzad\u0259 d\u00fcn\u0259n i\u015fd\u0259n \u00e7\u0131xmaq bar\u0259d\u0259 \u0259riz\u0259 verib v\u0259 bu g\u00fcnd\u0259n i\u015f\u0259 \u00e7\u0131xm\u0131r.<\/p>\n<p>Qeyd ed\u0259k ki, fevral\u0131n 9-da Milli M\u0259clis\u0259 ke\u00e7iril\u0259n n\u00f6vb\u0259d\u0259nk\u0259nar se\u00e7kil\u0259rd\u0259 A. H\u0259s\u0259nova 32 sayl\u0131 Suraxan\u0131 \u00dc\u00e7\u00fcnc\u00fc, \u018f. Salahov 27 sayl\u0131 Sabun\u00e7u \u0130kinci Se\u00e7ki Dair\u0259sind\u0259n deputat se\u00e7ilibl\u0259r.<\/p>\n<p>Se\u00e7ki M\u0259c\u0259ll\u0259sinin 173.3-c\u00fc madd\u0259sin\u0259 \u0259sas\u0259n, se\u00e7kil\u0259rin \u00fcmumi yekunlar\u0131 r\u0259smi d\u0259rc edildikd\u0259n sonra namiz\u0259d deputat statusu il\u0259 bir araya s\u0131\u011fmayan v\u0259zif\u0259d\u0259n azad olunduqda v\u0259 ya f\u0259aliyy\u0259tin\u0259 xitam verdikd\u0259 M\u0259rk\u0259zi Se\u00e7ki Komissiyas\u0131 onu deputat kimi qeyd\u0259 al\u0131r v\u0259 ona deputat v\u0259siq\u0259si verir.<\/p>\n","protected":false},"excerpt":{"rendered":"<p>Konstitusiya M\u0259hk\u0259m\u0259sinin Milli M\u0259clis\u0259 se\u00e7kil\u0259rin yekunlar\u0131n\u0131 t\u0259sdiql\u0259m\u0259si il\u0259 \u0259laq\u0259dar Suraxan\u0131 \u0130cra Hakimiyy\u0259ti ba\u015f\u00e7\u0131s\u0131n\u0131n m\u00fcavini Af\u0259t H\u0259s\u0259nova i\u015fd\u0259n \u00e7\u0131x\u0131b. ARANTV.AZ\u00a0\u00a0x\u0259b\u0259r verir ki, bu bar\u0259d\u0259 APA-ya Suraxan\u0131 \u0130cra Hakimiyy\u0259tind\u0259n m\u0259lumat verilib. Sabun\u00e7u rayon \u0130cra Hakimiyy\u0259tind\u0259n d\u0259 bildirilib ki, Sabun\u00e7u rayon \u0130cra Hakimiyy\u0259ti Aparat\u0131n\u0131n \u0130ctimai siyasi v\u0259 humanitar m\u0259s\u0259l\u0259l\u0259r \u015f\u00f6b\u0259sinin m\u00fcdiri \u018fli\u0259bbas Salahzad\u0259 d\u00fcn\u0259n i\u015fd\u0259n \u00e7\u0131xmaq bar\u0259d\u0259 \u0259riz\u0259 verib v\u0259 bu g\u00fcnd\u0259n i\u015f\u0259 \u00e7\u0131xm\u0131r. Qeyd ed\u0259k ki, fevral\u0131n 9-da Milli M\u0259clis\u0259 ke\u00e7iril\u0259n n\u00f6vb\u0259d\u0259nk\u0259nar se\u00e7kil\u0259rd\u0259 A. H\u0259s\u0259nova 32 sayl\u0131 Suraxan\u0131 \u00dc\u00e7\u00fcnc\u00fc, \u018f. Salahov 27 sayl\u0131 Sabun\u00e7u \u0130kinci Se\u00e7ki Dair\u0259sind\u0259n deputat se\u00e7ilibl\u0259r. Se\u00e7ki M\u0259c\u0259ll\u0259sinin 173.3-c\u00fc&hellip;<\/p>\n","protected":false},"author":2,"featured_media":139289,"comment_status":"closed","ping_status":"closed","sticky":false,"template":"","format":"standard","meta":{"om_disable_all_campaigns":false,"_monsterinsights_skip_tracking":false,"_monsterinsights_sitenote_active":false,"_monsterinsights_sitenote_note":"","_monsterinsights_sitenote_category":0},"categories":[1],"tags":[],"aioseo_notices":[],"gutentor_comment":0,"rttpg_featured_image_url":{"full":["https:\/\/arantv.az\/wp-content\/uploads\/2020\/03\/1583497774.dddddddddd.jpg",600,400,false],"landscape":["https:\/\/arantv.az\/wp-content\/uploads\/2020\/03\/1583497774.dddddddddd.jpg",600,400,false],"portraits":["https:\/\/arantv.az\/wp-content\/uploads\/2020\/03\/1583497774.dddddddddd.jpg",600,400,false],"thumbnail":["https:\/\/arantv.az\/wp-content\/uploads\/2020\/03\/1583497774.dddddddddd-150x150.jpg",150,150,true],"medium":["https:\/\/arantv.az\/wp-content\/uploads\/2020\/03\/1583497774.dddddddddd-300x200.jpg",300,200,true],"large":["https:\/\/arantv.az\/wp-content\/uploads\/2020\/03\/1583497774.dddddddddd.jpg",600,400,false],"1536x1536":["https:\/\/arantv.az\/wp-content\/uploads\/2020\/03\/1583497774.dddddddddd.jpg",600,400,false],"2048x2048":["https:\/\/arantv.az\/wp-content\/uploads\/2020\/03\/1583497774.dddddddddd.jpg",600,400,false],"post-thumbnail":["https:\/\/arantv.az\/wp-content\/uploads\/2020\/03\/1583497774.dddddddddd-240x172.jpg",240,172,true],"advps-thumb-one":["https:\/\/arantv.az\/wp-content\/uploads\/2020\/03\/1583497774.dddddddddd.jpg",600,400,false]},"rttpg_author":{"display_name":"V\u00fcsal Rafiqo\u011flu","author_link":"https:\/\/arantv.az\/?author=2"},"rttpg_comment":0,"rttpg_category":"<a href=\"https:\/\/arantv.az\/?cat=1\" rel=\"category\">C\u0259miyy\u0259t<\/a>","rttpg_excerpt":"Konstitusiya M\u0259hk\u0259m\u0259sinin Milli M\u0259clis\u0259 se\u00e7kil\u0259rin yekunlar\u0131n\u0131 t\u0259sdiql\u0259m\u0259si il\u0259 \u0259laq\u0259dar Suraxan\u0131 \u0130cra Hakimiyy\u0259ti ba\u015f\u00e7\u0131s\u0131n\u0131n m\u00fcavini Af\u0259t H\u0259s\u0259nova i\u015fd\u0259n \u00e7\u0131x\u0131b. ARANTV.AZ\u00a0\u00a0x\u0259b\u0259r verir ki, bu bar\u0259d\u0259 APA-ya Suraxan\u0131 \u0130cra Hakimiyy\u0259tind\u0259n m\u0259lumat verilib. Sabun\u00e7u rayon \u0130cra Hakimiyy\u0259tind\u0259n d\u0259 bildirilib ki, Sabun\u00e7u rayon \u0130cra Hakimiyy\u0259ti Aparat\u0131n\u0131n \u0130ctimai siyasi v\u0259 humanitar m\u0259s\u0259l\u0259l\u0259r \u015f\u00f6b\u0259sinin m\u00fcdiri \u018fli\u0259bbas Salahzad\u0259 d\u00fcn\u0259n i\u015fd\u0259n \u00e7\u0131xmaq bar\u0259d\u0259 \u0259riz\u0259&hellip;","_links":{"self":[{"href":"https:\/\/arantv.az\/index.php?rest_route=\/wp\/v2\/posts\/139288"}],"collection":[{"href":"https:\/\/arantv.az\/index.php?rest_route=\/wp\/v2\/posts"}],"about":[{"href":"https:\/\/arantv.az\/index.php?rest_route=\/wp\/v2\/types\/post"}],"author":[{"embeddable":true,"href":"https:\/\/arantv.az\/index.php?rest_route=\/wp\/v2\/users\/2"}],"replies":[{"embeddable":true,"href":"https:\/\/arantv.az\/index.php?rest_route=%2Fwp%2Fv2%2Fcomments&post=139288"}],"version-history":[{"count":0,"href":"https:\/\/arantv.az\/index.php?rest_route=\/wp\/v2\/posts\/139288\/revisions"}],"wp:featuredmedia":[{"embeddable":true,"href":"https:\/\/arantv.az\/index.php?rest_route=\/wp\/v2\/media\/139289"}],"wp:attachment":[{"href":"https:\/\/arantv.az\/index.php?rest_route=%2Fwp%2Fv2%2Fmedia&parent=139288"}],"wp:term":[{"taxonomy":"category","embeddable":true,"href":"https:\/\/arantv.az\/index.php?rest_route=%2Fwp%2Fv2%2Fcategories&post=139288"},{"taxonomy":"post_tag","embeddable":true,"href":"https:\/\/arantv.az\/index.php?rest_route=%2Fwp%2Fv2%2Ftags&post=139288"}],"curies":[{"name":"wp","href":"https:\/\/api.w.org\/{rel}","templated":true}]}}