{"id":139296,"date":"2020-03-06T16:03:06","date_gmt":"2020-03-06T13:03:06","guid":{"rendered":"http:\/\/arantv.az\/?p=139296"},"modified":"2020-03-06T16:03:06","modified_gmt":"2020-03-06T13:03:06","slug":"ramiz-mehdiyevd%c9%99n-kitabxanaya-abun%c9%99liyin-150-manat-olmasina-gor%c9%99-isd%c9%99n-cixarilan-direktorun-yerin%c9%99-t%c9%99yinat","status":"publish","type":"post","link":"https:\/\/arantv.az\/?p=139296","title":{"rendered":"Ramiz Mehdiyevd\u0259n kitabxanaya abun\u0259liyin 150 manat olmas\u0131na g\u00f6r\u0259 i\u015fd\u0259n \u00e7\u0131xar\u0131lan direktorun yerin\u0259 T\u018fY\u0130NAT"},"content":{"rendered":"<p>Sevil Z\u00fclf\u00fcqarova AMEA-n\u0131n M\u0259rk\u0259zi Elmi Kitabxanas\u0131n\u0131n direktoru v\u0259zif\u0259sin\u0259 t\u0259yin olunub.<\/p>\n<p>Bununla ba\u011fl\u0131 Az\u0259rbaycan Milli Elml\u0259r Akademiyas\u0131 m\u0259lumat yay\u0131b.<\/p>\n<p>Qeyd ed\u0259k ki, ixtisasl\u0131 ali t\u0259hsilli kitabxana\u00e7\u0131 olan Sevil Z\u00fclf\u00fcqarova 2010-cu ild\u0259n M\u0259rk\u0259zi Elmi Kitabxanada \u00e7al\u0131\u015f\u0131b.<\/p>\n<p>Bundan \u0259vv\u0259l is\u0259 o, AMEA N\u0259simi ad\u0131na Dil\u00e7ilik \u0130nstitutunun Kitabxanas\u0131n\u0131n direktoru olub.<\/p>\n<p>Xat\u0131rladaq ki, bir ne\u00e7\u0259 g\u00fcn \u0259vv\u0259l\u00a0Az\u0259rbaycan Milli Elml\u0259r Akademiyas\u0131nda kitabxanaya abun\u0259lik qiym\u0259tinin 150 manata qald\u0131r\u0131ld\u0131\u011f\u0131 il\u0259 ba\u011fl\u0131 m\u0259lumat yay\u0131l\u0131b.<\/p>\n<p>Bundan sonra\u00a0M\u0259rk\u0259zi Elmi Kitabxanan\u0131n direktoru, tibb \u00fczr\u0259 f\u0259ls\u0259f\u0259 doktoru Leyla \u0130manova v\u0259zif\u0259sind\u0259n azad olunub.<\/p>\n","protected":false},"excerpt":{"rendered":"<p>Sevil Z\u00fclf\u00fcqarova AMEA-n\u0131n M\u0259rk\u0259zi Elmi Kitabxanas\u0131n\u0131n direktoru v\u0259zif\u0259sin\u0259 t\u0259yin olunub. Bununla ba\u011fl\u0131 Az\u0259rbaycan Milli Elml\u0259r Akademiyas\u0131 m\u0259lumat yay\u0131b. Qeyd ed\u0259k ki, ixtisasl\u0131 ali t\u0259hsilli kitabxana\u00e7\u0131 olan Sevil Z\u00fclf\u00fcqarova 2010-cu ild\u0259n M\u0259rk\u0259zi Elmi Kitabxanada \u00e7al\u0131\u015f\u0131b. Bundan \u0259vv\u0259l is\u0259 o, AMEA N\u0259simi ad\u0131na Dil\u00e7ilik \u0130nstitutunun Kitabxanas\u0131n\u0131n direktoru olub. Xat\u0131rladaq ki, bir ne\u00e7\u0259 g\u00fcn \u0259vv\u0259l\u00a0Az\u0259rbaycan Milli Elml\u0259r Akademiyas\u0131nda kitabxanaya abun\u0259lik qiym\u0259tinin 150 manata qald\u0131r\u0131ld\u0131\u011f\u0131 il\u0259 ba\u011fl\u0131 m\u0259lumat yay\u0131l\u0131b. Bundan sonra\u00a0M\u0259rk\u0259zi Elmi Kitabxanan\u0131n direktoru, tibb \u00fczr\u0259 f\u0259ls\u0259f\u0259 doktoru Leyla \u0130manova v\u0259zif\u0259sind\u0259n azad olunub.<\/p>\n","protected":false},"author":2,"featured_media":139297,"comment_status":"closed","ping_status":"closed","sticky":false,"template":"","format":"standard","meta":{"om_disable_all_campaigns":false,"_monsterinsights_skip_tracking":false,"_monsterinsights_sitenote_active":false,"_monsterinsights_sitenote_note":"","_monsterinsights_sitenote_category":0},"categories":[1],"tags":[],"aioseo_notices":[],"gutentor_comment":0,"rttpg_featured_image_url":{"full":["https:\/\/arantv.az\/wp-content\/uploads\/2020\/03\/M\u00c9_rk\u00c9_zi_Elmi_Kitabxanan\u00c4\u00b1n_binas\u00c4\u00b1.jpg",620,372,false],"landscape":["https:\/\/arantv.az\/wp-content\/uploads\/2020\/03\/M\u00c9_rk\u00c9_zi_Elmi_Kitabxanan\u00c4\u00b1n_binas\u00c4\u00b1.jpg",620,372,false],"portraits":["https:\/\/arantv.az\/wp-content\/uploads\/2020\/03\/M\u00c9_rk\u00c9_zi_Elmi_Kitabxanan\u00c4\u00b1n_binas\u00c4\u00b1.jpg",620,372,false],"thumbnail":["https:\/\/arantv.az\/wp-content\/uploads\/2020\/03\/M\u00c9_rk\u00c9_zi_Elmi_Kitabxanan\u00c4\u00b1n_binas\u00c4\u00b1-150x150.jpg",150,150,true],"medium":["https:\/\/arantv.az\/wp-content\/uploads\/2020\/03\/M\u00c9_rk\u00c9_zi_Elmi_Kitabxanan\u00c4\u00b1n_binas\u00c4\u00b1-300x180.jpg",300,180,true],"large":["https:\/\/arantv.az\/wp-content\/uploads\/2020\/03\/M\u00c9_rk\u00c9_zi_Elmi_Kitabxanan\u00c4\u00b1n_binas\u00c4\u00b1.jpg",620,372,false],"1536x1536":["https:\/\/arantv.az\/wp-content\/uploads\/2020\/03\/M\u00c9_rk\u00c9_zi_Elmi_Kitabxanan\u00c4\u00b1n_binas\u00c4\u00b1.jpg",620,372,false],"2048x2048":["https:\/\/arantv.az\/wp-content\/uploads\/2020\/03\/M\u00c9_rk\u00c9_zi_Elmi_Kitabxanan\u00c4\u00b1n_binas\u00c4\u00b1.jpg",620,372,false],"post-thumbnail":["https:\/\/arantv.az\/wp-content\/uploads\/2020\/03\/M\u00c9_rk\u00c9_zi_Elmi_Kitabxanan\u00c4\u00b1n_binas\u00c4\u00b1-240x172.jpg",240,172,true],"advps-thumb-one":["https:\/\/arantv.az\/wp-content\/uploads\/2020\/03\/M\u00c9_rk\u00c9_zi_Elmi_Kitabxanan\u00c4\u00b1n_binas\u00c4\u00b1.jpg",620,372,false]},"rttpg_author":{"display_name":"V\u00fcsal Rafiqo\u011flu","author_link":"https:\/\/arantv.az\/?author=2"},"rttpg_comment":0,"rttpg_category":"<a href=\"https:\/\/arantv.az\/?cat=1\" rel=\"category\">C\u0259miyy\u0259t<\/a>","rttpg_excerpt":"Sevil Z\u00fclf\u00fcqarova AMEA-n\u0131n M\u0259rk\u0259zi Elmi Kitabxanas\u0131n\u0131n direktoru v\u0259zif\u0259sin\u0259 t\u0259yin olunub. Bununla ba\u011fl\u0131 Az\u0259rbaycan Milli Elml\u0259r Akademiyas\u0131 m\u0259lumat yay\u0131b. Qeyd ed\u0259k ki, ixtisasl\u0131 ali t\u0259hsilli kitabxana\u00e7\u0131 olan Sevil Z\u00fclf\u00fcqarova 2010-cu ild\u0259n M\u0259rk\u0259zi Elmi Kitabxanada \u00e7al\u0131\u015f\u0131b. Bundan \u0259vv\u0259l is\u0259 o, AMEA N\u0259simi ad\u0131na Dil\u00e7ilik \u0130nstitutunun Kitabxanas\u0131n\u0131n direktoru olub. Xat\u0131rladaq ki, bir ne\u00e7\u0259 g\u00fcn \u0259vv\u0259l\u00a0Az\u0259rbaycan Milli Elml\u0259r Akademiyas\u0131nda&hellip;","_links":{"self":[{"href":"https:\/\/arantv.az\/index.php?rest_route=\/wp\/v2\/posts\/139296"}],"collection":[{"href":"https:\/\/arantv.az\/index.php?rest_route=\/wp\/v2\/posts"}],"about":[{"href":"https:\/\/arantv.az\/index.php?rest_route=\/wp\/v2\/types\/post"}],"author":[{"embeddable":true,"href":"https:\/\/arantv.az\/index.php?rest_route=\/wp\/v2\/users\/2"}],"replies":[{"embeddable":true,"href":"https:\/\/arantv.az\/index.php?rest_route=%2Fwp%2Fv2%2Fcomments&post=139296"}],"version-history":[{"count":0,"href":"https:\/\/arantv.az\/index.php?rest_route=\/wp\/v2\/posts\/139296\/revisions"}],"wp:featuredmedia":[{"embeddable":true,"href":"https:\/\/arantv.az\/index.php?rest_route=\/wp\/v2\/media\/139297"}],"wp:attachment":[{"href":"https:\/\/arantv.az\/index.php?rest_route=%2Fwp%2Fv2%2Fmedia&parent=139296"}],"wp:term":[{"taxonomy":"category","embeddable":true,"href":"https:\/\/arantv.az\/index.php?rest_route=%2Fwp%2Fv2%2Fcategories&post=139296"},{"taxonomy":"post_tag","embeddable":true,"href":"https:\/\/arantv.az\/index.php?rest_route=%2Fwp%2Fv2%2Ftags&post=139296"}],"curies":[{"name":"wp","href":"https:\/\/api.w.org\/{rel}","templated":true}]}}