{"id":139300,"date":"2020-03-06T16:03:46","date_gmt":"2020-03-06T13:03:46","guid":{"rendered":"http:\/\/arantv.az\/?p=139300"},"modified":"2020-03-06T16:03:46","modified_gmt":"2020-03-06T13:03:46","slug":"az%c9%99rbaycanda-yeni-asc-yaradildi-t%c9%99yinat","status":"publish","type":"post","link":"https:\/\/arantv.az\/?p=139300","title":{"rendered":"Az\u0259rbaycanda yeni ASC yarad\u0131ld\u0131 &#8211; T\u018fY\u0130NAT"},"content":{"rendered":"<p>Nax\u00e7\u0131van Muxtar Respublikas\u0131n\u0131n Ali M\u0259clisinin s\u0259dri Vasif Tal\u0131bov \u201cNax\u00e7\u0131van Meliorasiya v\u0259 Su T\u0259s\u0259rr\u00fcfat\u0131\u201d ASC-nin yarad\u0131lmas\u0131 haqq\u0131nda f\u0259rman\u00a0<a href=\"https:\/\/nuhcixan.az\/news\/resmi-xronika\/26895-naxcivanda-yeni-aciq-sehmdar-cemiyyet-yaradildi\" target=\"_blank\" rel=\"noopener\">imzalay\u0131b<\/a>.<\/p>\n<p>F\u0259rmana \u0259sas\u0259n, yeni qurum Nax\u00e7\u0131vandak\u0131 D\u00f6vl\u0259t Meliorasiya v\u0259 Su T\u0259s\u0259rr\u00fcfat\u0131 Komit\u0259sinin \u0259sas\u0131nda yarad\u0131l\u0131b.<\/p>\n<p>F\u0259rmanla yeni s\u0259hmdar c\u0259miyy\u0259tinin nizamnam\u0259si t\u0259sdiq edilib, yerli Nazirl\u0259r Kabinetin\u0259 f\u0259rmandan ir\u0259li g\u0259l\u0259n m\u0259s\u0259l\u0259l\u0259ri h\u0259ll etm\u0259k tap\u015f\u0131r\u0131l\u0131b.<\/p>\n<p>Vasif Tal\u0131bov Y\u0259hya Allahverdiyevi\u00a0ASC-nin s\u0259dri\u00a0<a href=\"https:\/\/nuhcixan.az\/news\/resmi-xronika\/26896-yehya-allahverdiyev-yeni-vezifeye-teyin-edildi\" target=\"_blank\" rel=\"noopener\">t\u0259yin edib<\/a>.<\/p>\n","protected":false},"excerpt":{"rendered":"<p>Nax\u00e7\u0131van Muxtar Respublikas\u0131n\u0131n Ali M\u0259clisinin s\u0259dri Vasif Tal\u0131bov \u201cNax\u00e7\u0131van Meliorasiya v\u0259 Su T\u0259s\u0259rr\u00fcfat\u0131\u201d ASC-nin yarad\u0131lmas\u0131 haqq\u0131nda f\u0259rman\u00a0imzalay\u0131b. F\u0259rmana \u0259sas\u0259n, yeni qurum Nax\u00e7\u0131vandak\u0131 D\u00f6vl\u0259t Meliorasiya v\u0259 Su T\u0259s\u0259rr\u00fcfat\u0131 Komit\u0259sinin \u0259sas\u0131nda yarad\u0131l\u0131b. F\u0259rmanla yeni s\u0259hmdar c\u0259miyy\u0259tinin nizamnam\u0259si t\u0259sdiq edilib, yerli Nazirl\u0259r Kabinetin\u0259 f\u0259rmandan ir\u0259li g\u0259l\u0259n m\u0259s\u0259l\u0259l\u0259ri h\u0259ll etm\u0259k tap\u015f\u0131r\u0131l\u0131b. Vasif Tal\u0131bov Y\u0259hya Allahverdiyevi\u00a0ASC-nin s\u0259dri\u00a0t\u0259yin edib.<\/p>\n","protected":false},"author":2,"featured_media":139301,"comment_status":"closed","ping_status":"closed","sticky":false,"template":"","format":"standard","meta":{"om_disable_all_campaigns":false,"_monsterinsights_skip_tracking":false,"_monsterinsights_sitenote_active":false,"_monsterinsights_sitenote_note":"","_monsterinsights_sitenote_category":0},"categories":[4],"tags":[],"aioseo_notices":[],"gutentor_comment":0,"rttpg_featured_image_url":{"full":["https:\/\/arantv.az\/wp-content\/uploads\/2020\/03\/t\u00c9_yinat.jpg",620,404,false],"landscape":["https:\/\/arantv.az\/wp-content\/uploads\/2020\/03\/t\u00c9_yinat.jpg",620,404,false],"portraits":["https:\/\/arantv.az\/wp-content\/uploads\/2020\/03\/t\u00c9_yinat.jpg",620,404,false],"thumbnail":["https:\/\/arantv.az\/wp-content\/uploads\/2020\/03\/t\u00c9_yinat-150x150.jpg",150,150,true],"medium":["https:\/\/arantv.az\/wp-content\/uploads\/2020\/03\/t\u00c9_yinat-300x195.jpg",300,195,true],"large":["https:\/\/arantv.az\/wp-content\/uploads\/2020\/03\/t\u00c9_yinat.jpg",620,404,false],"1536x1536":["https:\/\/arantv.az\/wp-content\/uploads\/2020\/03\/t\u00c9_yinat.jpg",620,404,false],"2048x2048":["https:\/\/arantv.az\/wp-content\/uploads\/2020\/03\/t\u00c9_yinat.jpg",620,404,false],"post-thumbnail":["https:\/\/arantv.az\/wp-content\/uploads\/2020\/03\/t\u00c9_yinat-240x172.jpg",240,172,true],"advps-thumb-one":["https:\/\/arantv.az\/wp-content\/uploads\/2020\/03\/t\u00c9_yinat.jpg",620,404,false]},"rttpg_author":{"display_name":"V\u00fcsal Rafiqo\u011flu","author_link":"https:\/\/arantv.az\/?author=2"},"rttpg_comment":0,"rttpg_category":"<a href=\"https:\/\/arantv.az\/?cat=4\" rel=\"category\">Siyas\u0259t<\/a>","rttpg_excerpt":"Nax\u00e7\u0131van Muxtar Respublikas\u0131n\u0131n Ali M\u0259clisinin s\u0259dri Vasif Tal\u0131bov \u201cNax\u00e7\u0131van Meliorasiya v\u0259 Su T\u0259s\u0259rr\u00fcfat\u0131\u201d ASC-nin yarad\u0131lmas\u0131 haqq\u0131nda f\u0259rman\u00a0imzalay\u0131b. F\u0259rmana \u0259sas\u0259n, yeni qurum Nax\u00e7\u0131vandak\u0131 D\u00f6vl\u0259t Meliorasiya v\u0259 Su T\u0259s\u0259rr\u00fcfat\u0131 Komit\u0259sinin \u0259sas\u0131nda yarad\u0131l\u0131b. F\u0259rmanla yeni s\u0259hmdar c\u0259miyy\u0259tinin nizamnam\u0259si t\u0259sdiq edilib, yerli Nazirl\u0259r Kabinetin\u0259 f\u0259rmandan ir\u0259li g\u0259l\u0259n m\u0259s\u0259l\u0259l\u0259ri h\u0259ll etm\u0259k tap\u015f\u0131r\u0131l\u0131b. Vasif Tal\u0131bov Y\u0259hya Allahverdiyevi\u00a0ASC-nin s\u0259dri\u00a0t\u0259yin edib.","_links":{"self":[{"href":"https:\/\/arantv.az\/index.php?rest_route=\/wp\/v2\/posts\/139300"}],"collection":[{"href":"https:\/\/arantv.az\/index.php?rest_route=\/wp\/v2\/posts"}],"about":[{"href":"https:\/\/arantv.az\/index.php?rest_route=\/wp\/v2\/types\/post"}],"author":[{"embeddable":true,"href":"https:\/\/arantv.az\/index.php?rest_route=\/wp\/v2\/users\/2"}],"replies":[{"embeddable":true,"href":"https:\/\/arantv.az\/index.php?rest_route=%2Fwp%2Fv2%2Fcomments&post=139300"}],"version-history":[{"count":0,"href":"https:\/\/arantv.az\/index.php?rest_route=\/wp\/v2\/posts\/139300\/revisions"}],"wp:featuredmedia":[{"embeddable":true,"href":"https:\/\/arantv.az\/index.php?rest_route=\/wp\/v2\/media\/139301"}],"wp:attachment":[{"href":"https:\/\/arantv.az\/index.php?rest_route=%2Fwp%2Fv2%2Fmedia&parent=139300"}],"wp:term":[{"taxonomy":"category","embeddable":true,"href":"https:\/\/arantv.az\/index.php?rest_route=%2Fwp%2Fv2%2Fcategories&post=139300"},{"taxonomy":"post_tag","embeddable":true,"href":"https:\/\/arantv.az\/index.php?rest_route=%2Fwp%2Fv2%2Ftags&post=139300"}],"curies":[{"name":"wp","href":"https:\/\/api.w.org\/{rel}","templated":true}]}}