{"id":139312,"date":"2020-03-06T16:07:44","date_gmt":"2020-03-06T13:07:44","guid":{"rendered":"http:\/\/arantv.az\/?p=139312"},"modified":"2020-03-06T16:07:44","modified_gmt":"2020-03-06T13:07:44","slug":"p%c9%99rvin-k%c9%99rimzad%c9%99-olk%c9%99mizin-butun-bolg%c9%99l%c9%99rind%c9%99-abadliq-quruculuq-isl%c9%99ri-ugurla-aparilir","status":"publish","type":"post","link":"https:\/\/arantv.az\/?p=139312","title":{"rendered":"P\u0259rvin K\u0259rimzad\u0259: \u00d6lk\u0259mizin b\u00fct\u00fcn b\u00f6lg\u0259l\u0259rind\u0259 abadl\u0131q-quruculuq i\u015fl\u0259ri u\u011furla apar\u0131l\u0131r"},"content":{"rendered":"<p>&#8220;Az\u0259rbaycan\u0131n m\u00fcasir tarixind\u0259 yeni s\u0259hif\u0259l\u0259r a\u00e7an dinamik inki\u015faf, sabitlik, dayan\u0131ql\u0131 iqtisadiyyat, ciddi islahatlar bir-birini \u0259v\u0259z edir&#8221;.<\/p>\n<p><strong>ARANTV.AZ<\/strong> x\u0259b\u0259r verir ki, bunu\u00a0<a href=\"https:\/\/az.trend.az\/\" target=\"_blank\" rel=\"noopener\">Trend<\/a>-\u0259 VI \u00e7a\u011f\u0131r\u0131\u015f Milli M\u0259clisin deputat\u0131 P\u0259rvin K\u0259rimzad\u0259 deyib.<\/p>\n<p>Deputat bildirib ki, \u00f6lk\u0259 Prezidenti \u0130lham \u018fliyevin milli maraqlara s\u00f6yk\u0259n\u0259n praqmatik siyas\u0259tinin f\u00f6vq\u00fcnd\u0259 \u0259ld\u0259 olunan iqtisadi dividendl\u0259rin \u0259halinin g\u00fcz\u0259ran\u0131n\u0131n, maddi-rifah hal\u0131n\u0131n y\u00fcks\u0259ldilm\u0259sin\u0259 y\u00f6n\u0259ldilm\u0259si Az\u0259rbaycan\u0131 s\u00fcr\u0259tl\u0259 inki\u015faf ed\u0259n, d\u00fcnyan\u0131n n\u00fcfuzlu \u00f6lk\u0259l\u0259rind\u0259n birin\u0259 \u00e7evirib.<\/p>\n<p>P.K\u0259rimzad\u0259 qeyd edib ki, m\u0259hz Prezident \u0130lham \u018fliyevin konkret h\u0259d\u0259fl\u0259r\u0259 hesablanan siyas\u0259tinin n\u0259tic\u0259sidir ki, bu g\u00fcn paytaxt Bak\u0131 il\u0259 yana\u015f\u0131 \u00f6lk\u0259mizin b\u00fct\u00fcn b\u00f6lg\u0259l\u0259rind\u0259 h\u0259m abadl\u0131q-quruculuq i\u015fl\u0259ri u\u011furla apar\u0131l\u0131r, h\u0259m infrastruktur layih\u0259l\u0259ri icra edilir:<\/p>\n<p>&#8220;\u00d6lk\u0259d\u0259 apar\u0131lan geni\u015fmiqyasl\u0131 quruculuq i\u015fl\u0259ri \u00f6lk\u0259nin \u0259n ucqar n\u00f6qt\u0259l\u0259rini, ya\u015fay\u0131\u015f sah\u0259l\u0259rini, q\u0259s\u0259b\u0259l\u0259ri \u0259hat\u0259 edib, yaddan \u00e7\u0131xan bir k\u0259nd bel\u0259 qalmay\u0131b.<\/p>\n<p>Q\u0259dim tarixi, z\u0259ngin m\u0259d\u0259niyy\u0259ti olan G\u0259nc\u0259 \u015f\u0259h\u0259ri d\u0259 Prezident \u0130lham \u018fliyevin diqq\u0259t v\u0259 qay\u011f\u0131s\u0131 say\u0259sind\u0259 \u00f6lk\u0259d\u0259 geni\u015f v\u00fcs\u0259t alan t\u0259r\u0259qqid\u0259n, inki\u015fafdan k\u0259narda qalmad\u0131, g\u00fcn\u00fc-g\u00fcnd\u0259n g\u00f6z\u0259ll\u0259\u015f\u0259n, f\u00fcsunkar bir \u015f\u0259h\u0259r\u0259 \u00e7evrildi. Bu g\u00fcnl\u0259rd\u0259 \u00f6lk\u0259mizl\u0259 d\u00fcnya banklar\u0131 s\u0131ras\u0131nda x\u00fcsusi yer tutan Avropa Yenid\u0259nqurma v\u0259 \u0130nki\u015faf Bank\u0131 aras\u0131nda G\u0259nc\u0259nin \u015f\u0259h\u0259r layih\u0259l\u0259rinin i\u015fl\u0259nib haz\u0131rlanmas\u0131na dair raz\u0131l\u0131\u011f\u0131n \u0259ld\u0259 edilm\u0259si, q\u0259dim \u015f\u0259h\u0259rin Bank\u0131n Ya\u015f\u0131l \u015e\u0259h\u0259rl\u0259r proqram\u0131na qo\u015fulmas\u0131 Az\u0259rbaycan Respublikas\u0131n\u0131n Prezidenti \u0130lham \u018fliyev yanvar\u0131n 21-d\u0259 Davosda Avropa Yenid\u0259nqurma v\u0259 \u0130nki\u015faf Bank\u0131n\u0131n prezidenti Suma \u00c7akrabarti il\u0259 g\u00f6r\u00fc\u015f\u00fcn\u00fcn b\u0259hr\u0259sidir.<\/p>\n<p>Bank\u0131n Az\u0259rbaycanda m\u00f6vcud \u0259lveri\u015fli investisiya m\u00fchitind\u0259n yararlanaraq f\u0259aliyy\u0259tini daha da geni\u015fl\u0259ndirm\u0259k \u00fc\u00e7\u00fcn b\u00f6y\u00fck imkanlar\u0131n\u0131n oldu\u011funu n\u0259z\u0259r\u0259 alsaq, bu raz\u0131l\u0131\u011f\u0131n G\u0259nc\u0259nin bundan sonra da d\u0259yi\u015f\u0259r\u0259k, yeni g\u00f6rk\u0259m almas\u0131nda yeni s\u0259hif\u0259l\u0259r a\u00e7acaq. Bank t\u0259r\u0259find\u0259n maliyy\u0259l\u0259\u015fdiril\u0259n layih\u0259l\u0259rin h\u0259yata ke\u00e7irilm\u0259si G\u0259nc\u0259nin co\u015fqulu, qaynar h\u0259yat\u0131n\u0131n heyranedici m\u0259nz\u0259r\u0259sin\u0259 r\u0259ng qatacaq&#8221;.<\/p>\n","protected":false},"excerpt":{"rendered":"<p>&#8220;Az\u0259rbaycan\u0131n m\u00fcasir tarixind\u0259 yeni s\u0259hif\u0259l\u0259r a\u00e7an dinamik inki\u015faf, sabitlik, dayan\u0131ql\u0131 iqtisadiyyat, ciddi islahatlar bir-birini \u0259v\u0259z edir&#8221;. ARANTV.AZ x\u0259b\u0259r verir ki, bunu\u00a0Trend-\u0259 VI \u00e7a\u011f\u0131r\u0131\u015f Milli M\u0259clisin deputat\u0131 P\u0259rvin K\u0259rimzad\u0259 deyib. Deputat bildirib ki, \u00f6lk\u0259 Prezidenti \u0130lham \u018fliyevin milli maraqlara s\u00f6yk\u0259n\u0259n praqmatik siyas\u0259tinin f\u00f6vq\u00fcnd\u0259 \u0259ld\u0259 olunan iqtisadi dividendl\u0259rin \u0259halinin g\u00fcz\u0259ran\u0131n\u0131n, maddi-rifah hal\u0131n\u0131n y\u00fcks\u0259ldilm\u0259sin\u0259 y\u00f6n\u0259ldilm\u0259si Az\u0259rbaycan\u0131 s\u00fcr\u0259tl\u0259 inki\u015faf ed\u0259n, d\u00fcnyan\u0131n n\u00fcfuzlu \u00f6lk\u0259l\u0259rind\u0259n birin\u0259 \u00e7evirib. P.K\u0259rimzad\u0259 qeyd edib ki, m\u0259hz Prezident \u0130lham \u018fliyevin konkret h\u0259d\u0259fl\u0259r\u0259 hesablanan siyas\u0259tinin n\u0259tic\u0259sidir ki, bu g\u00fcn paytaxt Bak\u0131 il\u0259 yana\u015f\u0131 \u00f6lk\u0259mizin b\u00fct\u00fcn b\u00f6lg\u0259l\u0259rind\u0259 h\u0259m abadl\u0131q-quruculuq i\u015fl\u0259ri u\u011furla apar\u0131l\u0131r, h\u0259m&hellip;<\/p>\n","protected":false},"author":2,"featured_media":139313,"comment_status":"closed","ping_status":"closed","sticky":false,"template":"","format":"standard","meta":{"om_disable_all_campaigns":false,"_monsterinsights_skip_tracking":false,"_monsterinsights_sitenote_active":false,"_monsterinsights_sitenote_note":"","_monsterinsights_sitenote_category":0},"categories":[4],"tags":[],"aioseo_notices":[],"gutentor_comment":0,"rttpg_featured_image_url":{"full":["https:\/\/arantv.az\/wp-content\/uploads\/2020\/03\/831628.jpg",960,692,false],"landscape":["https:\/\/arantv.az\/wp-content\/uploads\/2020\/03\/831628.jpg",960,692,false],"portraits":["https:\/\/arantv.az\/wp-content\/uploads\/2020\/03\/831628.jpg",960,692,false],"thumbnail":["https:\/\/arantv.az\/wp-content\/uploads\/2020\/03\/831628-150x150.jpg",150,150,true],"medium":["https:\/\/arantv.az\/wp-content\/uploads\/2020\/03\/831628-300x216.jpg",300,216,true],"large":["https:\/\/arantv.az\/wp-content\/uploads\/2020\/03\/831628.jpg",640,461,false],"1536x1536":["https:\/\/arantv.az\/wp-content\/uploads\/2020\/03\/831628.jpg",960,692,false],"2048x2048":["https:\/\/arantv.az\/wp-content\/uploads\/2020\/03\/831628.jpg",960,692,false],"post-thumbnail":["https:\/\/arantv.az\/wp-content\/uploads\/2020\/03\/831628-240x172.jpg",240,172,true],"advps-thumb-one":["https:\/\/arantv.az\/wp-content\/uploads\/2020\/03\/831628-960x620.jpg",960,620,true]},"rttpg_author":{"display_name":"V\u00fcsal Rafiqo\u011flu","author_link":"https:\/\/arantv.az\/?author=2"},"rttpg_comment":0,"rttpg_category":"<a href=\"https:\/\/arantv.az\/?cat=4\" rel=\"category\">Siyas\u0259t<\/a>","rttpg_excerpt":"&#8220;Az\u0259rbaycan\u0131n m\u00fcasir tarixind\u0259 yeni s\u0259hif\u0259l\u0259r a\u00e7an dinamik inki\u015faf, sabitlik, dayan\u0131ql\u0131 iqtisadiyyat, ciddi islahatlar bir-birini \u0259v\u0259z edir&#8221;. ARANTV.AZ x\u0259b\u0259r verir ki, bunu\u00a0Trend-\u0259 VI \u00e7a\u011f\u0131r\u0131\u015f Milli M\u0259clisin deputat\u0131 P\u0259rvin K\u0259rimzad\u0259 deyib. Deputat bildirib ki, \u00f6lk\u0259 Prezidenti \u0130lham \u018fliyevin milli maraqlara s\u00f6yk\u0259n\u0259n praqmatik siyas\u0259tinin f\u00f6vq\u00fcnd\u0259 \u0259ld\u0259 olunan iqtisadi dividendl\u0259rin \u0259halinin g\u00fcz\u0259ran\u0131n\u0131n, maddi-rifah hal\u0131n\u0131n y\u00fcks\u0259ldilm\u0259sin\u0259 y\u00f6n\u0259ldilm\u0259si Az\u0259rbaycan\u0131 s\u00fcr\u0259tl\u0259 inki\u015faf&hellip;","_links":{"self":[{"href":"https:\/\/arantv.az\/index.php?rest_route=\/wp\/v2\/posts\/139312"}],"collection":[{"href":"https:\/\/arantv.az\/index.php?rest_route=\/wp\/v2\/posts"}],"about":[{"href":"https:\/\/arantv.az\/index.php?rest_route=\/wp\/v2\/types\/post"}],"author":[{"embeddable":true,"href":"https:\/\/arantv.az\/index.php?rest_route=\/wp\/v2\/users\/2"}],"replies":[{"embeddable":true,"href":"https:\/\/arantv.az\/index.php?rest_route=%2Fwp%2Fv2%2Fcomments&post=139312"}],"version-history":[{"count":0,"href":"https:\/\/arantv.az\/index.php?rest_route=\/wp\/v2\/posts\/139312\/revisions"}],"wp:featuredmedia":[{"embeddable":true,"href":"https:\/\/arantv.az\/index.php?rest_route=\/wp\/v2\/media\/139313"}],"wp:attachment":[{"href":"https:\/\/arantv.az\/index.php?rest_route=%2Fwp%2Fv2%2Fmedia&parent=139312"}],"wp:term":[{"taxonomy":"category","embeddable":true,"href":"https:\/\/arantv.az\/index.php?rest_route=%2Fwp%2Fv2%2Fcategories&post=139312"},{"taxonomy":"post_tag","embeddable":true,"href":"https:\/\/arantv.az\/index.php?rest_route=%2Fwp%2Fv2%2Ftags&post=139312"}],"curies":[{"name":"wp","href":"https:\/\/api.w.org\/{rel}","templated":true}]}}