{"id":139345,"date":"2020-03-06T16:31:06","date_gmt":"2020-03-06T13:31:06","guid":{"rendered":"http:\/\/arantv.az\/?p=139345"},"modified":"2020-03-06T16:31:06","modified_gmt":"2020-03-06T13:31:06","slug":"nazir-onu-v%c9%99zif%c9%99sind%c9%99n-azad-etdi","status":"publish","type":"post","link":"https:\/\/arantv.az\/?p=139345","title":{"rendered":"Nazir onu v\u0259zif\u0259sind\u0259n azad etdi"},"content":{"rendered":"<p>C\u0259f\u0259r Cabbarl\u0131 ad\u0131na Az\u0259rbaycan Kinostudiyas\u0131n\u0131n direktoru C\u0259mil Quliyev v\u0259zif\u0259sind\u0259n azad olunub.<\/p>\n<p><strong>ARANTV.AZ<\/strong>-\u0131n m\u0259lumat\u0131na g\u00f6r\u0259, M\u0259d\u0259niyy\u0259t naziri \u018fb\u00fclf\u0259s Qarayev \u0259mr imzalay\u0131b.<\/p>\n<div id=\"AdviadNativeVideo0\" class=\"AdviadNativeVideo\"><\/div>\n<p>\u018fmr\u0259 \u0259sas\u0259n, Az\u0259rbaycan Kinostudiyas\u0131n\u0131n direktoru v\u0259zif\u0259sinin icras\u0131 Salnam\u0259 Film Studiyas\u0131n\u0131n direktoru Nazim H\u00fcseynova h\u0259val\u0259 olunub.<\/p>\n<p>M\u0259d\u0259niyy\u0259t Nazirliyinin m\u0259tbuat xidm\u0259ti\u00a0m\u0259lumat\u0131 t\u0259sdiql\u0259yib.APA<\/p>\n","protected":false},"excerpt":{"rendered":"<p>C\u0259f\u0259r Cabbarl\u0131 ad\u0131na Az\u0259rbaycan Kinostudiyas\u0131n\u0131n direktoru C\u0259mil Quliyev v\u0259zif\u0259sind\u0259n azad olunub. ARANTV.AZ-\u0131n m\u0259lumat\u0131na g\u00f6r\u0259, M\u0259d\u0259niyy\u0259t naziri \u018fb\u00fclf\u0259s Qarayev \u0259mr imzalay\u0131b. \u018fmr\u0259 \u0259sas\u0259n, Az\u0259rbaycan Kinostudiyas\u0131n\u0131n direktoru v\u0259zif\u0259sinin icras\u0131 Salnam\u0259 Film Studiyas\u0131n\u0131n direktoru Nazim H\u00fcseynova h\u0259val\u0259 olunub. M\u0259d\u0259niyy\u0259t Nazirliyinin m\u0259tbuat xidm\u0259ti\u00a0m\u0259lumat\u0131 t\u0259sdiql\u0259yib.APA<\/p>\n","protected":false},"author":2,"featured_media":139346,"comment_status":"closed","ping_status":"closed","sticky":false,"template":"","format":"standard","meta":{"om_disable_all_campaigns":false,"_monsterinsights_skip_tracking":false,"_monsterinsights_sitenote_active":false,"_monsterinsights_sitenote_note":"","_monsterinsights_sitenote_category":0},"categories":[19],"tags":[],"aioseo_notices":[],"gutentor_comment":0,"rttpg_featured_image_url":{"full":["https:\/\/arantv.az\/wp-content\/uploads\/2020\/03\/41416_uk3s674p7j.jpg",620,413,false],"landscape":["https:\/\/arantv.az\/wp-content\/uploads\/2020\/03\/41416_uk3s674p7j.jpg",620,413,false],"portraits":["https:\/\/arantv.az\/wp-content\/uploads\/2020\/03\/41416_uk3s674p7j.jpg",620,413,false],"thumbnail":["https:\/\/arantv.az\/wp-content\/uploads\/2020\/03\/41416_uk3s674p7j-150x150.jpg",150,150,true],"medium":["https:\/\/arantv.az\/wp-content\/uploads\/2020\/03\/41416_uk3s674p7j-300x200.jpg",300,200,true],"large":["https:\/\/arantv.az\/wp-content\/uploads\/2020\/03\/41416_uk3s674p7j.jpg",620,413,false],"1536x1536":["https:\/\/arantv.az\/wp-content\/uploads\/2020\/03\/41416_uk3s674p7j.jpg",620,413,false],"2048x2048":["https:\/\/arantv.az\/wp-content\/uploads\/2020\/03\/41416_uk3s674p7j.jpg",620,413,false],"post-thumbnail":["https:\/\/arantv.az\/wp-content\/uploads\/2020\/03\/41416_uk3s674p7j-240x172.jpg",240,172,true],"advps-thumb-one":["https:\/\/arantv.az\/wp-content\/uploads\/2020\/03\/41416_uk3s674p7j.jpg",620,413,false]},"rttpg_author":{"display_name":"V\u00fcsal Rafiqo\u011flu","author_link":"https:\/\/arantv.az\/?author=2"},"rttpg_comment":0,"rttpg_category":"<a href=\"https:\/\/arantv.az\/?cat=19\" rel=\"category\">G\u00fcnd\u0259m<\/a>","rttpg_excerpt":"C\u0259f\u0259r Cabbarl\u0131 ad\u0131na Az\u0259rbaycan Kinostudiyas\u0131n\u0131n direktoru C\u0259mil Quliyev v\u0259zif\u0259sind\u0259n azad olunub. ARANTV.AZ-\u0131n m\u0259lumat\u0131na g\u00f6r\u0259, M\u0259d\u0259niyy\u0259t naziri \u018fb\u00fclf\u0259s Qarayev \u0259mr imzalay\u0131b. \u018fmr\u0259 \u0259sas\u0259n, Az\u0259rbaycan Kinostudiyas\u0131n\u0131n direktoru v\u0259zif\u0259sinin icras\u0131 Salnam\u0259 Film Studiyas\u0131n\u0131n direktoru Nazim H\u00fcseynova h\u0259val\u0259 olunub. M\u0259d\u0259niyy\u0259t Nazirliyinin m\u0259tbuat xidm\u0259ti\u00a0m\u0259lumat\u0131 t\u0259sdiql\u0259yib.APA","_links":{"self":[{"href":"https:\/\/arantv.az\/index.php?rest_route=\/wp\/v2\/posts\/139345"}],"collection":[{"href":"https:\/\/arantv.az\/index.php?rest_route=\/wp\/v2\/posts"}],"about":[{"href":"https:\/\/arantv.az\/index.php?rest_route=\/wp\/v2\/types\/post"}],"author":[{"embeddable":true,"href":"https:\/\/arantv.az\/index.php?rest_route=\/wp\/v2\/users\/2"}],"replies":[{"embeddable":true,"href":"https:\/\/arantv.az\/index.php?rest_route=%2Fwp%2Fv2%2Fcomments&post=139345"}],"version-history":[{"count":0,"href":"https:\/\/arantv.az\/index.php?rest_route=\/wp\/v2\/posts\/139345\/revisions"}],"wp:featuredmedia":[{"embeddable":true,"href":"https:\/\/arantv.az\/index.php?rest_route=\/wp\/v2\/media\/139346"}],"wp:attachment":[{"href":"https:\/\/arantv.az\/index.php?rest_route=%2Fwp%2Fv2%2Fmedia&parent=139345"}],"wp:term":[{"taxonomy":"category","embeddable":true,"href":"https:\/\/arantv.az\/index.php?rest_route=%2Fwp%2Fv2%2Fcategories&post=139345"},{"taxonomy":"post_tag","embeddable":true,"href":"https:\/\/arantv.az\/index.php?rest_route=%2Fwp%2Fv2%2Ftags&post=139345"}],"curies":[{"name":"wp","href":"https:\/\/api.w.org\/{rel}","templated":true}]}}