{"id":139359,"date":"2020-03-07T08:09:26","date_gmt":"2020-03-07T05:09:26","guid":{"rendered":"http:\/\/arantv.az\/?p=139359"},"modified":"2020-03-07T08:09:26","modified_gmt":"2020-03-07T05:09:26","slug":"nazirlikd%c9%99n-ilham-%c9%99liyevin-irad-bildirdiyi-x%c9%99rit%c9%99-il%c9%99-bagli-aciqlama","status":"publish","type":"post","link":"https:\/\/arantv.az\/?p=139359","title":{"rendered":"Nazirlikd\u0259n \u0130lham \u018fliyevin irad bildirdiyi x\u0259rit\u0259 il\u0259 ba\u011fl\u0131 A\u00c7IQLAMA"},"content":{"rendered":"<p>M\u0259d\u0259niyy\u0259t Nazirliyi Tovuz rayonunda Az\u0259rbaycan A\u015f\u0131q S\u0259n\u0259ti D\u00f6vl\u0259t Muzeyi v\u0259 Tarix-Diyar\u015f\u00fcnasl\u0131q Muzeyinin yeni binalar\u0131n\u0131n a\u00e7\u0131l\u0131\u015f\u0131 zaman\u0131 Prezident \u0130lham \u018fliyevin n\u00fcmayi\u015f olunan x\u0259rit\u0259l\u0259rl\u0259 ba\u011fl\u0131 s\u0259sl\u0259ndirdiyi haql\u0131 iradlarla ba\u011fl\u0131 a\u00e7\u0131qlama verib.<\/p>\n<p>Nazirlikd\u0259n \u201cQafqazinfo\u201dya veril\u0259n m\u0259lumata g\u00f6r\u0259, a\u00e7\u0131l\u0131\u015f zaman\u0131 h\u0259min x\u0259rit\u0259l\u0259rd\u0259 co\u011frafi adlar\u0131n d\u00fczg\u00fcn verilm\u0259si v\u0259 tarixi d\u00f6vrl\u0259rin g\u00f6st\u0259rilm\u0259sinin z\u0259ruriliyi ifad\u0259 edilib:<\/p>\n<p>\u201cBildiririk ki, M\u0259d\u0259niyy\u0259t Nazirliyi yaln\u0131z d\u00f6vl\u0259t t\u0259r\u0259find\u0259n t\u0259sdiq edilmi\u015f x\u0259rit\u0259l\u0259rd\u0259n istifad\u0259 edir.<\/p>\n<div id=\"AdviadNativeVideo0\">M\u0259d\u0259niyy\u0259t Nazirliyi Prezidentin iradlar\u0131n\u0131 n\u0259z\u0259r\u0259 alaraq, verilmi\u015f n\u00f6qsanlar\u0131n aradan qald\u0131r\u0131lmas\u0131 \u00fc\u00e7\u00fcn h\u0259min x\u0259rit\u0259l\u0259rin haz\u0131rlanmas\u0131n\u0131 h\u0259yata ke\u00e7ir\u0259n m\u00fcvafiq orqanlara m\u00fcraci\u0259t edib.<\/div>\n<p>Qeyd ed\u0259k ki, M\u0259d\u0259niyy\u0259t Nazirliyinin tabeliyind\u0259 f\u0259aliyy\u0259t g\u00f6st\u0259r\u0259n dig\u0259r muzey v\u0259 m\u0259d\u0259niyy\u0259t m\u00fc\u0259ssis\u0259l\u0259rind\u0259 d\u0259 ara\u015fd\u0131rmalara ba\u015flan\u0131l\u0131b. Ara\u015fd\u0131rmalar\u0131n n\u0259tic\u0259sin\u0259 uy\u011fun olaraq, a\u015fkar edilmi\u015f analoji n\u00f6qsanlar aradan qald\u0131r\u0131lacaq\u201d.<\/p>\n<p>Nazirliyin m\u0259lumat\u0131nda daha sonra bildirilir ki, Tovuz rayon Tarix-Diyar\u015f\u00fcnasl\u0131q Muzeyi v\u0259 Az\u0259rbaycan A\u015f\u0131q S\u0259n\u0259ti D\u00f6vl\u0259t Muzeyind\u0259ki x\u0259rit\u0259l\u0259r Az\u0259rbaycan Prezidentinin 20 aprel, 2011-ci il tarixli s\u0259r\u0259ncam\u0131na uy\u011fun olaraq yarad\u0131lan Redaksiya Hey\u0259tinin q\u0259rar\u0131 il\u0259 2014-c\u00fc ild\u0259 haz\u0131rlanm\u0131\u015f \u201cAz\u0259rbaycan Respublikas\u0131n\u0131n Milli Atlas\u0131\u201dndan (s\u0259hif\u0259 50-51 v\u0259 395-d\u0259n) g\u00f6t\u00fcr\u00fcl\u00fcb.<\/p>\n","protected":false},"excerpt":{"rendered":"<p>M\u0259d\u0259niyy\u0259t Nazirliyi Tovuz rayonunda Az\u0259rbaycan A\u015f\u0131q S\u0259n\u0259ti D\u00f6vl\u0259t Muzeyi v\u0259 Tarix-Diyar\u015f\u00fcnasl\u0131q Muzeyinin yeni binalar\u0131n\u0131n a\u00e7\u0131l\u0131\u015f\u0131 zaman\u0131 Prezident \u0130lham \u018fliyevin n\u00fcmayi\u015f olunan x\u0259rit\u0259l\u0259rl\u0259 ba\u011fl\u0131 s\u0259sl\u0259ndirdiyi haql\u0131 iradlarla ba\u011fl\u0131 a\u00e7\u0131qlama verib. Nazirlikd\u0259n \u201cQafqazinfo\u201dya veril\u0259n m\u0259lumata g\u00f6r\u0259, a\u00e7\u0131l\u0131\u015f zaman\u0131 h\u0259min x\u0259rit\u0259l\u0259rd\u0259 co\u011frafi adlar\u0131n d\u00fczg\u00fcn verilm\u0259si v\u0259 tarixi d\u00f6vrl\u0259rin g\u00f6st\u0259rilm\u0259sinin z\u0259ruriliyi ifad\u0259 edilib: \u201cBildiririk ki, M\u0259d\u0259niyy\u0259t Nazirliyi yaln\u0131z d\u00f6vl\u0259t t\u0259r\u0259find\u0259n t\u0259sdiq edilmi\u015f x\u0259rit\u0259l\u0259rd\u0259n istifad\u0259 edir. M\u0259d\u0259niyy\u0259t Nazirliyi Prezidentin iradlar\u0131n\u0131 n\u0259z\u0259r\u0259 alaraq, verilmi\u015f n\u00f6qsanlar\u0131n aradan qald\u0131r\u0131lmas\u0131 \u00fc\u00e7\u00fcn h\u0259min x\u0259rit\u0259l\u0259rin haz\u0131rlanmas\u0131n\u0131 h\u0259yata ke\u00e7ir\u0259n m\u00fcvafiq orqanlara m\u00fcraci\u0259t edib. Qeyd ed\u0259k ki, M\u0259d\u0259niyy\u0259t Nazirliyinin tabeliyind\u0259 f\u0259aliyy\u0259t g\u00f6st\u0259r\u0259n dig\u0259r&hellip;<\/p>\n","protected":false},"author":2,"featured_media":139360,"comment_status":"closed","ping_status":"closed","sticky":false,"template":"","format":"standard","meta":{"om_disable_all_campaigns":false,"_monsterinsights_skip_tracking":false,"_monsterinsights_sitenote_active":false,"_monsterinsights_sitenote_note":"","_monsterinsights_sitenote_category":0},"categories":[4],"tags":[],"aioseo_notices":[],"gutentor_comment":0,"rttpg_featured_image_url":{"full":["https:\/\/arantv.az\/wp-content\/uploads\/2020\/03\/789.jpg",620,389,false],"landscape":["https:\/\/arantv.az\/wp-content\/uploads\/2020\/03\/789.jpg",620,389,false],"portraits":["https:\/\/arantv.az\/wp-content\/uploads\/2020\/03\/789.jpg",620,389,false],"thumbnail":["https:\/\/arantv.az\/wp-content\/uploads\/2020\/03\/789-150x150.jpg",150,150,true],"medium":["https:\/\/arantv.az\/wp-content\/uploads\/2020\/03\/789-300x188.jpg",300,188,true],"large":["https:\/\/arantv.az\/wp-content\/uploads\/2020\/03\/789.jpg",620,389,false],"1536x1536":["https:\/\/arantv.az\/wp-content\/uploads\/2020\/03\/789.jpg",620,389,false],"2048x2048":["https:\/\/arantv.az\/wp-content\/uploads\/2020\/03\/789.jpg",620,389,false],"post-thumbnail":["https:\/\/arantv.az\/wp-content\/uploads\/2020\/03\/789-240x172.jpg",240,172,true],"advps-thumb-one":["https:\/\/arantv.az\/wp-content\/uploads\/2020\/03\/789.jpg",620,389,false]},"rttpg_author":{"display_name":"V\u00fcsal Rafiqo\u011flu","author_link":"https:\/\/arantv.az\/?author=2"},"rttpg_comment":0,"rttpg_category":"<a href=\"https:\/\/arantv.az\/?cat=4\" rel=\"category\">Siyas\u0259t<\/a>","rttpg_excerpt":"M\u0259d\u0259niyy\u0259t Nazirliyi Tovuz rayonunda Az\u0259rbaycan A\u015f\u0131q S\u0259n\u0259ti D\u00f6vl\u0259t Muzeyi v\u0259 Tarix-Diyar\u015f\u00fcnasl\u0131q Muzeyinin yeni binalar\u0131n\u0131n a\u00e7\u0131l\u0131\u015f\u0131 zaman\u0131 Prezident \u0130lham \u018fliyevin n\u00fcmayi\u015f olunan x\u0259rit\u0259l\u0259rl\u0259 ba\u011fl\u0131 s\u0259sl\u0259ndirdiyi haql\u0131 iradlarla ba\u011fl\u0131 a\u00e7\u0131qlama verib. Nazirlikd\u0259n \u201cQafqazinfo\u201dya veril\u0259n m\u0259lumata g\u00f6r\u0259, a\u00e7\u0131l\u0131\u015f zaman\u0131 h\u0259min x\u0259rit\u0259l\u0259rd\u0259 co\u011frafi adlar\u0131n d\u00fczg\u00fcn verilm\u0259si v\u0259 tarixi d\u00f6vrl\u0259rin g\u00f6st\u0259rilm\u0259sinin z\u0259ruriliyi ifad\u0259 edilib: \u201cBildiririk ki, M\u0259d\u0259niyy\u0259t Nazirliyi yaln\u0131z d\u00f6vl\u0259t&hellip;","_links":{"self":[{"href":"https:\/\/arantv.az\/index.php?rest_route=\/wp\/v2\/posts\/139359"}],"collection":[{"href":"https:\/\/arantv.az\/index.php?rest_route=\/wp\/v2\/posts"}],"about":[{"href":"https:\/\/arantv.az\/index.php?rest_route=\/wp\/v2\/types\/post"}],"author":[{"embeddable":true,"href":"https:\/\/arantv.az\/index.php?rest_route=\/wp\/v2\/users\/2"}],"replies":[{"embeddable":true,"href":"https:\/\/arantv.az\/index.php?rest_route=%2Fwp%2Fv2%2Fcomments&post=139359"}],"version-history":[{"count":0,"href":"https:\/\/arantv.az\/index.php?rest_route=\/wp\/v2\/posts\/139359\/revisions"}],"wp:featuredmedia":[{"embeddable":true,"href":"https:\/\/arantv.az\/index.php?rest_route=\/wp\/v2\/media\/139360"}],"wp:attachment":[{"href":"https:\/\/arantv.az\/index.php?rest_route=%2Fwp%2Fv2%2Fmedia&parent=139359"}],"wp:term":[{"taxonomy":"category","embeddable":true,"href":"https:\/\/arantv.az\/index.php?rest_route=%2Fwp%2Fv2%2Fcategories&post=139359"},{"taxonomy":"post_tag","embeddable":true,"href":"https:\/\/arantv.az\/index.php?rest_route=%2Fwp%2Fv2%2Ftags&post=139359"}],"curies":[{"name":"wp","href":"https:\/\/api.w.org\/{rel}","templated":true}]}}