{"id":139363,"date":"2020-03-07T08:10:32","date_gmt":"2020-03-07T05:10:32","guid":{"rendered":"http:\/\/arantv.az\/?p=139363"},"modified":"2020-03-07T08:10:32","modified_gmt":"2020-03-07T05:10:32","slug":"bayramqabagi-qiym%c9%99t-artimi-gozl%c9%99nilirmi-video","status":"publish","type":"post","link":"https:\/\/arantv.az\/?p=139363","title":{"rendered":"Bayramqaba\u011f\u0131 qiym\u0259t art\u0131m\u0131 g\u00f6zl\u0259nilirmi? &#8211; V\u0130DEO"},"content":{"rendered":"<p>Novruz bayram\u0131n\u0131n n\u0259f\u0259sinin duyuldu\u011fu bir vaxtda \u0259halini \u0259n \u00e7ox maraqland\u0131ran m\u0259s\u0259l\u0259l\u0259rd\u0259n biri d\u0259 bahal\u0131qd\u0131r.<\/p>\n<p>\u018fm\u0259kda\u015flar\u0131m\u0131z bununla ba\u011fl\u0131 ki\u00e7ik bir ara\u015fd\u0131rma aparmaq \u00fc\u00e7\u00fcn paytaxtdak\u0131 bazarlara \u00fcz tutublar.<\/p>\n<article class=\"news\">\n<div class=\"news-inner\">\n<p>M\u00fc\u015fahid\u0259l\u0259r onu dem\u0259y\u0259 \u0259sas verir ki, bazarlarda k\u0259skin bahala\u015fma m\u00fc\u015fahid\u0259 edilmir. \u018ft, d\u00fcy\u00fc, meyv\u0259 v\u0259 t\u0259r\u0259v\u0259zl\u0259rin qiym\u0259tl\u0259rind\u0259 art\u0131m var.<\/p>\n<p>Sat\u0131c\u0131lar m\u00fc\u015ft\u0259ri azl\u0131\u011f\u0131ndan \u015fikay\u0259t\u00e7idirl\u0259r.<\/p>\n<div><iframe loading=\"lazy\" src=\"https:\/\/player.baku.tv\/embed\/15394?fbclid=IwAR1m3LPjfuC3dmMAJEmVGKueVzyITmxnJt-N_WzDfpFR2Sk-Bos4mgH3pho\" width=\"560\" height=\"315\" frameborder=\"0\" allowfullscreen=\"allowfullscreen\" data-mce-fragment=\"1\"><\/iframe><\/div>\n<\/div>\n<\/article>\n<h2 class=\"news-share-title\"><\/h2>\n","protected":false},"excerpt":{"rendered":"<p>Novruz bayram\u0131n\u0131n n\u0259f\u0259sinin duyuldu\u011fu bir vaxtda \u0259halini \u0259n \u00e7ox maraqland\u0131ran m\u0259s\u0259l\u0259l\u0259rd\u0259n biri d\u0259 bahal\u0131qd\u0131r. \u018fm\u0259kda\u015flar\u0131m\u0131z bununla ba\u011fl\u0131 ki\u00e7ik bir ara\u015fd\u0131rma aparmaq \u00fc\u00e7\u00fcn paytaxtdak\u0131 bazarlara \u00fcz tutublar. M\u00fc\u015fahid\u0259l\u0259r onu dem\u0259y\u0259 \u0259sas verir ki, bazarlarda k\u0259skin bahala\u015fma m\u00fc\u015fahid\u0259 edilmir. \u018ft, d\u00fcy\u00fc, meyv\u0259 v\u0259 t\u0259r\u0259v\u0259zl\u0259rin qiym\u0259tl\u0259rind\u0259 art\u0131m var. Sat\u0131c\u0131lar m\u00fc\u015ft\u0259ri azl\u0131\u011f\u0131ndan \u015fikay\u0259t\u00e7idirl\u0259r.<\/p>\n","protected":false},"author":2,"featured_media":139364,"comment_status":"closed","ping_status":"closed","sticky":false,"template":"","format":"standard","meta":{"om_disable_all_campaigns":false,"_monsterinsights_skip_tracking":false,"_monsterinsights_sitenote_active":false,"_monsterinsights_sitenote_note":"","_monsterinsights_sitenote_category":0},"categories":[1],"tags":[],"aioseo_notices":[],"gutentor_comment":0,"rttpg_featured_image_url":{"full":["https:\/\/arantv.az\/wp-content\/uploads\/2020\/03\/qiym\u00c9_t.jpg",620,413,false],"landscape":["https:\/\/arantv.az\/wp-content\/uploads\/2020\/03\/qiym\u00c9_t.jpg",620,413,false],"portraits":["https:\/\/arantv.az\/wp-content\/uploads\/2020\/03\/qiym\u00c9_t.jpg",620,413,false],"thumbnail":["https:\/\/arantv.az\/wp-content\/uploads\/2020\/03\/qiym\u00c9_t-150x150.jpg",150,150,true],"medium":["https:\/\/arantv.az\/wp-content\/uploads\/2020\/03\/qiym\u00c9_t-300x200.jpg",300,200,true],"large":["https:\/\/arantv.az\/wp-content\/uploads\/2020\/03\/qiym\u00c9_t.jpg",620,413,false],"1536x1536":["https:\/\/arantv.az\/wp-content\/uploads\/2020\/03\/qiym\u00c9_t.jpg",620,413,false],"2048x2048":["https:\/\/arantv.az\/wp-content\/uploads\/2020\/03\/qiym\u00c9_t.jpg",620,413,false],"post-thumbnail":["https:\/\/arantv.az\/wp-content\/uploads\/2020\/03\/qiym\u00c9_t-240x172.jpg",240,172,true],"advps-thumb-one":["https:\/\/arantv.az\/wp-content\/uploads\/2020\/03\/qiym\u00c9_t.jpg",620,413,false]},"rttpg_author":{"display_name":"V\u00fcsal Rafiqo\u011flu","author_link":"https:\/\/arantv.az\/?author=2"},"rttpg_comment":0,"rttpg_category":"<a href=\"https:\/\/arantv.az\/?cat=1\" rel=\"category\">C\u0259miyy\u0259t<\/a>","rttpg_excerpt":"Novruz bayram\u0131n\u0131n n\u0259f\u0259sinin duyuldu\u011fu bir vaxtda \u0259halini \u0259n \u00e7ox maraqland\u0131ran m\u0259s\u0259l\u0259l\u0259rd\u0259n biri d\u0259 bahal\u0131qd\u0131r. \u018fm\u0259kda\u015flar\u0131m\u0131z bununla ba\u011fl\u0131 ki\u00e7ik bir ara\u015fd\u0131rma aparmaq \u00fc\u00e7\u00fcn paytaxtdak\u0131 bazarlara \u00fcz tutublar. M\u00fc\u015fahid\u0259l\u0259r onu dem\u0259y\u0259 \u0259sas verir ki, bazarlarda k\u0259skin bahala\u015fma m\u00fc\u015fahid\u0259 edilmir. \u018ft, d\u00fcy\u00fc, meyv\u0259 v\u0259 t\u0259r\u0259v\u0259zl\u0259rin qiym\u0259tl\u0259rind\u0259 art\u0131m var. Sat\u0131c\u0131lar m\u00fc\u015ft\u0259ri azl\u0131\u011f\u0131ndan \u015fikay\u0259t\u00e7idirl\u0259r.","_links":{"self":[{"href":"https:\/\/arantv.az\/index.php?rest_route=\/wp\/v2\/posts\/139363"}],"collection":[{"href":"https:\/\/arantv.az\/index.php?rest_route=\/wp\/v2\/posts"}],"about":[{"href":"https:\/\/arantv.az\/index.php?rest_route=\/wp\/v2\/types\/post"}],"author":[{"embeddable":true,"href":"https:\/\/arantv.az\/index.php?rest_route=\/wp\/v2\/users\/2"}],"replies":[{"embeddable":true,"href":"https:\/\/arantv.az\/index.php?rest_route=%2Fwp%2Fv2%2Fcomments&post=139363"}],"version-history":[{"count":0,"href":"https:\/\/arantv.az\/index.php?rest_route=\/wp\/v2\/posts\/139363\/revisions"}],"wp:featuredmedia":[{"embeddable":true,"href":"https:\/\/arantv.az\/index.php?rest_route=\/wp\/v2\/media\/139364"}],"wp:attachment":[{"href":"https:\/\/arantv.az\/index.php?rest_route=%2Fwp%2Fv2%2Fmedia&parent=139363"}],"wp:term":[{"taxonomy":"category","embeddable":true,"href":"https:\/\/arantv.az\/index.php?rest_route=%2Fwp%2Fv2%2Fcategories&post=139363"},{"taxonomy":"post_tag","embeddable":true,"href":"https:\/\/arantv.az\/index.php?rest_route=%2Fwp%2Fv2%2Ftags&post=139363"}],"curies":[{"name":"wp","href":"https:\/\/api.w.org\/{rel}","templated":true}]}}