{"id":139367,"date":"2020-03-07T08:12:48","date_gmt":"2020-03-07T05:12:48","guid":{"rendered":"http:\/\/arantv.az\/?p=139367"},"modified":"2020-03-07T08:12:48","modified_gmt":"2020-03-07T05:12:48","slug":"leyla-%c9%99liyevadan-az%c9%99rbaycani-t%c9%99svir-ed%c9%99n-moht%c9%99s%c9%99m-videocarx-paylasimi-video","status":"publish","type":"post","link":"https:\/\/arantv.az\/?p=139367","title":{"rendered":"Leyla \u018fliyevadan Az\u0259rbaycan\u0131 t\u0259svir ed\u0259n m\u00f6ht\u0259\u015f\u0259m video\u00e7arx payla\u015f\u0131m\u0131 &#8211; V\u0130DEO"},"content":{"rendered":"<p>Heyd\u0259r \u018fliyev Fondunun vitse-prezidenti Leyla \u018fliyeva \u201cInstagram\u201d hesab\u0131nda Az\u0259rbaycan\u0131 t\u0259svir ed\u0259n video\u00e7arx payla\u015f\u0131b.<\/p>\n<p>\u201cBaku Media Center\u201din haz\u0131rlad\u0131\u011f\u0131 video\u00e7arxda \u00f6lk\u0259mizin\u00a0t\u0259bi\u0259ti, m\u0259d\u0259ni, idman h\u0259yat\u0131, g\u00fcnd\u0259lik ya\u015fam t\u0259rzi \u0259ks olunub.<\/p>\n<p>Video\u00e7arx q\u0131sa zaman k\u0259siyind\u0259 minl\u0259rl\u0259 bax\u0131\u015f qazan\u0131b.<\/p>\n<div><iframe loading=\"lazy\" id=\"instagram-embed-0\" class=\"instagram-media instagram-media-rendered\" src=\"https:\/\/www.instagram.com\/tv\/B9Zr_BUjatf\/embed\/?cr=1&amp;v=12&amp;wp=540&amp;rd=https%3A%2F%2Foxu.az&amp;rp=%2Fpolitics%2F369487#%7B%22ci%22%3A0%2C%22os%22%3A1304.5749999999998%2C%22ls%22%3A1228.3899999999903%2C%22le%22%3A1264.1350000000102%7D\" width=\"300\" height=\"881\" frameborder=\"0\" scrolling=\"no\" allowfullscreen=\"allowfullscreen\" data-instgrm-payload-id=\"instagram-media-payload-0\" data-mce-fragment=\"1\"><\/iframe><\/div>\n<p>&nbsp;<\/p>\n","protected":false},"excerpt":{"rendered":"<p>Heyd\u0259r \u018fliyev Fondunun vitse-prezidenti Leyla \u018fliyeva \u201cInstagram\u201d hesab\u0131nda Az\u0259rbaycan\u0131 t\u0259svir ed\u0259n video\u00e7arx payla\u015f\u0131b. \u201cBaku Media Center\u201din haz\u0131rlad\u0131\u011f\u0131 video\u00e7arxda \u00f6lk\u0259mizin\u00a0t\u0259bi\u0259ti, m\u0259d\u0259ni, idman h\u0259yat\u0131, g\u00fcnd\u0259lik ya\u015fam t\u0259rzi \u0259ks olunub. Video\u00e7arx q\u0131sa zaman k\u0259siyind\u0259 minl\u0259rl\u0259 bax\u0131\u015f qazan\u0131b. &nbsp;<\/p>\n","protected":false},"author":2,"featured_media":139368,"comment_status":"closed","ping_status":"closed","sticky":false,"template":"","format":"standard","meta":{"om_disable_all_campaigns":false,"_monsterinsights_skip_tracking":false,"_monsterinsights_sitenote_active":false,"_monsterinsights_sitenote_note":"","_monsterinsights_sitenote_category":0},"categories":[4],"tags":[],"aioseo_notices":[],"gutentor_comment":0,"rttpg_featured_image_url":{"full":["https:\/\/arantv.az\/wp-content\/uploads\/2020\/03\/leyla.jpg",620,411,false],"landscape":["https:\/\/arantv.az\/wp-content\/uploads\/2020\/03\/leyla.jpg",620,411,false],"portraits":["https:\/\/arantv.az\/wp-content\/uploads\/2020\/03\/leyla.jpg",620,411,false],"thumbnail":["https:\/\/arantv.az\/wp-content\/uploads\/2020\/03\/leyla-150x150.jpg",150,150,true],"medium":["https:\/\/arantv.az\/wp-content\/uploads\/2020\/03\/leyla-300x199.jpg",300,199,true],"large":["https:\/\/arantv.az\/wp-content\/uploads\/2020\/03\/leyla.jpg",620,411,false],"1536x1536":["https:\/\/arantv.az\/wp-content\/uploads\/2020\/03\/leyla.jpg",620,411,false],"2048x2048":["https:\/\/arantv.az\/wp-content\/uploads\/2020\/03\/leyla.jpg",620,411,false],"post-thumbnail":["https:\/\/arantv.az\/wp-content\/uploads\/2020\/03\/leyla-240x172.jpg",240,172,true],"advps-thumb-one":["https:\/\/arantv.az\/wp-content\/uploads\/2020\/03\/leyla.jpg",620,411,false]},"rttpg_author":{"display_name":"V\u00fcsal Rafiqo\u011flu","author_link":"https:\/\/arantv.az\/?author=2"},"rttpg_comment":0,"rttpg_category":"<a href=\"https:\/\/arantv.az\/?cat=4\" rel=\"category\">Siyas\u0259t<\/a>","rttpg_excerpt":"Heyd\u0259r \u018fliyev Fondunun vitse-prezidenti Leyla \u018fliyeva \u201cInstagram\u201d hesab\u0131nda Az\u0259rbaycan\u0131 t\u0259svir ed\u0259n video\u00e7arx payla\u015f\u0131b. \u201cBaku Media Center\u201din haz\u0131rlad\u0131\u011f\u0131 video\u00e7arxda \u00f6lk\u0259mizin\u00a0t\u0259bi\u0259ti, m\u0259d\u0259ni, idman h\u0259yat\u0131, g\u00fcnd\u0259lik ya\u015fam t\u0259rzi \u0259ks olunub. Video\u00e7arx q\u0131sa zaman k\u0259siyind\u0259 minl\u0259rl\u0259 bax\u0131\u015f qazan\u0131b. &nbsp;","_links":{"self":[{"href":"https:\/\/arantv.az\/index.php?rest_route=\/wp\/v2\/posts\/139367"}],"collection":[{"href":"https:\/\/arantv.az\/index.php?rest_route=\/wp\/v2\/posts"}],"about":[{"href":"https:\/\/arantv.az\/index.php?rest_route=\/wp\/v2\/types\/post"}],"author":[{"embeddable":true,"href":"https:\/\/arantv.az\/index.php?rest_route=\/wp\/v2\/users\/2"}],"replies":[{"embeddable":true,"href":"https:\/\/arantv.az\/index.php?rest_route=%2Fwp%2Fv2%2Fcomments&post=139367"}],"version-history":[{"count":0,"href":"https:\/\/arantv.az\/index.php?rest_route=\/wp\/v2\/posts\/139367\/revisions"}],"wp:featuredmedia":[{"embeddable":true,"href":"https:\/\/arantv.az\/index.php?rest_route=\/wp\/v2\/media\/139368"}],"wp:attachment":[{"href":"https:\/\/arantv.az\/index.php?rest_route=%2Fwp%2Fv2%2Fmedia&parent=139367"}],"wp:term":[{"taxonomy":"category","embeddable":true,"href":"https:\/\/arantv.az\/index.php?rest_route=%2Fwp%2Fv2%2Fcategories&post=139367"},{"taxonomy":"post_tag","embeddable":true,"href":"https:\/\/arantv.az\/index.php?rest_route=%2Fwp%2Fv2%2Ftags&post=139367"}],"curies":[{"name":"wp","href":"https:\/\/api.w.org\/{rel}","templated":true}]}}