{"id":139457,"date":"2020-03-07T09:33:30","date_gmt":"2020-03-07T06:33:30","guid":{"rendered":"http:\/\/arantv.az\/?p=139457"},"modified":"2020-03-07T09:33:30","modified_gmt":"2020-03-07T06:33:30","slug":"idmancilarimizin-istirak-ed%c9%99c%c9%99yi-yarislar-milandan-moskvaya-salindi","status":"publish","type":"post","link":"https:\/\/arantv.az\/?p=139457","title":{"rendered":"\u0130dman\u00e7\u0131lar\u0131m\u0131z\u0131n i\u015ftirak ed\u0259c\u0259yi yar\u0131\u015flar Milandan Moskvaya sal\u0131nd\u0131"},"content":{"rendered":"<p>\u0130taliyan\u0131n Milan \u015f\u0259h\u0259rind\u0259 17 apreld\u0259 parataekvondo v\u0259 18-19 apreld\u0259 is\u0259 taekvondo \u00fczr\u0259 ke\u00e7iril\u0259c\u0259k Avropa T\u0259snifat Turniri koronavirusa g\u00f6r\u0259\u00a0ba\u015fqa \u00f6lk\u0259d\u0259 ke\u00e7iril\u0259c\u0259k.<\/p>\n<p><b>ARANTV.AZ\u00a0<\/b> x\u0259b\u0259r verir ki, \u0130taliya h\u00f6kum\u0259ti 4 mart tarixind\u0259 \u00f6lk\u0259d\u0259ki yar\u0131\u015flar\u0131n dayand\u0131r\u0131lmas\u0131 v\u0259 ya ke\u00e7irilm\u0259m\u0259si bar\u0259d\u0259 q\u0259rar \u00e7\u0131xar\u0131b.<\/p>\n<p>Buna g\u00f6r\u0259\u00a0Avropa Taekvondo Birliyi yar\u0131\u015f\u0131n Rusiyan\u0131n paytaxt\u0131 Moskvada ke\u00e7irilm\u0259sin\u0259 q\u0259rar verib. Yar\u0131\u015f\u00a0daha erk\u0259n \u2013 bir g\u00fcn \u0259vv\u0259lki tarixd\u0259 ba\u015f tutacaq.<\/p>\n<div id=\"AdviadNativeVideo0\" class=\"AdviadNativeVideo\"><\/div>\n<p>Bel\u0259 ki, parataekvondo \u00fczr\u0259 yar\u0131\u015f aprelin 16-da ke\u00e7iril\u0259c\u0259k. Taekvondo \u00fczr\u0259 Olimpiadaya lisenziya yar\u0131\u015f\u0131 is\u0259 17-18 apreld\u0259 ba\u015f tutacaq.<\/p>\n<p>Qeyd ed\u0259k ki, h\u0259r iki yar\u0131\u015fda Az\u0259rbaycan\u00a0idman\u00e7\u0131lar\u0131n\u0131n Tokio Olimpiadas\u0131na v\u0259siq\u0259 qazanmaq \u00fc\u00e7\u00fcn i\u015ftirak etm\u0259si n\u0259z\u0259rd\u0259 tutulub. Parataekvondo yar\u0131\u015f\u0131nda d\u00f6rd, taekvondo yar\u0131\u015f\u0131nda is\u0259 \u00fc\u00e7 idman\u00e7\u0131m\u0131z m\u00fcvafiq olaraq Paralimpiya v\u0259 Olimpiya Oyunlar\u0131na v\u0259siq\u0259 qazanma\u011fa \u00e7al\u0131\u015facaq.Oxu.Az<\/p>\n","protected":false},"excerpt":{"rendered":"<p>\u0130taliyan\u0131n Milan \u015f\u0259h\u0259rind\u0259 17 apreld\u0259 parataekvondo v\u0259 18-19 apreld\u0259 is\u0259 taekvondo \u00fczr\u0259 ke\u00e7iril\u0259c\u0259k Avropa T\u0259snifat Turniri koronavirusa g\u00f6r\u0259\u00a0ba\u015fqa \u00f6lk\u0259d\u0259 ke\u00e7iril\u0259c\u0259k. ARANTV.AZ\u00a0 x\u0259b\u0259r verir ki, \u0130taliya h\u00f6kum\u0259ti 4 mart tarixind\u0259 \u00f6lk\u0259d\u0259ki yar\u0131\u015flar\u0131n dayand\u0131r\u0131lmas\u0131 v\u0259 ya ke\u00e7irilm\u0259m\u0259si bar\u0259d\u0259 q\u0259rar \u00e7\u0131xar\u0131b. Buna g\u00f6r\u0259\u00a0Avropa Taekvondo Birliyi yar\u0131\u015f\u0131n Rusiyan\u0131n paytaxt\u0131 Moskvada ke\u00e7irilm\u0259sin\u0259 q\u0259rar verib. Yar\u0131\u015f\u00a0daha erk\u0259n \u2013 bir g\u00fcn \u0259vv\u0259lki tarixd\u0259 ba\u015f tutacaq. Bel\u0259 ki, parataekvondo \u00fczr\u0259 yar\u0131\u015f aprelin 16-da ke\u00e7iril\u0259c\u0259k. Taekvondo \u00fczr\u0259 Olimpiadaya lisenziya yar\u0131\u015f\u0131 is\u0259 17-18 apreld\u0259 ba\u015f tutacaq. Qeyd ed\u0259k ki, h\u0259r iki yar\u0131\u015fda Az\u0259rbaycan\u00a0idman\u00e7\u0131lar\u0131n\u0131n Tokio Olimpiadas\u0131na v\u0259siq\u0259 qazanmaq \u00fc\u00e7\u00fcn i\u015ftirak etm\u0259si&hellip;<\/p>\n","protected":false},"author":2,"featured_media":139458,"comment_status":"closed","ping_status":"closed","sticky":false,"template":"","format":"standard","meta":{"om_disable_all_campaigns":false,"_monsterinsights_skip_tracking":false,"_monsterinsights_sitenote_active":false,"_monsterinsights_sitenote_note":"","_monsterinsights_sitenote_category":0},"categories":[6],"tags":[],"aioseo_notices":[],"gutentor_comment":0,"rttpg_featured_image_url":{"full":["https:\/\/arantv.az\/wp-content\/uploads\/2020\/03\/Final-GP-Mexico-08.12.2015-34.jpg",620,413,false],"landscape":["https:\/\/arantv.az\/wp-content\/uploads\/2020\/03\/Final-GP-Mexico-08.12.2015-34.jpg",620,413,false],"portraits":["https:\/\/arantv.az\/wp-content\/uploads\/2020\/03\/Final-GP-Mexico-08.12.2015-34.jpg",620,413,false],"thumbnail":["https:\/\/arantv.az\/wp-content\/uploads\/2020\/03\/Final-GP-Mexico-08.12.2015-34-150x150.jpg",150,150,true],"medium":["https:\/\/arantv.az\/wp-content\/uploads\/2020\/03\/Final-GP-Mexico-08.12.2015-34-300x200.jpg",300,200,true],"large":["https:\/\/arantv.az\/wp-content\/uploads\/2020\/03\/Final-GP-Mexico-08.12.2015-34.jpg",620,413,false],"1536x1536":["https:\/\/arantv.az\/wp-content\/uploads\/2020\/03\/Final-GP-Mexico-08.12.2015-34.jpg",620,413,false],"2048x2048":["https:\/\/arantv.az\/wp-content\/uploads\/2020\/03\/Final-GP-Mexico-08.12.2015-34.jpg",620,413,false],"post-thumbnail":["https:\/\/arantv.az\/wp-content\/uploads\/2020\/03\/Final-GP-Mexico-08.12.2015-34-240x172.jpg",240,172,true],"advps-thumb-one":["https:\/\/arantv.az\/wp-content\/uploads\/2020\/03\/Final-GP-Mexico-08.12.2015-34.jpg",620,413,false]},"rttpg_author":{"display_name":"V\u00fcsal Rafiqo\u011flu","author_link":"https:\/\/arantv.az\/?author=2"},"rttpg_comment":0,"rttpg_category":"<a href=\"https:\/\/arantv.az\/?cat=6\" rel=\"category\">\u0130dman<\/a>","rttpg_excerpt":"\u0130taliyan\u0131n Milan \u015f\u0259h\u0259rind\u0259 17 apreld\u0259 parataekvondo v\u0259 18-19 apreld\u0259 is\u0259 taekvondo \u00fczr\u0259 ke\u00e7iril\u0259c\u0259k Avropa T\u0259snifat Turniri koronavirusa g\u00f6r\u0259\u00a0ba\u015fqa \u00f6lk\u0259d\u0259 ke\u00e7iril\u0259c\u0259k. ARANTV.AZ\u00a0 x\u0259b\u0259r verir ki, \u0130taliya h\u00f6kum\u0259ti 4 mart tarixind\u0259 \u00f6lk\u0259d\u0259ki yar\u0131\u015flar\u0131n dayand\u0131r\u0131lmas\u0131 v\u0259 ya ke\u00e7irilm\u0259m\u0259si bar\u0259d\u0259 q\u0259rar \u00e7\u0131xar\u0131b. Buna g\u00f6r\u0259\u00a0Avropa Taekvondo Birliyi yar\u0131\u015f\u0131n Rusiyan\u0131n paytaxt\u0131 Moskvada ke\u00e7irilm\u0259sin\u0259 q\u0259rar verib. Yar\u0131\u015f\u00a0daha erk\u0259n \u2013 bir g\u00fcn \u0259vv\u0259lki&hellip;","_links":{"self":[{"href":"https:\/\/arantv.az\/index.php?rest_route=\/wp\/v2\/posts\/139457"}],"collection":[{"href":"https:\/\/arantv.az\/index.php?rest_route=\/wp\/v2\/posts"}],"about":[{"href":"https:\/\/arantv.az\/index.php?rest_route=\/wp\/v2\/types\/post"}],"author":[{"embeddable":true,"href":"https:\/\/arantv.az\/index.php?rest_route=\/wp\/v2\/users\/2"}],"replies":[{"embeddable":true,"href":"https:\/\/arantv.az\/index.php?rest_route=%2Fwp%2Fv2%2Fcomments&post=139457"}],"version-history":[{"count":0,"href":"https:\/\/arantv.az\/index.php?rest_route=\/wp\/v2\/posts\/139457\/revisions"}],"wp:featuredmedia":[{"embeddable":true,"href":"https:\/\/arantv.az\/index.php?rest_route=\/wp\/v2\/media\/139458"}],"wp:attachment":[{"href":"https:\/\/arantv.az\/index.php?rest_route=%2Fwp%2Fv2%2Fmedia&parent=139457"}],"wp:term":[{"taxonomy":"category","embeddable":true,"href":"https:\/\/arantv.az\/index.php?rest_route=%2Fwp%2Fv2%2Fcategories&post=139457"},{"taxonomy":"post_tag","embeddable":true,"href":"https:\/\/arantv.az\/index.php?rest_route=%2Fwp%2Fv2%2Ftags&post=139457"}],"curies":[{"name":"wp","href":"https:\/\/api.w.org\/{rel}","templated":true}]}}