{"id":139461,"date":"2020-03-07T09:35:32","date_gmt":"2020-03-07T06:35:32","guid":{"rendered":"http:\/\/arantv.az\/?p=139461"},"modified":"2020-03-07T09:35:32","modified_gmt":"2020-03-07T06:35:32","slug":"az%c9%99rbaycan-belarusda-birja-ticar%c9%99tind%c9%99-maraqlidir","status":"publish","type":"post","link":"https:\/\/arantv.az\/?p=139461","title":{"rendered":"Az\u0259rbaycan Belarusda birja ticar\u0259tind\u0259 maraql\u0131d\u0131r"},"content":{"rendered":"<p>Belarus Universal \u018fmt\u0259\u0259 Birjas\u0131 v\u0259 Az\u0259rbaycan\u0131n Belarusdak\u0131 s\u0259firliyi birja ticar\u0259tin\u0259 Az\u0259rbaycan biznesinin c\u0259lb olunmas\u0131 istiqam\u0259tind\u0259 s\u0259yl\u0259rini birl\u0259\u015fdirir.<\/p>\n<p><strong>ARANTV.AZ<\/strong>\u00a0\u00a0<a href=\"https:\/\/az.trend.az\/\" target=\"_blank\" rel=\"noopener\">Trend<\/a>-\u0259 istinad\u0259n x\u0259b\u0259r verir ki, bu bar\u0259d\u0259 BELTA agentliyin\u0259 Belarus Universal \u018fmt\u0259\u0259 Birjas\u0131n\u0131n m\u0259tbuat xidm\u0259tind\u0259n bildiribl\u0259r.<\/p>\n<p>Az\u0259rbaycan\u0131n Belarusdak\u0131 s\u0259firi L\u0259tif Q\u0259ndilov birjan\u0131n ofisini ziyar\u0259t zaman\u0131 vur\u011fulay\u0131b:<\/p>\n<p>&#8220;S\u0259firliyin \u0259sas v\u0259zif\u0259l\u0259rind\u0259n biri \u00f6lk\u0259l\u0259r aras\u0131nda ticari-iqtisadi m\u00fcnasib\u0259tl\u0259rin inki\u015faf\u0131na yard\u0131m g\u00f6st\u0259rm\u0259kdir. Bu, ist\u0259r Belarus mallar\u0131n\u0131n Az\u0259rbaycana t\u0259dar\u00fck\u00fcn\u0259, ist\u0259rs\u0259 d\u0259 Az\u0259rbaycan m\u00fc\u0259ssis\u0259l\u0259rinin m\u0259hsullar\u0131na aiddir. Birja ticar\u0259ti \u0259h\u0259miyy\u0259tli potensiala malikdir: o, xarici \u00f6lk\u0259l\u0259rd\u0259 i\u015fg\u00fczar t\u0259r\u0259fda\u015flar axtarmaq z\u0259rur\u0259tini aradan qald\u0131r\u0131r v\u0259 \u0259n m\u00fch\u00fcm\u00fc, istehsal\u00e7\u0131 il\u0259 son istehlak\u00e7\u0131 aras\u0131nda birba\u015fa \u0259laq\u0259ni t\u0259min edir. Buna g\u00f6r\u0259 d\u0259 biz Az\u0259rbaycan biznesinin n\u00fcmay\u0259nd\u0259l\u0259rini Belarus Universal \u018fmt\u0259\u0259 Birjas\u0131 il\u0259 birg\u0259 birja m\u0259kan\u0131n\u0131n imkanlar\u0131 bar\u0259d\u0259 m\u0259lumatland\u0131rma\u011fa v\u0259 bu mexanizmd\u0259n istifad\u0259ni t\u00f6vsiy\u0259 etm\u0259y\u0259 haz\u0131r\u0131q. X\u00fcsus\u0259n ona g\u00f6r\u0259 ki, birja bazarlar\u0131na \u00e7\u0131x\u0131\u015f \u00fc\u00e7\u00fcn mane\u0259l\u0259r yoxdur&#8221;.<\/p>\n<p>Diplomat Belarus Universal \u018fmt\u0259\u0259 Birjas\u0131 r\u0259hb\u0259rinin qeyri-rezident \u015firk\u0259tl\u0259rin akkreditasiyas\u0131 prosedurlar\u0131n\u0131n sad\u0259l\u0259\u015fdirilm\u0259si bar\u0259d\u0259 q\u0259rar\u0131n\u0131 da d\u0259st\u0259kl\u0259yib. O qeyd edib ki, ticar\u0259tin \u0259cn\u0259bi i\u015ftirak\u00e7\u0131lar\u0131na qar\u015f\u0131 bel\u0259 add\u0131m Az\u0259rbaycan il\u0259 d\u0259 birja \u0259mt\u0259\u0259 d\u00f6vriyy\u0259sinin art\u0131m\u0131na \u015f\u0259rait yaradacaq.<\/p>\n<p>Belarus Universal \u018fmt\u0259\u0259 Birjas\u0131n\u0131n \u0130dar\u0259 Hey\u0259tinin s\u0259dri Aleksandr Osmolovski birja ticar\u0259tind\u0259 Az\u0259rbaycan \u015firk\u0259tl\u0259ri t\u0259r\u0259find\u0259n al\u0131nan m\u0259hsullar\u0131n nomenklaturunu geni\u015fl\u0259ndirm\u0259yin vacib oldu\u011funu qeyd ed\u0259r\u0259k deyib:<\/p>\n<p>&#8220;Birjada Az\u0259rbaycan\u0131n 33 \u015firk\u0259ti akkreditasiyadan ke\u00e7ib. Onlar ke\u00e7\u0259n il \u0259rzind\u0259 14,2 milyon dollarl\u0131q s\u00f6vd\u0259l\u0259\u015fm\u0259 h\u0259yata ke\u00e7iribl\u0259r ki, bu da 2018-ci ill\u0259 m\u00fcqayis\u0259d\u0259 iki d\u0259f\u0259 \u00e7oxdur. \u018fg\u0259r taxta-\u015falbanla yana\u015f\u0131, m\u0259s\u0259l\u0259n, quru s\u00fcd, z\u0259rdab v\u0259 ya metal m\u0259mulat\u0131 da sat\u0131larsa, h\u0259min s\u00f6vd\u0259l\u0259\u015fm\u0259l\u0259rin h\u0259cmi 3 v\u0259 ya 4 d\u0259f\u0259 \u00e7ox ola bil\u0259r. Bu m\u0259hsullara Az\u0259rbaycanda t\u0259l\u0259bat y\u00fcks\u0259kdir. Ona g\u00f6r\u0259 d\u0259 z\u0259nnimc\u0259, birja ticar\u0259tinin potensial\u0131ndan h\u0259l\u0259 ki, tam istifad\u0259 olunmur. \u00dcmidvar\u0131q ki, s\u0259firlik perspektivli \u0259mt\u0259\u0259 m\u00f6vqel\u0259ri siyah\u0131s\u0131n\u0131n haz\u0131rlanmas\u0131na, h\u0259m\u00e7inin Belarus Universal \u018fmt\u0259\u0259 Birjas\u0131n\u0131n Az\u0259rbaycanda brokeri ola bil\u0259c\u0259k layiqli \u015firk\u0259tin axtar\u0131\u015f\u0131na k\u00f6m\u0259k ed\u0259c\u0259k. \u018fg\u0259r s\u0259yl\u0259rimizi birl\u0259\u015fdirs\u0259k, o zaman arzulad\u0131\u011f\u0131m\u0131z n\u0259tic\u0259l\u0259r\u0259 nail ola bil\u0259rik&#8221;, &#8211; dey\u0259 Aleksandr Osmolovski bildirib.<\/p>\n","protected":false},"excerpt":{"rendered":"<p>Belarus Universal \u018fmt\u0259\u0259 Birjas\u0131 v\u0259 Az\u0259rbaycan\u0131n Belarusdak\u0131 s\u0259firliyi birja ticar\u0259tin\u0259 Az\u0259rbaycan biznesinin c\u0259lb olunmas\u0131 istiqam\u0259tind\u0259 s\u0259yl\u0259rini birl\u0259\u015fdirir. ARANTV.AZ\u00a0\u00a0Trend-\u0259 istinad\u0259n x\u0259b\u0259r verir ki, bu bar\u0259d\u0259 BELTA agentliyin\u0259 Belarus Universal \u018fmt\u0259\u0259 Birjas\u0131n\u0131n m\u0259tbuat xidm\u0259tind\u0259n bildiribl\u0259r. Az\u0259rbaycan\u0131n Belarusdak\u0131 s\u0259firi L\u0259tif Q\u0259ndilov birjan\u0131n ofisini ziyar\u0259t zaman\u0131 vur\u011fulay\u0131b: &#8220;S\u0259firliyin \u0259sas v\u0259zif\u0259l\u0259rind\u0259n biri \u00f6lk\u0259l\u0259r aras\u0131nda ticari-iqtisadi m\u00fcnasib\u0259tl\u0259rin inki\u015faf\u0131na yard\u0131m g\u00f6st\u0259rm\u0259kdir. Bu, ist\u0259r Belarus mallar\u0131n\u0131n Az\u0259rbaycana t\u0259dar\u00fck\u00fcn\u0259, ist\u0259rs\u0259 d\u0259 Az\u0259rbaycan m\u00fc\u0259ssis\u0259l\u0259rinin m\u0259hsullar\u0131na aiddir. Birja ticar\u0259ti \u0259h\u0259miyy\u0259tli potensiala malikdir: o, xarici \u00f6lk\u0259l\u0259rd\u0259 i\u015fg\u00fczar t\u0259r\u0259fda\u015flar axtarmaq z\u0259rur\u0259tini aradan qald\u0131r\u0131r v\u0259 \u0259n m\u00fch\u00fcm\u00fc, istehsal\u00e7\u0131 il\u0259 son istehlak\u00e7\u0131 aras\u0131nda birba\u015fa \u0259laq\u0259ni&hellip;<\/p>\n","protected":false},"author":2,"featured_media":139462,"comment_status":"closed","ping_status":"closed","sticky":false,"template":"","format":"standard","meta":{"om_disable_all_campaigns":false,"_monsterinsights_skip_tracking":false,"_monsterinsights_sitenote_active":false,"_monsterinsights_sitenote_note":"","_monsterinsights_sitenote_category":0},"categories":[19],"tags":[],"aioseo_notices":[],"gutentor_comment":0,"rttpg_featured_image_url":{"full":["https:\/\/arantv.az\/wp-content\/uploads\/2020\/03\/831846.jpg",800,600,false],"landscape":["https:\/\/arantv.az\/wp-content\/uploads\/2020\/03\/831846.jpg",800,600,false],"portraits":["https:\/\/arantv.az\/wp-content\/uploads\/2020\/03\/831846.jpg",800,600,false],"thumbnail":["https:\/\/arantv.az\/wp-content\/uploads\/2020\/03\/831846-150x150.jpg",150,150,true],"medium":["https:\/\/arantv.az\/wp-content\/uploads\/2020\/03\/831846-300x225.jpg",300,225,true],"large":["https:\/\/arantv.az\/wp-content\/uploads\/2020\/03\/831846.jpg",640,480,false],"1536x1536":["https:\/\/arantv.az\/wp-content\/uploads\/2020\/03\/831846.jpg",800,600,false],"2048x2048":["https:\/\/arantv.az\/wp-content\/uploads\/2020\/03\/831846.jpg",800,600,false],"post-thumbnail":["https:\/\/arantv.az\/wp-content\/uploads\/2020\/03\/831846-240x172.jpg",240,172,true],"advps-thumb-one":["https:\/\/arantv.az\/wp-content\/uploads\/2020\/03\/831846.jpg",800,600,false]},"rttpg_author":{"display_name":"V\u00fcsal Rafiqo\u011flu","author_link":"https:\/\/arantv.az\/?author=2"},"rttpg_comment":0,"rttpg_category":"<a href=\"https:\/\/arantv.az\/?cat=19\" rel=\"category\">G\u00fcnd\u0259m<\/a>","rttpg_excerpt":"Belarus Universal \u018fmt\u0259\u0259 Birjas\u0131 v\u0259 Az\u0259rbaycan\u0131n Belarusdak\u0131 s\u0259firliyi birja ticar\u0259tin\u0259 Az\u0259rbaycan biznesinin c\u0259lb olunmas\u0131 istiqam\u0259tind\u0259 s\u0259yl\u0259rini birl\u0259\u015fdirir. ARANTV.AZ\u00a0\u00a0Trend-\u0259 istinad\u0259n x\u0259b\u0259r verir ki, bu bar\u0259d\u0259 BELTA agentliyin\u0259 Belarus Universal \u018fmt\u0259\u0259 Birjas\u0131n\u0131n m\u0259tbuat xidm\u0259tind\u0259n bildiribl\u0259r. Az\u0259rbaycan\u0131n Belarusdak\u0131 s\u0259firi L\u0259tif Q\u0259ndilov birjan\u0131n ofisini ziyar\u0259t zaman\u0131 vur\u011fulay\u0131b: &#8220;S\u0259firliyin \u0259sas v\u0259zif\u0259l\u0259rind\u0259n biri \u00f6lk\u0259l\u0259r aras\u0131nda ticari-iqtisadi m\u00fcnasib\u0259tl\u0259rin inki\u015faf\u0131na yard\u0131m g\u00f6st\u0259rm\u0259kdir. Bu,&hellip;","_links":{"self":[{"href":"https:\/\/arantv.az\/index.php?rest_route=\/wp\/v2\/posts\/139461"}],"collection":[{"href":"https:\/\/arantv.az\/index.php?rest_route=\/wp\/v2\/posts"}],"about":[{"href":"https:\/\/arantv.az\/index.php?rest_route=\/wp\/v2\/types\/post"}],"author":[{"embeddable":true,"href":"https:\/\/arantv.az\/index.php?rest_route=\/wp\/v2\/users\/2"}],"replies":[{"embeddable":true,"href":"https:\/\/arantv.az\/index.php?rest_route=%2Fwp%2Fv2%2Fcomments&post=139461"}],"version-history":[{"count":0,"href":"https:\/\/arantv.az\/index.php?rest_route=\/wp\/v2\/posts\/139461\/revisions"}],"wp:featuredmedia":[{"embeddable":true,"href":"https:\/\/arantv.az\/index.php?rest_route=\/wp\/v2\/media\/139462"}],"wp:attachment":[{"href":"https:\/\/arantv.az\/index.php?rest_route=%2Fwp%2Fv2%2Fmedia&parent=139461"}],"wp:term":[{"taxonomy":"category","embeddable":true,"href":"https:\/\/arantv.az\/index.php?rest_route=%2Fwp%2Fv2%2Fcategories&post=139461"},{"taxonomy":"post_tag","embeddable":true,"href":"https:\/\/arantv.az\/index.php?rest_route=%2Fwp%2Fv2%2Ftags&post=139461"}],"curies":[{"name":"wp","href":"https:\/\/api.w.org\/{rel}","templated":true}]}}