{"id":139803,"date":"2020-03-07T16:29:24","date_gmt":"2020-03-07T13:29:24","guid":{"rendered":"http:\/\/arantv.az\/?p=139803"},"modified":"2020-03-07T16:29:24","modified_gmt":"2020-03-07T13:29:24","slug":"suriyada-daha-bir-iranli-general-olduruldu","status":"publish","type":"post","link":"https:\/\/arantv.az\/?p=139803","title":{"rendered":"Suriyada daha bir iranl\u0131 general \u00f6ld\u00fcr\u00fcld\u00fc"},"content":{"rendered":"<p>\u0130ran \u0130slam \u0130nqilab\u0131 Ke\u015fik\u00e7il\u0259ri Korpusunun (SEPAH) general\u0131 Suriyada \u00f6ld\u00fcr\u00fcl\u00fcb.<\/p>\n<p>Bu bar\u0259d\u0259 \u201cFars\u201d agentliyi x\u0259b\u0259r yay\u0131b.<\/p>\n<p>M\u0259lumata g\u00f6r\u0259, general F\u0259rhad D\u0259birian SEPAH-\u0131n Palmiradak\u0131 komandan\u0131 olub.<\/p>\n<div id=\"AdviadNativeVideo0\" class=\"AdviadNativeVideo\"><\/div>\n<p>\u0130ran h\u00f6kum\u0259ti general\u0131n \u00f6l\u00fcm\u00fc il\u0259 ba\u011fl\u0131 t\u0259f\u0259rr\u00fcatlar\u0131 a\u00e7\u0131qlamay\u0131b.<\/p>\n<p>D\u0259birian\u0131n \u00f6l\u00fcm\u00fc il\u0259 ba\u011fl\u0131 m\u0259lumatda o, m\u00fcq\u0259dd\u0259s ziyar\u0259tgahlar\u0131n m\u00fchafiz\u0259\u00e7isi v\u0259 \u015f\u0259hid kimi q\u0259l\u0259m\u0259 verilib.<\/p>\n<p>Qeyd ed\u0259k ki, bundan \u0259vv\u0259l Suriyada\u00a0SEPAH-\u0131n \u201c\u018fl-Q\u00fcds\u201d elit b\u00f6lm\u0259sinin ba\u015f komandan\u0131\u00a0\u018fs\u011f\u0259r Pa\u015fabur \u00f6ld\u00fcr\u00fclm\u00fc\u015fd\u00fc. O, \u0130ran\u0131n Suriyada x\u00fcsusi \u0259m\u0259liyyatlar\u0131n\u0131n \u0259sas t\u0259\u015fkilat\u00e7\u0131lar\u0131ndan biri olub. Pa\u015fabur, h\u0259m\u00e7inin, \u0130raqda \u00f6ld\u00fcr\u00fcl\u0259n iranl\u0131 general Qasim S\u00fcleymaninin yax\u0131n \u0259traf\u0131na daxil idi.<\/p>\n","protected":false},"excerpt":{"rendered":"<p>\u0130ran \u0130slam \u0130nqilab\u0131 Ke\u015fik\u00e7il\u0259ri Korpusunun (SEPAH) general\u0131 Suriyada \u00f6ld\u00fcr\u00fcl\u00fcb. Bu bar\u0259d\u0259 \u201cFars\u201d agentliyi x\u0259b\u0259r yay\u0131b. M\u0259lumata g\u00f6r\u0259, general F\u0259rhad D\u0259birian SEPAH-\u0131n Palmiradak\u0131 komandan\u0131 olub. \u0130ran h\u00f6kum\u0259ti general\u0131n \u00f6l\u00fcm\u00fc il\u0259 ba\u011fl\u0131 t\u0259f\u0259rr\u00fcatlar\u0131 a\u00e7\u0131qlamay\u0131b. D\u0259birian\u0131n \u00f6l\u00fcm\u00fc il\u0259 ba\u011fl\u0131 m\u0259lumatda o, m\u00fcq\u0259dd\u0259s ziyar\u0259tgahlar\u0131n m\u00fchafiz\u0259\u00e7isi v\u0259 \u015f\u0259hid kimi q\u0259l\u0259m\u0259 verilib. Qeyd ed\u0259k ki, bundan \u0259vv\u0259l Suriyada\u00a0SEPAH-\u0131n \u201c\u018fl-Q\u00fcds\u201d elit b\u00f6lm\u0259sinin ba\u015f komandan\u0131\u00a0\u018fs\u011f\u0259r Pa\u015fabur \u00f6ld\u00fcr\u00fclm\u00fc\u015fd\u00fc. O, \u0130ran\u0131n Suriyada x\u00fcsusi \u0259m\u0259liyyatlar\u0131n\u0131n \u0259sas t\u0259\u015fkilat\u00e7\u0131lar\u0131ndan biri olub. Pa\u015fabur, h\u0259m\u00e7inin, \u0130raqda \u00f6ld\u00fcr\u00fcl\u0259n iranl\u0131 general Qasim S\u00fcleymaninin yax\u0131n \u0259traf\u0131na daxil idi.<\/p>\n","protected":false},"author":2,"featured_media":139804,"comment_status":"closed","ping_status":"closed","sticky":false,"template":"","format":"standard","meta":{"om_disable_all_campaigns":false,"_monsterinsights_skip_tracking":false,"_monsterinsights_sitenote_active":false,"_monsterinsights_sitenote_note":"","_monsterinsights_sitenote_category":0},"categories":[7],"tags":[],"aioseo_notices":[],"gutentor_comment":0,"rttpg_featured_image_url":{"full":["https:\/\/arantv.az\/wp-content\/uploads\/2020\/03\/852704_971.jpg",620,312,false],"landscape":["https:\/\/arantv.az\/wp-content\/uploads\/2020\/03\/852704_971.jpg",620,312,false],"portraits":["https:\/\/arantv.az\/wp-content\/uploads\/2020\/03\/852704_971.jpg",620,312,false],"thumbnail":["https:\/\/arantv.az\/wp-content\/uploads\/2020\/03\/852704_971-150x150.jpg",150,150,true],"medium":["https:\/\/arantv.az\/wp-content\/uploads\/2020\/03\/852704_971-300x151.jpg",300,151,true],"large":["https:\/\/arantv.az\/wp-content\/uploads\/2020\/03\/852704_971.jpg",620,312,false],"1536x1536":["https:\/\/arantv.az\/wp-content\/uploads\/2020\/03\/852704_971.jpg",620,312,false],"2048x2048":["https:\/\/arantv.az\/wp-content\/uploads\/2020\/03\/852704_971.jpg",620,312,false],"post-thumbnail":["https:\/\/arantv.az\/wp-content\/uploads\/2020\/03\/852704_971-240x172.jpg",240,172,true],"advps-thumb-one":["https:\/\/arantv.az\/wp-content\/uploads\/2020\/03\/852704_971.jpg",620,312,false]},"rttpg_author":{"display_name":"V\u00fcsal Rafiqo\u011flu","author_link":"https:\/\/arantv.az\/?author=2"},"rttpg_comment":0,"rttpg_category":"<a href=\"https:\/\/arantv.az\/?cat=7\" rel=\"category\">D\u00fcnya<\/a>","rttpg_excerpt":"\u0130ran \u0130slam \u0130nqilab\u0131 Ke\u015fik\u00e7il\u0259ri Korpusunun (SEPAH) general\u0131 Suriyada \u00f6ld\u00fcr\u00fcl\u00fcb. Bu bar\u0259d\u0259 \u201cFars\u201d agentliyi x\u0259b\u0259r yay\u0131b. M\u0259lumata g\u00f6r\u0259, general F\u0259rhad D\u0259birian SEPAH-\u0131n Palmiradak\u0131 komandan\u0131 olub. \u0130ran h\u00f6kum\u0259ti general\u0131n \u00f6l\u00fcm\u00fc il\u0259 ba\u011fl\u0131 t\u0259f\u0259rr\u00fcatlar\u0131 a\u00e7\u0131qlamay\u0131b. D\u0259birian\u0131n \u00f6l\u00fcm\u00fc il\u0259 ba\u011fl\u0131 m\u0259lumatda o, m\u00fcq\u0259dd\u0259s ziyar\u0259tgahlar\u0131n m\u00fchafiz\u0259\u00e7isi v\u0259 \u015f\u0259hid kimi q\u0259l\u0259m\u0259 verilib. Qeyd ed\u0259k ki, bundan \u0259vv\u0259l Suriyada\u00a0SEPAH-\u0131n \u201c\u018fl-Q\u00fcds\u201d elit b\u00f6lm\u0259sinin&hellip;","_links":{"self":[{"href":"https:\/\/arantv.az\/index.php?rest_route=\/wp\/v2\/posts\/139803"}],"collection":[{"href":"https:\/\/arantv.az\/index.php?rest_route=\/wp\/v2\/posts"}],"about":[{"href":"https:\/\/arantv.az\/index.php?rest_route=\/wp\/v2\/types\/post"}],"author":[{"embeddable":true,"href":"https:\/\/arantv.az\/index.php?rest_route=\/wp\/v2\/users\/2"}],"replies":[{"embeddable":true,"href":"https:\/\/arantv.az\/index.php?rest_route=%2Fwp%2Fv2%2Fcomments&post=139803"}],"version-history":[{"count":0,"href":"https:\/\/arantv.az\/index.php?rest_route=\/wp\/v2\/posts\/139803\/revisions"}],"wp:featuredmedia":[{"embeddable":true,"href":"https:\/\/arantv.az\/index.php?rest_route=\/wp\/v2\/media\/139804"}],"wp:attachment":[{"href":"https:\/\/arantv.az\/index.php?rest_route=%2Fwp%2Fv2%2Fmedia&parent=139803"}],"wp:term":[{"taxonomy":"category","embeddable":true,"href":"https:\/\/arantv.az\/index.php?rest_route=%2Fwp%2Fv2%2Fcategories&post=139803"},{"taxonomy":"post_tag","embeddable":true,"href":"https:\/\/arantv.az\/index.php?rest_route=%2Fwp%2Fv2%2Ftags&post=139803"}],"curies":[{"name":"wp","href":"https:\/\/api.w.org\/{rel}","templated":true}]}}