{"id":139897,"date":"2020-03-09T09:44:37","date_gmt":"2020-03-09T06:44:37","guid":{"rendered":"http:\/\/arantv.az\/?p=139897"},"modified":"2020-03-09T09:44:37","modified_gmt":"2020-03-09T06:44:37","slug":"fhn-nazim-m%c9%99mm%c9%99dovun-adini-muavinl%c9%99ri-siyahisindan-cixardi-foto","status":"publish","type":"post","link":"https:\/\/arantv.az\/?p=139897","title":{"rendered":"FHN Nazim M\u0259mm\u0259dovun ad\u0131n\u0131 m\u00fcavinl\u0259ri siyah\u0131s\u0131ndan \u00e7\u0131xard\u0131 &#8211; FOTO"},"content":{"rendered":"<p>Nazim M\u0259mm\u0259dovun ad\u0131na F\u00f6vq\u0259lad\u0259 Hallar Nazirinin m\u00fcavinl\u0259ri siyah\u0131s\u0131nda rast g\u0259linmir.<\/p>\n<p><strong>ARANTV.AZ<\/strong> x\u0259b\u0259r verir ki, F\u00f6vq\u0259lad\u0259 Hallar Nazirinin m\u00fcavini, general-leytenant Nazim M\u0259mm\u0259dovun ad\u0131 nazir K\u0259mal\u0259ddin Heyd\u0259rovun m\u00fcavinl\u0259ri siyah\u0131s\u0131ndan \u00e7\u0131xar\u0131l\u0131b.<\/p>\n<div id=\"AdviadNativeVideo0\" class=\"AdviadNativeVideo\"><\/div>\n<p>Xat\u0131rladaq ki, N. M\u0259mm\u0259dov 2018-ci ild\u0259 Prezident \u0130lham \u018fliyevin s\u0259r\u0259ncam\u0131 il\u0259 F\u00f6vq\u0259lad\u0259 Hallar nazirinin m\u00fcavini t\u0259yin edilib.<\/p>\n<p>Qeyd ed\u0259k ki, haz\u0131rda m\u00fcavinl\u0259r siyah\u0131s\u0131nda\u00a0 R\u0259fail Mirz\u0259yev, Faiq Ta\u011f\u0131zad\u0259, Etibar Mirz\u0259yev, Ragim L\u0259tifov, Oruc\u0259li Hac\u0131yev, Teymur Mehdiyev v\u0259 Tapd\u0131q \u018fmiraslanovun ad\u0131 yer al\u0131b.<\/p>\n<div class=\"gallery\">\n<div class=\"gallery-i\"><img src=\"https:\/\/cdn.oxu.az\/uploads\/W1siZiIsIjIwMjAvMDMvMDkvMTAvMzcvMzEvZDA0Y2IyMGYtNGI0MS00N2JlLTk0NTctOGJjMDJiOWYzZjE3LzE1ODM3MzQ3NjJfZmhuMi5wbmciXSxbInAiLCJlbmNvZGUiLCJqcGciLCItcXVhbGl0eSA4MCJdLFsicCIsInRodW1iIiwiNTkweDU5MFx1MDAzZSJdXQ?sha=5504e9d665b68093\" alt=\"\" \/><\/div>\n<div class=\"gallery-i\"><img src=\"https:\/\/cdn.oxu.az\/uploads\/W1siZiIsIjIwMjAvMDMvMDkvMTAvMzcvNDAvNDEzMmY0OTItYzU1MS00M2FkLWEyZDktM2Y2MmI4MmRjMjk4LzE1ODM3MzQ3OTVfZmhuMS5wbmciXSxbInAiLCJlbmNvZGUiLCJqcGciLCItcXVhbGl0eSA4MCJdLFsicCIsInRodW1iIiwiNTkweDU5MFx1MDAzZSJdXQ?sha=e50f81802f1158f1\" alt=\"\" \/><\/div>\n<\/div>\n<div>Unikal.org<\/div>\n","protected":false},"excerpt":{"rendered":"<p>Nazim M\u0259mm\u0259dovun ad\u0131na F\u00f6vq\u0259lad\u0259 Hallar Nazirinin m\u00fcavinl\u0259ri siyah\u0131s\u0131nda rast g\u0259linmir. ARANTV.AZ x\u0259b\u0259r verir ki, F\u00f6vq\u0259lad\u0259 Hallar Nazirinin m\u00fcavini, general-leytenant Nazim M\u0259mm\u0259dovun ad\u0131 nazir K\u0259mal\u0259ddin Heyd\u0259rovun m\u00fcavinl\u0259ri siyah\u0131s\u0131ndan \u00e7\u0131xar\u0131l\u0131b. Xat\u0131rladaq ki, N. M\u0259mm\u0259dov 2018-ci ild\u0259 Prezident \u0130lham \u018fliyevin s\u0259r\u0259ncam\u0131 il\u0259 F\u00f6vq\u0259lad\u0259 Hallar nazirinin m\u00fcavini t\u0259yin edilib. Qeyd ed\u0259k ki, haz\u0131rda m\u00fcavinl\u0259r siyah\u0131s\u0131nda\u00a0 R\u0259fail Mirz\u0259yev, Faiq Ta\u011f\u0131zad\u0259, Etibar Mirz\u0259yev, Ragim L\u0259tifov, Oruc\u0259li Hac\u0131yev, Teymur Mehdiyev v\u0259 Tapd\u0131q \u018fmiraslanovun ad\u0131 yer al\u0131b. Unikal.org<\/p>\n","protected":false},"author":2,"featured_media":139898,"comment_status":"closed","ping_status":"closed","sticky":false,"template":"","format":"standard","meta":{"om_disable_all_campaigns":false,"_monsterinsights_skip_tracking":false,"_monsterinsights_sitenote_active":false,"_monsterinsights_sitenote_note":"","_monsterinsights_sitenote_category":0},"categories":[1],"tags":[],"aioseo_notices":[],"gutentor_comment":0,"rttpg_featured_image_url":{"full":["https:\/\/arantv.az\/wp-content\/uploads\/2020\/03\/1583734657_fhn.jpg",620,348,false],"landscape":["https:\/\/arantv.az\/wp-content\/uploads\/2020\/03\/1583734657_fhn.jpg",620,348,false],"portraits":["https:\/\/arantv.az\/wp-content\/uploads\/2020\/03\/1583734657_fhn.jpg",620,348,false],"thumbnail":["https:\/\/arantv.az\/wp-content\/uploads\/2020\/03\/1583734657_fhn-150x150.jpg",150,150,true],"medium":["https:\/\/arantv.az\/wp-content\/uploads\/2020\/03\/1583734657_fhn-300x168.jpg",300,168,true],"large":["https:\/\/arantv.az\/wp-content\/uploads\/2020\/03\/1583734657_fhn.jpg",620,348,false],"1536x1536":["https:\/\/arantv.az\/wp-content\/uploads\/2020\/03\/1583734657_fhn.jpg",620,348,false],"2048x2048":["https:\/\/arantv.az\/wp-content\/uploads\/2020\/03\/1583734657_fhn.jpg",620,348,false],"post-thumbnail":["https:\/\/arantv.az\/wp-content\/uploads\/2020\/03\/1583734657_fhn-240x172.jpg",240,172,true],"advps-thumb-one":["https:\/\/arantv.az\/wp-content\/uploads\/2020\/03\/1583734657_fhn.jpg",620,348,false]},"rttpg_author":{"display_name":"V\u00fcsal Rafiqo\u011flu","author_link":"https:\/\/arantv.az\/?author=2"},"rttpg_comment":0,"rttpg_category":"<a href=\"https:\/\/arantv.az\/?cat=1\" rel=\"category\">C\u0259miyy\u0259t<\/a>","rttpg_excerpt":"Nazim M\u0259mm\u0259dovun ad\u0131na F\u00f6vq\u0259lad\u0259 Hallar Nazirinin m\u00fcavinl\u0259ri siyah\u0131s\u0131nda rast g\u0259linmir. ARANTV.AZ x\u0259b\u0259r verir ki, F\u00f6vq\u0259lad\u0259 Hallar Nazirinin m\u00fcavini, general-leytenant Nazim M\u0259mm\u0259dovun ad\u0131 nazir K\u0259mal\u0259ddin Heyd\u0259rovun m\u00fcavinl\u0259ri siyah\u0131s\u0131ndan \u00e7\u0131xar\u0131l\u0131b. Xat\u0131rladaq ki, N. M\u0259mm\u0259dov 2018-ci ild\u0259 Prezident \u0130lham \u018fliyevin s\u0259r\u0259ncam\u0131 il\u0259 F\u00f6vq\u0259lad\u0259 Hallar nazirinin m\u00fcavini t\u0259yin edilib. Qeyd ed\u0259k ki, haz\u0131rda m\u00fcavinl\u0259r siyah\u0131s\u0131nda\u00a0 R\u0259fail Mirz\u0259yev, Faiq Ta\u011f\u0131zad\u0259,&hellip;","_links":{"self":[{"href":"https:\/\/arantv.az\/index.php?rest_route=\/wp\/v2\/posts\/139897"}],"collection":[{"href":"https:\/\/arantv.az\/index.php?rest_route=\/wp\/v2\/posts"}],"about":[{"href":"https:\/\/arantv.az\/index.php?rest_route=\/wp\/v2\/types\/post"}],"author":[{"embeddable":true,"href":"https:\/\/arantv.az\/index.php?rest_route=\/wp\/v2\/users\/2"}],"replies":[{"embeddable":true,"href":"https:\/\/arantv.az\/index.php?rest_route=%2Fwp%2Fv2%2Fcomments&post=139897"}],"version-history":[{"count":0,"href":"https:\/\/arantv.az\/index.php?rest_route=\/wp\/v2\/posts\/139897\/revisions"}],"wp:featuredmedia":[{"embeddable":true,"href":"https:\/\/arantv.az\/index.php?rest_route=\/wp\/v2\/media\/139898"}],"wp:attachment":[{"href":"https:\/\/arantv.az\/index.php?rest_route=%2Fwp%2Fv2%2Fmedia&parent=139897"}],"wp:term":[{"taxonomy":"category","embeddable":true,"href":"https:\/\/arantv.az\/index.php?rest_route=%2Fwp%2Fv2%2Fcategories&post=139897"},{"taxonomy":"post_tag","embeddable":true,"href":"https:\/\/arantv.az\/index.php?rest_route=%2Fwp%2Fv2%2Ftags&post=139897"}],"curies":[{"name":"wp","href":"https:\/\/api.w.org\/{rel}","templated":true}]}}