{"id":139966,"date":"2020-03-09T11:22:21","date_gmt":"2020-03-09T08:22:21","guid":{"rendered":"http:\/\/arantv.az\/?p=139966"},"modified":"2020-03-09T11:22:21","modified_gmt":"2020-03-09T08:22:21","slug":"ali-m%c9%99hk%c9%99m%c9%99nin-s%c9%99dri-tahir-k%c9%99rimlinin-q%c9%99rarlarinin-ustund%c9%99n-x%c9%99tt-c%c9%99kdi","status":"publish","type":"post","link":"https:\/\/arantv.az\/?p=139966","title":{"rendered":"Ali M\u0259hk\u0259m\u0259nin s\u0259dri Tahir K\u0259rimlinin q\u0259rarlar\u0131n\u0131n \u201c\u00fcst\u00fcnd\u0259n x\u0259tt \u00e7\u0259kdi\u201d"},"content":{"rendered":"<p>Ali M\u0259hk\u0259m\u0259nin Plenumunun b\u0259zi q\u0259rarlar\u0131 q\u00fcvv\u0259d\u0259n d\u00fc\u015f\u00fcb.<\/p>\n<p><b>ARANTV.AZ<\/b>-\u0131n m\u0259lumat\u0131na g\u00f6r\u0259, bununla ba\u011fl\u0131 Ali M\u0259hk\u0259m\u0259nin s\u0259dri Ramiz Rzayev q\u0259rar imzalay\u0131b.<\/p>\n<p>Bel\u0259 ki, \u201cRespublika m\u0259hk\u0259m\u0259l\u0259ri t\u0259r\u0259find\u0259n m\u0259nzil qanunvericiliyinin t\u0259tbiqi t\u0259cr\u00fcb\u0259si haqq\u0131nda\u201d 16 oktyabr 1992-ci il tarixli, \u00a0\u201c\u018fm\u0259k m\u00fcqavil\u0259sinin ba\u011flanmas\u0131n\u0131n d\u0259yi\u015fdirilm\u0259sini v\u0259 xitam\u0131n\u0131 nizama salan \u0259m\u0259k qanunvericiliyinin t\u0259tbiqinin m\u0259hk\u0259m\u0259 t\u0259cr\u00fcb\u0259si haqq\u0131nda\u201d 3 may 1993-c\u00fc il tarixli q\u0259rarlar q\u00fcvv\u0259d\u0259n d\u00fc\u015f\u00fcb.<\/p>\n<p>Qeyd ed\u0259k ki, h\u0259r iki q\u0259rar Ali M\u0259hk\u0259m\u0259nin h\u0259min tarixl\u0259rd\u0259 s\u0259dri i\u015fl\u0259mi\u015f Tahir K\u0259rimli t\u0259r\u0259find\u0259n verilib.<\/p>\n<p>Tahir K\u0259rimli 1992-ci ilin 2 iyulundan 1993-c\u00fc ilin 29 iyuluna q\u0259d\u0259r Ali M\u0259hk\u0259m\u0259y\u0259 s\u0259drlik edib.<\/p>\n<p>Qeyd ed\u0259k ki, Tahir K\u0259rimli Milli M\u0259clisin be\u015finci v\u0259 alt\u0131nc\u0131 \u00e7a\u011f\u0131r\u0131\u015f deputat\u0131d\u0131r.Oxu.Az<\/p>\n","protected":false},"excerpt":{"rendered":"<p>Ali M\u0259hk\u0259m\u0259nin Plenumunun b\u0259zi q\u0259rarlar\u0131 q\u00fcvv\u0259d\u0259n d\u00fc\u015f\u00fcb. ARANTV.AZ-\u0131n m\u0259lumat\u0131na g\u00f6r\u0259, bununla ba\u011fl\u0131 Ali M\u0259hk\u0259m\u0259nin s\u0259dri Ramiz Rzayev q\u0259rar imzalay\u0131b. Bel\u0259 ki, \u201cRespublika m\u0259hk\u0259m\u0259l\u0259ri t\u0259r\u0259find\u0259n m\u0259nzil qanunvericiliyinin t\u0259tbiqi t\u0259cr\u00fcb\u0259si haqq\u0131nda\u201d 16 oktyabr 1992-ci il tarixli, \u00a0\u201c\u018fm\u0259k m\u00fcqavil\u0259sinin ba\u011flanmas\u0131n\u0131n d\u0259yi\u015fdirilm\u0259sini v\u0259 xitam\u0131n\u0131 nizama salan \u0259m\u0259k qanunvericiliyinin t\u0259tbiqinin m\u0259hk\u0259m\u0259 t\u0259cr\u00fcb\u0259si haqq\u0131nda\u201d 3 may 1993-c\u00fc il tarixli q\u0259rarlar q\u00fcvv\u0259d\u0259n d\u00fc\u015f\u00fcb. Qeyd ed\u0259k ki, h\u0259r iki q\u0259rar Ali M\u0259hk\u0259m\u0259nin h\u0259min tarixl\u0259rd\u0259 s\u0259dri i\u015fl\u0259mi\u015f Tahir K\u0259rimli t\u0259r\u0259find\u0259n verilib. Tahir K\u0259rimli 1992-ci ilin 2 iyulundan 1993-c\u00fc ilin 29 iyuluna q\u0259d\u0259r Ali M\u0259hk\u0259m\u0259y\u0259 s\u0259drlik edib. Qeyd ed\u0259k ki,&hellip;<\/p>\n","protected":false},"author":2,"featured_media":139967,"comment_status":"closed","ping_status":"closed","sticky":false,"template":"","format":"standard","meta":{"om_disable_all_campaigns":false,"_monsterinsights_skip_tracking":false,"_monsterinsights_sitenote_active":false,"_monsterinsights_sitenote_note":"","_monsterinsights_sitenote_category":0},"categories":[1],"tags":[],"aioseo_notices":[],"gutentor_comment":0,"rttpg_featured_image_url":{"full":["https:\/\/arantv.az\/wp-content\/uploads\/2020\/03\/FotoJet-1-5.jpg",620,367,false],"landscape":["https:\/\/arantv.az\/wp-content\/uploads\/2020\/03\/FotoJet-1-5.jpg",620,367,false],"portraits":["https:\/\/arantv.az\/wp-content\/uploads\/2020\/03\/FotoJet-1-5.jpg",620,367,false],"thumbnail":["https:\/\/arantv.az\/wp-content\/uploads\/2020\/03\/FotoJet-1-5-150x150.jpg",150,150,true],"medium":["https:\/\/arantv.az\/wp-content\/uploads\/2020\/03\/FotoJet-1-5-300x178.jpg",300,178,true],"large":["https:\/\/arantv.az\/wp-content\/uploads\/2020\/03\/FotoJet-1-5.jpg",620,367,false],"1536x1536":["https:\/\/arantv.az\/wp-content\/uploads\/2020\/03\/FotoJet-1-5.jpg",620,367,false],"2048x2048":["https:\/\/arantv.az\/wp-content\/uploads\/2020\/03\/FotoJet-1-5.jpg",620,367,false],"post-thumbnail":["https:\/\/arantv.az\/wp-content\/uploads\/2020\/03\/FotoJet-1-5-240x172.jpg",240,172,true],"advps-thumb-one":["https:\/\/arantv.az\/wp-content\/uploads\/2020\/03\/FotoJet-1-5.jpg",620,367,false]},"rttpg_author":{"display_name":"V\u00fcsal Rafiqo\u011flu","author_link":"https:\/\/arantv.az\/?author=2"},"rttpg_comment":0,"rttpg_category":"<a href=\"https:\/\/arantv.az\/?cat=1\" rel=\"category\">C\u0259miyy\u0259t<\/a>","rttpg_excerpt":"Ali M\u0259hk\u0259m\u0259nin Plenumunun b\u0259zi q\u0259rarlar\u0131 q\u00fcvv\u0259d\u0259n d\u00fc\u015f\u00fcb. ARANTV.AZ-\u0131n m\u0259lumat\u0131na g\u00f6r\u0259, bununla ba\u011fl\u0131 Ali M\u0259hk\u0259m\u0259nin s\u0259dri Ramiz Rzayev q\u0259rar imzalay\u0131b. Bel\u0259 ki, \u201cRespublika m\u0259hk\u0259m\u0259l\u0259ri t\u0259r\u0259find\u0259n m\u0259nzil qanunvericiliyinin t\u0259tbiqi t\u0259cr\u00fcb\u0259si haqq\u0131nda\u201d 16 oktyabr 1992-ci il tarixli, \u00a0\u201c\u018fm\u0259k m\u00fcqavil\u0259sinin ba\u011flanmas\u0131n\u0131n d\u0259yi\u015fdirilm\u0259sini v\u0259 xitam\u0131n\u0131 nizama salan \u0259m\u0259k qanunvericiliyinin t\u0259tbiqinin m\u0259hk\u0259m\u0259 t\u0259cr\u00fcb\u0259si haqq\u0131nda\u201d 3 may 1993-c\u00fc il tarixli q\u0259rarlar q\u00fcvv\u0259d\u0259n&hellip;","_links":{"self":[{"href":"https:\/\/arantv.az\/index.php?rest_route=\/wp\/v2\/posts\/139966"}],"collection":[{"href":"https:\/\/arantv.az\/index.php?rest_route=\/wp\/v2\/posts"}],"about":[{"href":"https:\/\/arantv.az\/index.php?rest_route=\/wp\/v2\/types\/post"}],"author":[{"embeddable":true,"href":"https:\/\/arantv.az\/index.php?rest_route=\/wp\/v2\/users\/2"}],"replies":[{"embeddable":true,"href":"https:\/\/arantv.az\/index.php?rest_route=%2Fwp%2Fv2%2Fcomments&post=139966"}],"version-history":[{"count":0,"href":"https:\/\/arantv.az\/index.php?rest_route=\/wp\/v2\/posts\/139966\/revisions"}],"wp:featuredmedia":[{"embeddable":true,"href":"https:\/\/arantv.az\/index.php?rest_route=\/wp\/v2\/media\/139967"}],"wp:attachment":[{"href":"https:\/\/arantv.az\/index.php?rest_route=%2Fwp%2Fv2%2Fmedia&parent=139966"}],"wp:term":[{"taxonomy":"category","embeddable":true,"href":"https:\/\/arantv.az\/index.php?rest_route=%2Fwp%2Fv2%2Fcategories&post=139966"},{"taxonomy":"post_tag","embeddable":true,"href":"https:\/\/arantv.az\/index.php?rest_route=%2Fwp%2Fv2%2Ftags&post=139966"}],"curies":[{"name":"wp","href":"https:\/\/api.w.org\/{rel}","templated":true}]}}