{"id":140350,"date":"2020-03-10T10:14:19","date_gmt":"2020-03-10T07:14:19","guid":{"rendered":"http:\/\/arantv.az\/?p=140350"},"modified":"2020-03-10T10:14:19","modified_gmt":"2020-03-10T07:14:19","slug":"bu-gun-xanim-zeyn%c9%99bin-s-%c9%99-v%c9%99fatinin-ildonumudur","status":"publish","type":"post","link":"https:\/\/arantv.az\/?p=140350","title":{"rendered":"Bu g\u00fcn Xan\u0131m Zeyn\u0259bin (s.\u0259) v\u0259fat\u0131n\u0131n ild\u00f6n\u00fcm\u00fcd\u00fcr"},"content":{"rendered":"<p>Hicri t\u0259qviml\u0259 R\u0259c\u0259b ay\u0131n\u0131n 15-i (bu il mart\u0131n 10-u) Xan\u0131m Zeyn\u0259bin (s.\u0259) v\u0259fat g\u00fcn\u00fcd\u00fcr.<\/p>\n<p>Zeyn\u0259bi Kubra hicr\u0259tin 6-c\u0131 ilind\u0259 M\u0259din\u0259 \u015f\u0259h\u0259rind\u0259 d\u00fcnyaya g\u0259lib. Hz.Zeyn\u0259b(s.\u0259) \u0130mam \u018flinin(\u0259) v\u0259 Hz.Fatim\u0259nin(s.\u0259) \u00fc\u00e7\u00fcnc\u00fc \u00f6vlad\u0131 idi. Zeyn\u0259b \u0259r\u0259b dilind\u0259 &#8220;atas\u0131n\u0131n zin\u0259ti&#8221; dem\u0259kdir.<\/p>\n<p>M\u0259lumata g\u00f6r\u0259, bu ad\u0131 ona babas\u0131 Hz.Muh\u0259mm\u0259d(s) qoyub. Xan\u0131m Zeyn\u0259b(s.\u0259) 5 ya\u015f\u0131na q\u0259d\u0259r Pey\u011f\u0259mb\u0259rl\u0259(s) bir d\u00f6vrd\u0259 ya\u015fay\u0131b. Buna g\u00f6r\u0259 d\u0259 b\u0259zi aliml\u0259r onun s\u0259hab\u0259 oldu\u011funu qeyd edirl\u0259r. H\u0259r k\u0259s\u0259 qar\u015f\u0131 \u015f\u0259fq\u0259tli olan Hz.Pey\u011f\u0259mb\u0259r(s) ilk q\u0131z n\u0259v\u0259sini sev\u0259r\u0259k \u0259zizl\u0259y\u0259r v\u0259 \u00abt\u00f6vsiy\u0259 edir\u0259m ham\u0131 bu q\u0131za h\u00f6rm\u0259t etsin, o, X\u0259diceyi Kubra kimidir\u00bb dey\u0259rmi\u015f. Xan\u0131m Zeyn\u0259bin(s.\u0259) u\u015faql\u0131q v\u0259 g\u0259nclik d\u00f6vr\u00fc m\u00fcq\u0259dd\u0259s \u018fhli Beyt(\u0259) ail\u0259sind\u0259 ke\u00e7ir v\u0259 yetkilnik ya\u015f\u0131na \u00e7atd\u0131qda o, \u0130mam \u018flinin(\u0259) qarda\u015f\u0131 o\u011flu Abdullah ibn C\u0259f\u0259rl\u0259 ail\u0259 h\u0259yat\u0131 qurur. Qeyd ed\u0259k ki, tarixi m\u0259nb\u0259l\u0259r\u0259 g\u00f6r\u0259, Xan\u0131m Zeyn\u0259bin(s.\u0259) h\u0259yat yolda\u015f\u0131 Abdullah \u0259r\u0259bl\u0259r aras\u0131nda \u0259n d\u00f6vl\u0259tli insanlardan biri olub. M\u00fcxt\u0259lif m\u0259nb\u0259l\u0259rd\u0259 Abdullah\u0131n v\u0259 h\u0259yat yolda\u015f\u0131n\u0131n b\u00f6y\u00fck s\u0259xav\u0259tl\u0259ri haqq\u0131nda m\u0259lumatlar yer al\u0131b.<\/p>\n<p>V\u0259 n\u0259hay\u0259t hicr\u0259tin 40-c\u0131 ili. Hz.\u018fli(\u0259) Kuf\u0259d\u0259 \u015f\u0259hid olark\u0259n Xan\u0131m Zeyn\u0259bin(s.\u0259) 35 ya\u015f\u0131 vard\u0131. Bu t\u0259qvimd\u0259n sonra onsuz da \u00e7\u0259tinlikl\u0259rl\u0259, m\u00fcnafiql\u0259rin t\u0259zyiql\u0259ri alt\u0131nda ya\u015fayan Pey\u011f\u0259mb\u0259r(s) ail\u0259sinin v\u0259ziyy\u0259ti bir q\u0259d\u0259r d\u0259 pisl\u0259\u015fir. \u0130mam H\u0259s\u0259nin(\u0259) v\u0259 \u0130mam H\u00fcseynin(\u0259) d\u00f6vr\u00fcnd\u0259 Hz.Zeyn\u0259b(s.\u0259) h\u0259r zaman qarda\u015flar\u0131n\u0131n yan\u0131nda olur, onlar\u0131n qar\u015f\u0131la\u015fd\u0131\u011f\u0131 \u00e7\u0259tinlikl\u0259ri b\u00f6l\u00fc\u015f\u00fcrd\u00fc. Hicr\u0259tin 61-ci ilind\u0259 \u2013 \u0130mam H\u00fcseyn(\u0259) M\u0259din\u0259ni bird\u0259f\u0259lik t\u0259rk ed\u0259nd\u0259 onunla birlikd\u0259 Hz.Zeyn\u0259b(s.\u0259) d\u0259 vard\u0131\u2026<\/p>\n<p>Art\u0131q o vaxt idi ki, Muh\u0259mm\u0259din(s) reyhan\u0131 \u0130mam H\u00fcseynin(\u0259) bir zamanlar ox\u015fan\u0131b, \u0259zizl\u0259ndiyi pey\u011f\u0259mb\u0259r \u015f\u0259h\u0259ri M\u0259din\u0259d\u0259 qalma\u011fa yeri yoxdu. M\u0259din\u0259nin qap\u0131-p\u0259nc\u0259r\u0259l\u0259ri, k\u00fc\u00e7\u0259 v\u0259 dalanlar\u0131, yeri, g\u00f6y\u00fc v\u0259 h\u0259tta da\u015flar\u0131 a\u011flayaraq b\u00fct\u00fcn d\u00f6vrl\u0259rin \u0259n b\u00f6y\u00fck \u015f\u0259hidini yola sal\u0131rd\u0131. Bu \u015f\u0259h\u0259r onun babas\u0131, atas\u0131, anas\u0131, qarda\u015f\u0131, \u00f6z\u00fc v\u0259 ail\u0259sind\u0259n yaln\u0131z l\u00fctf v\u0259 m\u0259rh\u0259m\u0259t g\u00f6rm\u00fc\u015fd\u00fc. \u00d6l\u00fcm\u0259 ged\u0259n karvanda iki o\u011flu il\u0259 birlikd\u0259, ya\u015f\u0131 art\u0131q 50-ni \u00f6tm\u00fc\u015f Hz.Zeyn\u0259b(s.\u0259) d\u0259 vard\u0131.<\/p>\n<p>Qeyd etm\u0259k laz\u0131md\u0131r ki, K\u0259rb\u0259la \u015f\u0259hidl\u0259rin\u0259 ilk d\u0259f\u0259 \u0259za saxlayan da Xan\u0131m Zeny\u0259b(s.\u0259) olub. \u0130lk d\u0259f\u0259 \u018fhli-Beyt(\u0259) ail\u0259sinin sa\u011f qalanlar\u0131n\u0131 bir araya g\u0259tirib K\u0259rb\u0259la \u00e7\u00f6l\u00fcnd\u0259 \u015f\u0259hidl\u0259r\u0259 m\u0259clis quran Xan\u0131m Zeyn\u0259b(s.\u0259) idi. Bununla da m\u00fcs\u0259lmanlar\u0131n 1400 il\u0259 yax\u0131nd\u0131r davam ed\u0259n A\u015fura m\u0259kt\u0259binin \u0259sas\u0131 qoyulurdu.<\/p>\n<p>H\u0259zr\u0259t Zeyn\u0259b (s\u0259) \u0130mam H\u00fcseynin (\u0259) \u015f\u0259had\u0259tind\u0259n bir il sonra &#8211;\u00a0 hicr\u0259tin 62-ci ilind\u0259 \u015eamda v\u0259fat edib.<\/p>\n","protected":false},"excerpt":{"rendered":"<p>Hicri t\u0259qviml\u0259 R\u0259c\u0259b ay\u0131n\u0131n 15-i (bu il mart\u0131n 10-u) Xan\u0131m Zeyn\u0259bin (s.\u0259) v\u0259fat g\u00fcn\u00fcd\u00fcr. Zeyn\u0259bi Kubra hicr\u0259tin 6-c\u0131 ilind\u0259 M\u0259din\u0259 \u015f\u0259h\u0259rind\u0259 d\u00fcnyaya g\u0259lib. Hz.Zeyn\u0259b(s.\u0259) \u0130mam \u018flinin(\u0259) v\u0259 Hz.Fatim\u0259nin(s.\u0259) \u00fc\u00e7\u00fcnc\u00fc \u00f6vlad\u0131 idi. Zeyn\u0259b \u0259r\u0259b dilind\u0259 &#8220;atas\u0131n\u0131n zin\u0259ti&#8221; dem\u0259kdir. M\u0259lumata g\u00f6r\u0259, bu ad\u0131 ona babas\u0131 Hz.Muh\u0259mm\u0259d(s) qoyub. Xan\u0131m Zeyn\u0259b(s.\u0259) 5 ya\u015f\u0131na q\u0259d\u0259r Pey\u011f\u0259mb\u0259rl\u0259(s) bir d\u00f6vrd\u0259 ya\u015fay\u0131b. Buna g\u00f6r\u0259 d\u0259 b\u0259zi aliml\u0259r onun s\u0259hab\u0259 oldu\u011funu qeyd edirl\u0259r. H\u0259r k\u0259s\u0259 qar\u015f\u0131 \u015f\u0259fq\u0259tli olan Hz.Pey\u011f\u0259mb\u0259r(s) ilk q\u0131z n\u0259v\u0259sini sev\u0259r\u0259k \u0259zizl\u0259y\u0259r v\u0259 \u00abt\u00f6vsiy\u0259 edir\u0259m ham\u0131 bu q\u0131za h\u00f6rm\u0259t etsin, o, X\u0259diceyi Kubra kimidir\u00bb dey\u0259rmi\u015f. Xan\u0131m Zeyn\u0259bin(s.\u0259)&hellip;<\/p>\n","protected":false},"author":2,"featured_media":140351,"comment_status":"closed","ping_status":"closed","sticky":false,"template":"","format":"standard","meta":{"om_disable_all_campaigns":false,"_monsterinsights_skip_tracking":false,"_monsterinsights_sitenote_active":false,"_monsterinsights_sitenote_note":"","_monsterinsights_sitenote_category":0},"categories":[1],"tags":[],"aioseo_notices":[],"gutentor_comment":0,"rttpg_featured_image_url":{"full":["https:\/\/arantv.az\/wp-content\/uploads\/2020\/03\/71fcabf30fa6a7bd30515ce686621c7e_M.jpg",300,203,false],"landscape":["https:\/\/arantv.az\/wp-content\/uploads\/2020\/03\/71fcabf30fa6a7bd30515ce686621c7e_M.jpg",300,203,false],"portraits":["https:\/\/arantv.az\/wp-content\/uploads\/2020\/03\/71fcabf30fa6a7bd30515ce686621c7e_M.jpg",300,203,false],"thumbnail":["https:\/\/arantv.az\/wp-content\/uploads\/2020\/03\/71fcabf30fa6a7bd30515ce686621c7e_M-150x150.jpg",150,150,true],"medium":["https:\/\/arantv.az\/wp-content\/uploads\/2020\/03\/71fcabf30fa6a7bd30515ce686621c7e_M-300x203.jpg",300,203,true],"large":["https:\/\/arantv.az\/wp-content\/uploads\/2020\/03\/71fcabf30fa6a7bd30515ce686621c7e_M.jpg",300,203,false],"1536x1536":["https:\/\/arantv.az\/wp-content\/uploads\/2020\/03\/71fcabf30fa6a7bd30515ce686621c7e_M.jpg",300,203,false],"2048x2048":["https:\/\/arantv.az\/wp-content\/uploads\/2020\/03\/71fcabf30fa6a7bd30515ce686621c7e_M.jpg",300,203,false],"post-thumbnail":["https:\/\/arantv.az\/wp-content\/uploads\/2020\/03\/71fcabf30fa6a7bd30515ce686621c7e_M-240x172.jpg",240,172,true],"advps-thumb-one":["https:\/\/arantv.az\/wp-content\/uploads\/2020\/03\/71fcabf30fa6a7bd30515ce686621c7e_M.jpg",300,203,false]},"rttpg_author":{"display_name":"V\u00fcsal Rafiqo\u011flu","author_link":"https:\/\/arantv.az\/?author=2"},"rttpg_comment":0,"rttpg_category":"<a href=\"https:\/\/arantv.az\/?cat=1\" rel=\"category\">C\u0259miyy\u0259t<\/a>","rttpg_excerpt":"Hicri t\u0259qviml\u0259 R\u0259c\u0259b ay\u0131n\u0131n 15-i (bu il mart\u0131n 10-u) Xan\u0131m Zeyn\u0259bin (s.\u0259) v\u0259fat g\u00fcn\u00fcd\u00fcr. Zeyn\u0259bi Kubra hicr\u0259tin 6-c\u0131 ilind\u0259 M\u0259din\u0259 \u015f\u0259h\u0259rind\u0259 d\u00fcnyaya g\u0259lib. Hz.Zeyn\u0259b(s.\u0259) \u0130mam \u018flinin(\u0259) v\u0259 Hz.Fatim\u0259nin(s.\u0259) \u00fc\u00e7\u00fcnc\u00fc \u00f6vlad\u0131 idi. Zeyn\u0259b \u0259r\u0259b dilind\u0259 &#8220;atas\u0131n\u0131n zin\u0259ti&#8221; dem\u0259kdir. M\u0259lumata g\u00f6r\u0259, bu ad\u0131 ona babas\u0131 Hz.Muh\u0259mm\u0259d(s) qoyub. Xan\u0131m Zeyn\u0259b(s.\u0259) 5 ya\u015f\u0131na q\u0259d\u0259r Pey\u011f\u0259mb\u0259rl\u0259(s) bir d\u00f6vrd\u0259 ya\u015fay\u0131b. Buna&hellip;","_links":{"self":[{"href":"https:\/\/arantv.az\/index.php?rest_route=\/wp\/v2\/posts\/140350"}],"collection":[{"href":"https:\/\/arantv.az\/index.php?rest_route=\/wp\/v2\/posts"}],"about":[{"href":"https:\/\/arantv.az\/index.php?rest_route=\/wp\/v2\/types\/post"}],"author":[{"embeddable":true,"href":"https:\/\/arantv.az\/index.php?rest_route=\/wp\/v2\/users\/2"}],"replies":[{"embeddable":true,"href":"https:\/\/arantv.az\/index.php?rest_route=%2Fwp%2Fv2%2Fcomments&post=140350"}],"version-history":[{"count":0,"href":"https:\/\/arantv.az\/index.php?rest_route=\/wp\/v2\/posts\/140350\/revisions"}],"wp:featuredmedia":[{"embeddable":true,"href":"https:\/\/arantv.az\/index.php?rest_route=\/wp\/v2\/media\/140351"}],"wp:attachment":[{"href":"https:\/\/arantv.az\/index.php?rest_route=%2Fwp%2Fv2%2Fmedia&parent=140350"}],"wp:term":[{"taxonomy":"category","embeddable":true,"href":"https:\/\/arantv.az\/index.php?rest_route=%2Fwp%2Fv2%2Fcategories&post=140350"},{"taxonomy":"post_tag","embeddable":true,"href":"https:\/\/arantv.az\/index.php?rest_route=%2Fwp%2Fv2%2Ftags&post=140350"}],"curies":[{"name":"wp","href":"https:\/\/api.w.org\/{rel}","templated":true}]}}