{"id":140358,"date":"2020-03-10T10:18:15","date_gmt":"2020-03-10T07:18:15","guid":{"rendered":"http:\/\/arantv.az\/?p=140358"},"modified":"2020-03-10T10:18:15","modified_gmt":"2020-03-10T07:18:15","slug":"ust-bu-muharib%c9%99d%c9%99-qalib-g%c9%99l%c9%99-bil%c9%99rik","status":"publish","type":"post","link":"https:\/\/arantv.az\/?p=140358","title":{"rendered":"\u00dcST: \u201cBu m\u00fcharib\u0259d\u0259 qalib g\u0259l\u0259 bil\u0259rik\u201d"},"content":{"rendered":"<p>\u201cKoronavirusla (COVID-19) m\u00fcharib\u0259d\u0259 qalib g\u0259l\u0259 bil\u0259rik\u201d.<\/p>\n<p>\u201cHaber Global\u201d\u0131n m\u0259lumat\u0131na g\u00f6r\u0259, bu bar\u0259d\u0259 \u00dcmumd\u00fcnya S\u0259hiyy\u0259 T\u0259\u015fkilat\u0131n\u0131n (\u00dcST) ba\u015f direktoru Tedros Adhanom Qebreyesus b\u0259yan edib.<\/p>\n<p>\u201c\u00d6t\u0259n h\u0259ft\u0259nin sonuna olan m\u0259lumata g\u00f6r\u0259, 110 \u00f6lk\u0259d\u0259 100 min COVID-19 virusuna yoluxma hal\u0131 qeyd\u0259 al\u0131n\u0131b. Koronavirus art\u0131q bir \u00e7ox \u00f6lk\u0259y\u0259 ayaq a\u00e7\u0131b, pandemiya t\u0259hl\u00fck\u0259si h\u0259qiq\u0259t olub\u201d, &#8211; dey\u0259 o\u00a0bildirib.<\/p>\n<p>Qebreyesus bununla bel\u0259\u00a0COVID-19 virusunun tarixd\u0259 n\u0259zar\u0259t alt\u0131na al\u0131na bil\u0259c\u0259k ilk pandemiya ola bil\u0259c\u0259yini deyib: \u201c\u0130ndiy\u0259 q\u0259d\u0259r m\u0259lum olan yoluxma hallar\u0131n\u0131n 93 faizi sad\u0259c\u0259 d\u00f6rd \u00f6lk\u0259d\u0259ndir\u201d.<\/p>\n<p>Koronavirusa yoluxanlar\u0131n \u00e7oxunun sa\u011fald\u0131\u011f\u0131n\u0131, \u00c7ind\u0259 x\u0259st\u0259l\u0259n\u0259n 80 min adam\u0131n 70 faizinin x\u0259st\u0259xanalardan ev\u0259 burax\u0131ld\u0131\u011f\u0131n\u0131 bildir\u0259n \u00dcST-\u00fcn ba\u015f direktoru \u00c7in, \u0130taliya, Yaponiya, C\u0259nubi Koreya v\u0259 AB\u015e-da t\u0259cili t\u0259dbirl\u0259rin h\u0259yata ke\u00e7irildiyini deyib: \u201c\u00dcST 57 \u00f6lk\u0259y\u0259 f\u0259rdi m\u00fcdafi\u0259 vasit\u0259l\u0259ri t\u0259dar\u00fck edib, 120 \u00f6lk\u0259y\u0259 d\u0259 laboratoriya v\u0259saitl\u0259ri g\u00f6nd\u0259rib\u201d.<\/p>\n<p>O, virusun a\u015fkarland\u0131\u011f\u0131 110 \u00f6lk\u0259nin 79-da \u00fcmumi yoluxma hal\u0131n\u0131n 100-d\u0259n a\u015fa\u011f\u0131 oldu\u011funu vur\u011fulay\u0131b: \u201cBu m\u00fcharib\u0259d\u0259 qalib g\u0259l\u0259 bil\u0259rik\u201d.<\/p>\n","protected":false},"excerpt":{"rendered":"<p>\u201cKoronavirusla (COVID-19) m\u00fcharib\u0259d\u0259 qalib g\u0259l\u0259 bil\u0259rik\u201d. \u201cHaber Global\u201d\u0131n m\u0259lumat\u0131na g\u00f6r\u0259, bu bar\u0259d\u0259 \u00dcmumd\u00fcnya S\u0259hiyy\u0259 T\u0259\u015fkilat\u0131n\u0131n (\u00dcST) ba\u015f direktoru Tedros Adhanom Qebreyesus b\u0259yan edib. \u201c\u00d6t\u0259n h\u0259ft\u0259nin sonuna olan m\u0259lumata g\u00f6r\u0259, 110 \u00f6lk\u0259d\u0259 100 min COVID-19 virusuna yoluxma hal\u0131 qeyd\u0259 al\u0131n\u0131b. Koronavirus art\u0131q bir \u00e7ox \u00f6lk\u0259y\u0259 ayaq a\u00e7\u0131b, pandemiya t\u0259hl\u00fck\u0259si h\u0259qiq\u0259t olub\u201d, &#8211; dey\u0259 o\u00a0bildirib. Qebreyesus bununla bel\u0259\u00a0COVID-19 virusunun tarixd\u0259 n\u0259zar\u0259t alt\u0131na al\u0131na bil\u0259c\u0259k ilk pandemiya ola bil\u0259c\u0259yini deyib: \u201c\u0130ndiy\u0259 q\u0259d\u0259r m\u0259lum olan yoluxma hallar\u0131n\u0131n 93 faizi sad\u0259c\u0259 d\u00f6rd \u00f6lk\u0259d\u0259ndir\u201d. Koronavirusa yoluxanlar\u0131n \u00e7oxunun sa\u011fald\u0131\u011f\u0131n\u0131, \u00c7ind\u0259 x\u0259st\u0259l\u0259n\u0259n 80 min adam\u0131n 70 faizinin x\u0259st\u0259xanalardan&hellip;<\/p>\n","protected":false},"author":2,"featured_media":140359,"comment_status":"closed","ping_status":"closed","sticky":false,"template":"","format":"standard","meta":{"om_disable_all_campaigns":false,"_monsterinsights_skip_tracking":false,"_monsterinsights_sitenote_active":false,"_monsterinsights_sitenote_note":"","_monsterinsights_sitenote_category":0},"categories":[7],"tags":[],"aioseo_notices":[],"gutentor_comment":0,"rttpg_featured_image_url":{"full":["https:\/\/arantv.az\/wp-content\/uploads\/2020\/03\/2392156_ac57d5d28878a63bec46fabcc576ebc1.jpg",620,322,false],"landscape":["https:\/\/arantv.az\/wp-content\/uploads\/2020\/03\/2392156_ac57d5d28878a63bec46fabcc576ebc1.jpg",620,322,false],"portraits":["https:\/\/arantv.az\/wp-content\/uploads\/2020\/03\/2392156_ac57d5d28878a63bec46fabcc576ebc1.jpg",620,322,false],"thumbnail":["https:\/\/arantv.az\/wp-content\/uploads\/2020\/03\/2392156_ac57d5d28878a63bec46fabcc576ebc1-150x150.jpg",150,150,true],"medium":["https:\/\/arantv.az\/wp-content\/uploads\/2020\/03\/2392156_ac57d5d28878a63bec46fabcc576ebc1-300x156.jpg",300,156,true],"large":["https:\/\/arantv.az\/wp-content\/uploads\/2020\/03\/2392156_ac57d5d28878a63bec46fabcc576ebc1.jpg",620,322,false],"1536x1536":["https:\/\/arantv.az\/wp-content\/uploads\/2020\/03\/2392156_ac57d5d28878a63bec46fabcc576ebc1.jpg",620,322,false],"2048x2048":["https:\/\/arantv.az\/wp-content\/uploads\/2020\/03\/2392156_ac57d5d28878a63bec46fabcc576ebc1.jpg",620,322,false],"post-thumbnail":["https:\/\/arantv.az\/wp-content\/uploads\/2020\/03\/2392156_ac57d5d28878a63bec46fabcc576ebc1-240x172.jpg",240,172,true],"advps-thumb-one":["https:\/\/arantv.az\/wp-content\/uploads\/2020\/03\/2392156_ac57d5d28878a63bec46fabcc576ebc1.jpg",620,322,false]},"rttpg_author":{"display_name":"V\u00fcsal Rafiqo\u011flu","author_link":"https:\/\/arantv.az\/?author=2"},"rttpg_comment":0,"rttpg_category":"<a href=\"https:\/\/arantv.az\/?cat=7\" rel=\"category\">D\u00fcnya<\/a>","rttpg_excerpt":"\u201cKoronavirusla (COVID-19) m\u00fcharib\u0259d\u0259 qalib g\u0259l\u0259 bil\u0259rik\u201d. \u201cHaber Global\u201d\u0131n m\u0259lumat\u0131na g\u00f6r\u0259, bu bar\u0259d\u0259 \u00dcmumd\u00fcnya S\u0259hiyy\u0259 T\u0259\u015fkilat\u0131n\u0131n (\u00dcST) ba\u015f direktoru Tedros Adhanom Qebreyesus b\u0259yan edib. \u201c\u00d6t\u0259n h\u0259ft\u0259nin sonuna olan m\u0259lumata g\u00f6r\u0259, 110 \u00f6lk\u0259d\u0259 100 min COVID-19 virusuna yoluxma hal\u0131 qeyd\u0259 al\u0131n\u0131b. Koronavirus art\u0131q bir \u00e7ox \u00f6lk\u0259y\u0259 ayaq a\u00e7\u0131b, pandemiya t\u0259hl\u00fck\u0259si h\u0259qiq\u0259t olub\u201d, &#8211; dey\u0259 o\u00a0bildirib. Qebreyesus bununla&hellip;","_links":{"self":[{"href":"https:\/\/arantv.az\/index.php?rest_route=\/wp\/v2\/posts\/140358"}],"collection":[{"href":"https:\/\/arantv.az\/index.php?rest_route=\/wp\/v2\/posts"}],"about":[{"href":"https:\/\/arantv.az\/index.php?rest_route=\/wp\/v2\/types\/post"}],"author":[{"embeddable":true,"href":"https:\/\/arantv.az\/index.php?rest_route=\/wp\/v2\/users\/2"}],"replies":[{"embeddable":true,"href":"https:\/\/arantv.az\/index.php?rest_route=%2Fwp%2Fv2%2Fcomments&post=140358"}],"version-history":[{"count":0,"href":"https:\/\/arantv.az\/index.php?rest_route=\/wp\/v2\/posts\/140358\/revisions"}],"wp:featuredmedia":[{"embeddable":true,"href":"https:\/\/arantv.az\/index.php?rest_route=\/wp\/v2\/media\/140359"}],"wp:attachment":[{"href":"https:\/\/arantv.az\/index.php?rest_route=%2Fwp%2Fv2%2Fmedia&parent=140358"}],"wp:term":[{"taxonomy":"category","embeddable":true,"href":"https:\/\/arantv.az\/index.php?rest_route=%2Fwp%2Fv2%2Fcategories&post=140358"},{"taxonomy":"post_tag","embeddable":true,"href":"https:\/\/arantv.az\/index.php?rest_route=%2Fwp%2Fv2%2Ftags&post=140358"}],"curies":[{"name":"wp","href":"https:\/\/api.w.org\/{rel}","templated":true}]}}