{"id":140366,"date":"2020-03-10T10:23:46","date_gmt":"2020-03-10T07:23:46","guid":{"rendered":"http:\/\/arantv.az\/?p=140366"},"modified":"2020-03-10T10:23:46","modified_gmt":"2020-03-10T07:23:46","slug":"ilham-%c9%99liyev-yeni-cagiris-milli-m%c9%99clisin-ilk-iclasinda-yenil%c9%99nib","status":"publish","type":"post","link":"https:\/\/arantv.az\/?p=140366","title":{"rendered":"\u0130lham \u018fliyev yeni \u00e7a\u011f\u0131r\u0131\u015f Milli M\u0259clisin ilk iclas\u0131nda &#8211; YEN\u0130L\u018fN\u0130B"},"content":{"rendered":"<p>\u0130clasa s\u0259drlik ed\u0259n Ziyad S\u0259m\u0259dzad\u0259 alt\u0131nc\u0131 \u00e7a\u011f\u0131r\u0131\u015f Milli M\u0259clisin ilk iclas\u0131n\u0131 a\u00e7\u0131q elan edib.<\/p>\n<p>Bununla ba\u011fl\u0131 AZ\u018fRTAC m\u0259lumat yay\u0131b.<\/p>\n<p>Sonra Z.S\u0259m\u0259dzad\u0259 alt\u0131nc\u0131 \u00e7a\u011f\u0131r\u0131\u015f Milli M\u0259clis\u0259 se\u00e7ilmi\u015f deputatlar\u0131n siyah\u0131s\u0131n\u0131 oxunub.<\/p>\n<p><strong>11:09<\/strong><\/p>\n<p>Mart\u0131n 10-da alt\u0131nc\u0131 \u00e7a\u011f\u0131r\u0131\u015f Az\u0259rbaycan Respublikas\u0131 Milli M\u0259clisinin ilk iclas\u0131 ke\u00e7irilir.<\/p>\n<p><strong>ARANTV.AZ<\/strong> \u00a0x\u0259b\u0259r verir ki, Az\u0259rbaycan Respublikas\u0131n\u0131n Prezidenti \u0130lham \u018fliyev iclasda i\u015ftirak edir.<\/p>\n<p>\u0130clas\u0131 Milli M\u0259clis Aparat\u0131n\u0131n r\u0259hb\u0259ri S\u0259fa Mirz\u0259yev a\u00e7araq deputatlar\u0131 t\u0259brik edib. Bildirib ki, Milli M\u0259clisin Daxili Nizamnam\u0259sinin 2-ci madd\u0259sin\u0259 g\u00f6r\u0259, parlamentin ilk iclas\u0131n\u0131 \u0259n ya\u015fl\u0131 deputat apar\u0131r v\u0259 bu missiya deputat Ziyad S\u0259m\u0259dzad\u0259y\u0259 n\u0259sib olub.<\/p>\n<p><strong>10:58<\/strong><\/p>\n<p>Alt\u0131nc\u0131 \u00e7a\u011f\u0131r\u0131\u015f Milli M\u0259clisin ilk iclas\u0131 ba\u015flay\u0131b.<\/p>\n<p><strong>ARANTV.AZ-<\/strong>\u0131n m\u0259lumat\u0131na g\u00f6r\u0259, Milli M\u0259clis s\u0259dri se\u00e7il\u0259n\u0259 q\u0259d\u0259r iclasa \u0259n qocaman deputat s\u0259drlik ed\u0259c\u0259k.<\/p>\n<p>\u018fn qocaman deputat is\u0259 F\u0259ttah Heyd\u0259rovdur. Onun 82 ya\u015f\u0131 var.AZ\u018fRTAC<\/p>\n","protected":false},"excerpt":{"rendered":"<p>\u0130clasa s\u0259drlik ed\u0259n Ziyad S\u0259m\u0259dzad\u0259 alt\u0131nc\u0131 \u00e7a\u011f\u0131r\u0131\u015f Milli M\u0259clisin ilk iclas\u0131n\u0131 a\u00e7\u0131q elan edib. Bununla ba\u011fl\u0131 AZ\u018fRTAC m\u0259lumat yay\u0131b. Sonra Z.S\u0259m\u0259dzad\u0259 alt\u0131nc\u0131 \u00e7a\u011f\u0131r\u0131\u015f Milli M\u0259clis\u0259 se\u00e7ilmi\u015f deputatlar\u0131n siyah\u0131s\u0131n\u0131 oxunub. 11:09 Mart\u0131n 10-da alt\u0131nc\u0131 \u00e7a\u011f\u0131r\u0131\u015f Az\u0259rbaycan Respublikas\u0131 Milli M\u0259clisinin ilk iclas\u0131 ke\u00e7irilir. ARANTV.AZ \u00a0x\u0259b\u0259r verir ki, Az\u0259rbaycan Respublikas\u0131n\u0131n Prezidenti \u0130lham \u018fliyev iclasda i\u015ftirak edir. \u0130clas\u0131 Milli M\u0259clis Aparat\u0131n\u0131n r\u0259hb\u0259ri S\u0259fa Mirz\u0259yev a\u00e7araq deputatlar\u0131 t\u0259brik edib. Bildirib ki, Milli M\u0259clisin Daxili Nizamnam\u0259sinin 2-ci madd\u0259sin\u0259 g\u00f6r\u0259, parlamentin ilk iclas\u0131n\u0131 \u0259n ya\u015fl\u0131 deputat apar\u0131r v\u0259 bu missiya deputat Ziyad S\u0259m\u0259dzad\u0259y\u0259 n\u0259sib olub. 10:58 Alt\u0131nc\u0131&hellip;<\/p>\n","protected":false},"author":2,"featured_media":140367,"comment_status":"closed","ping_status":"closed","sticky":false,"template":"","format":"standard","meta":{"om_disable_all_campaigns":false,"_monsterinsights_skip_tracking":false,"_monsterinsights_sitenote_active":false,"_monsterinsights_sitenote_note":"","_monsterinsights_sitenote_category":0},"categories":[4],"tags":[],"aioseo_notices":[],"gutentor_comment":0,"rttpg_featured_image_url":{"full":["https:\/\/arantv.az\/wp-content\/uploads\/2020\/03\/Milli-M\u00c9_clis-\u00c4\u00b0lham-\u00c6_liyev.jpg",620,448,false],"landscape":["https:\/\/arantv.az\/wp-content\/uploads\/2020\/03\/Milli-M\u00c9_clis-\u00c4\u00b0lham-\u00c6_liyev.jpg",620,448,false],"portraits":["https:\/\/arantv.az\/wp-content\/uploads\/2020\/03\/Milli-M\u00c9_clis-\u00c4\u00b0lham-\u00c6_liyev.jpg",620,448,false],"thumbnail":["https:\/\/arantv.az\/wp-content\/uploads\/2020\/03\/Milli-M\u00c9_clis-\u00c4\u00b0lham-\u00c6_liyev-150x150.jpg",150,150,true],"medium":["https:\/\/arantv.az\/wp-content\/uploads\/2020\/03\/Milli-M\u00c9_clis-\u00c4\u00b0lham-\u00c6_liyev-300x217.jpg",300,217,true],"large":["https:\/\/arantv.az\/wp-content\/uploads\/2020\/03\/Milli-M\u00c9_clis-\u00c4\u00b0lham-\u00c6_liyev.jpg",620,448,false],"1536x1536":["https:\/\/arantv.az\/wp-content\/uploads\/2020\/03\/Milli-M\u00c9_clis-\u00c4\u00b0lham-\u00c6_liyev.jpg",620,448,false],"2048x2048":["https:\/\/arantv.az\/wp-content\/uploads\/2020\/03\/Milli-M\u00c9_clis-\u00c4\u00b0lham-\u00c6_liyev.jpg",620,448,false],"post-thumbnail":["https:\/\/arantv.az\/wp-content\/uploads\/2020\/03\/Milli-M\u00c9_clis-\u00c4\u00b0lham-\u00c6_liyev-240x172.jpg",240,172,true],"advps-thumb-one":["https:\/\/arantv.az\/wp-content\/uploads\/2020\/03\/Milli-M\u00c9_clis-\u00c4\u00b0lham-\u00c6_liyev.jpg",620,448,false]},"rttpg_author":{"display_name":"V\u00fcsal Rafiqo\u011flu","author_link":"https:\/\/arantv.az\/?author=2"},"rttpg_comment":0,"rttpg_category":"<a href=\"https:\/\/arantv.az\/?cat=4\" rel=\"category\">Siyas\u0259t<\/a>","rttpg_excerpt":"\u0130clasa s\u0259drlik ed\u0259n Ziyad S\u0259m\u0259dzad\u0259 alt\u0131nc\u0131 \u00e7a\u011f\u0131r\u0131\u015f Milli M\u0259clisin ilk iclas\u0131n\u0131 a\u00e7\u0131q elan edib. Bununla ba\u011fl\u0131 AZ\u018fRTAC m\u0259lumat yay\u0131b. Sonra Z.S\u0259m\u0259dzad\u0259 alt\u0131nc\u0131 \u00e7a\u011f\u0131r\u0131\u015f Milli M\u0259clis\u0259 se\u00e7ilmi\u015f deputatlar\u0131n siyah\u0131s\u0131n\u0131 oxunub. 11:09 Mart\u0131n 10-da alt\u0131nc\u0131 \u00e7a\u011f\u0131r\u0131\u015f Az\u0259rbaycan Respublikas\u0131 Milli M\u0259clisinin ilk iclas\u0131 ke\u00e7irilir. ARANTV.AZ \u00a0x\u0259b\u0259r verir ki, Az\u0259rbaycan Respublikas\u0131n\u0131n Prezidenti \u0130lham \u018fliyev iclasda i\u015ftirak edir. \u0130clas\u0131 Milli&hellip;","_links":{"self":[{"href":"https:\/\/arantv.az\/index.php?rest_route=\/wp\/v2\/posts\/140366"}],"collection":[{"href":"https:\/\/arantv.az\/index.php?rest_route=\/wp\/v2\/posts"}],"about":[{"href":"https:\/\/arantv.az\/index.php?rest_route=\/wp\/v2\/types\/post"}],"author":[{"embeddable":true,"href":"https:\/\/arantv.az\/index.php?rest_route=\/wp\/v2\/users\/2"}],"replies":[{"embeddable":true,"href":"https:\/\/arantv.az\/index.php?rest_route=%2Fwp%2Fv2%2Fcomments&post=140366"}],"version-history":[{"count":0,"href":"https:\/\/arantv.az\/index.php?rest_route=\/wp\/v2\/posts\/140366\/revisions"}],"wp:featuredmedia":[{"embeddable":true,"href":"https:\/\/arantv.az\/index.php?rest_route=\/wp\/v2\/media\/140367"}],"wp:attachment":[{"href":"https:\/\/arantv.az\/index.php?rest_route=%2Fwp%2Fv2%2Fmedia&parent=140366"}],"wp:term":[{"taxonomy":"category","embeddable":true,"href":"https:\/\/arantv.az\/index.php?rest_route=%2Fwp%2Fv2%2Fcategories&post=140366"},{"taxonomy":"post_tag","embeddable":true,"href":"https:\/\/arantv.az\/index.php?rest_route=%2Fwp%2Fv2%2Ftags&post=140366"}],"curies":[{"name":"wp","href":"https:\/\/api.w.org\/{rel}","templated":true}]}}