{"id":140370,"date":"2020-03-10T10:26:26","date_gmt":"2020-03-10T07:26:26","guid":{"rendered":"http:\/\/arantv.az\/?p=140370"},"modified":"2020-03-10T10:26:26","modified_gmt":"2020-03-10T07:26:26","slug":"iranda-z%c9%99lz%c9%99l%c9%99-olub-2","status":"publish","type":"post","link":"https:\/\/arantv.az\/?p=140370","title":{"rendered":"\u0130randa z\u0259lz\u0259l\u0259 olub"},"content":{"rendered":"<p>&#8220;\u0130ran\u0131n \u015fimal-q\u0259rbind\u0259 yerl\u0259\u015f\u0259n Q\u0259rbi Az\u0259rbaycan vilay\u0259tinin Xoy rayonunun Qotur m\u0259nt\u0259q\u0259sind\u0259 4 bal g\u00fcc\u00fcnd\u0259 z\u0259lz\u0259l\u0259 ba\u015f verib&#8221;.<\/p>\n<p><strong>ARANTV.AZ\u00a0<\/strong>\u00a0<a href=\"http:\/\/trend.az\/\" target=\"_blank\" rel=\"noopener\">T<\/a><a href=\"https:\/\/az.trend.az\/\" target=\"_blank\" rel=\"noopener\">rend<\/a>-\u0259 istinad\u0259n x\u0259b\u0259r verir ki, bunu \u0130ran\u0131n Tehran Universiteti Geofizika \u0130nstitutu Seysmologiya M\u0259rk\u0259zi bildirib.<\/p>\n<p>Z\u0259lz\u0259l\u0259 yerli vaxtla saat 06:23 d\u0259qiq\u0259d\u0259 10 km d\u0259rinlikd\u0259 qeyd al\u0131n\u0131b.<\/p>\n<p>Ehtimal olunan da\u011f\u0131nt\u0131 v\u0259 t\u0259l\u0259fat haqda m\u0259lumat verilm\u0259yib.<\/p>\n<div><\/div>\n<p>Qeyd ed\u0259k ki, 23 fevralda \u0130ran\u0131n Q\u0259rbi Az\u0259rbaycan vilay\u0259tinin Xoy rayonunda ba\u015f ver\u0259n z\u0259lz\u0259l\u0259d\u0259 109 n\u0259f\u0259r yaralan\u0131b.<\/p>\n","protected":false},"excerpt":{"rendered":"<p>&#8220;\u0130ran\u0131n \u015fimal-q\u0259rbind\u0259 yerl\u0259\u015f\u0259n Q\u0259rbi Az\u0259rbaycan vilay\u0259tinin Xoy rayonunun Qotur m\u0259nt\u0259q\u0259sind\u0259 4 bal g\u00fcc\u00fcnd\u0259 z\u0259lz\u0259l\u0259 ba\u015f verib&#8221;. ARANTV.AZ\u00a0\u00a0Trend-\u0259 istinad\u0259n x\u0259b\u0259r verir ki, bunu \u0130ran\u0131n Tehran Universiteti Geofizika \u0130nstitutu Seysmologiya M\u0259rk\u0259zi bildirib. Z\u0259lz\u0259l\u0259 yerli vaxtla saat 06:23 d\u0259qiq\u0259d\u0259 10 km d\u0259rinlikd\u0259 qeyd al\u0131n\u0131b. Ehtimal olunan da\u011f\u0131nt\u0131 v\u0259 t\u0259l\u0259fat haqda m\u0259lumat verilm\u0259yib. Qeyd ed\u0259k ki, 23 fevralda \u0130ran\u0131n Q\u0259rbi Az\u0259rbaycan vilay\u0259tinin Xoy rayonunda ba\u015f ver\u0259n z\u0259lz\u0259l\u0259d\u0259 109 n\u0259f\u0259r yaralan\u0131b.<\/p>\n","protected":false},"author":2,"featured_media":140371,"comment_status":"closed","ping_status":"closed","sticky":false,"template":"","format":"standard","meta":{"om_disable_all_campaigns":false,"_monsterinsights_skip_tracking":false,"_monsterinsights_sitenote_active":false,"_monsterinsights_sitenote_note":"","_monsterinsights_sitenote_category":0},"categories":[7],"tags":[],"aioseo_notices":[],"gutentor_comment":0,"rttpg_featured_image_url":{"full":["https:\/\/arantv.az\/wp-content\/uploads\/2020\/03\/zelzele_0478.jpg",800,600,false],"landscape":["https:\/\/arantv.az\/wp-content\/uploads\/2020\/03\/zelzele_0478.jpg",800,600,false],"portraits":["https:\/\/arantv.az\/wp-content\/uploads\/2020\/03\/zelzele_0478.jpg",800,600,false],"thumbnail":["https:\/\/arantv.az\/wp-content\/uploads\/2020\/03\/zelzele_0478-150x150.jpg",150,150,true],"medium":["https:\/\/arantv.az\/wp-content\/uploads\/2020\/03\/zelzele_0478-300x225.jpg",300,225,true],"large":["https:\/\/arantv.az\/wp-content\/uploads\/2020\/03\/zelzele_0478.jpg",640,480,false],"1536x1536":["https:\/\/arantv.az\/wp-content\/uploads\/2020\/03\/zelzele_0478.jpg",800,600,false],"2048x2048":["https:\/\/arantv.az\/wp-content\/uploads\/2020\/03\/zelzele_0478.jpg",800,600,false],"post-thumbnail":["https:\/\/arantv.az\/wp-content\/uploads\/2020\/03\/zelzele_0478-240x172.jpg",240,172,true],"advps-thumb-one":["https:\/\/arantv.az\/wp-content\/uploads\/2020\/03\/zelzele_0478.jpg",800,600,false]},"rttpg_author":{"display_name":"V\u00fcsal Rafiqo\u011flu","author_link":"https:\/\/arantv.az\/?author=2"},"rttpg_comment":0,"rttpg_category":"<a href=\"https:\/\/arantv.az\/?cat=7\" rel=\"category\">D\u00fcnya<\/a>","rttpg_excerpt":"&#8220;\u0130ran\u0131n \u015fimal-q\u0259rbind\u0259 yerl\u0259\u015f\u0259n Q\u0259rbi Az\u0259rbaycan vilay\u0259tinin Xoy rayonunun Qotur m\u0259nt\u0259q\u0259sind\u0259 4 bal g\u00fcc\u00fcnd\u0259 z\u0259lz\u0259l\u0259 ba\u015f verib&#8221;. ARANTV.AZ\u00a0\u00a0Trend-\u0259 istinad\u0259n x\u0259b\u0259r verir ki, bunu \u0130ran\u0131n Tehran Universiteti Geofizika \u0130nstitutu Seysmologiya M\u0259rk\u0259zi bildirib. Z\u0259lz\u0259l\u0259 yerli vaxtla saat 06:23 d\u0259qiq\u0259d\u0259 10 km d\u0259rinlikd\u0259 qeyd al\u0131n\u0131b. Ehtimal olunan da\u011f\u0131nt\u0131 v\u0259 t\u0259l\u0259fat haqda m\u0259lumat verilm\u0259yib. Qeyd ed\u0259k ki, 23 fevralda \u0130ran\u0131n&hellip;","_links":{"self":[{"href":"https:\/\/arantv.az\/index.php?rest_route=\/wp\/v2\/posts\/140370"}],"collection":[{"href":"https:\/\/arantv.az\/index.php?rest_route=\/wp\/v2\/posts"}],"about":[{"href":"https:\/\/arantv.az\/index.php?rest_route=\/wp\/v2\/types\/post"}],"author":[{"embeddable":true,"href":"https:\/\/arantv.az\/index.php?rest_route=\/wp\/v2\/users\/2"}],"replies":[{"embeddable":true,"href":"https:\/\/arantv.az\/index.php?rest_route=%2Fwp%2Fv2%2Fcomments&post=140370"}],"version-history":[{"count":0,"href":"https:\/\/arantv.az\/index.php?rest_route=\/wp\/v2\/posts\/140370\/revisions"}],"wp:featuredmedia":[{"embeddable":true,"href":"https:\/\/arantv.az\/index.php?rest_route=\/wp\/v2\/media\/140371"}],"wp:attachment":[{"href":"https:\/\/arantv.az\/index.php?rest_route=%2Fwp%2Fv2%2Fmedia&parent=140370"}],"wp:term":[{"taxonomy":"category","embeddable":true,"href":"https:\/\/arantv.az\/index.php?rest_route=%2Fwp%2Fv2%2Fcategories&post=140370"},{"taxonomy":"post_tag","embeddable":true,"href":"https:\/\/arantv.az\/index.php?rest_route=%2Fwp%2Fv2%2Ftags&post=140370"}],"curies":[{"name":"wp","href":"https:\/\/api.w.org\/{rel}","templated":true}]}}