{"id":140374,"date":"2020-03-10T10:29:03","date_gmt":"2020-03-10T07:29:03","guid":{"rendered":"http:\/\/arantv.az\/?p=140374"},"modified":"2020-03-10T10:29:03","modified_gmt":"2020-03-10T07:29:03","slug":"bakida-feminist-qiz-ozunu-binadan-atdi-foto","status":"publish","type":"post","link":"https:\/\/arantv.az\/?p=140374","title":{"rendered":"Bak\u0131da feminist q\u0131z \u00f6z\u00fcn\u00fc binadan atd\u0131 &#8211; FOTO"},"content":{"rendered":"<div class=\"row\">\n<div class=\"post single\">\n<div class=\"post_content page_margin_top_section clearfix\">\n<div class=\"content_box\">\n<div class=\"text\">\n<p><strong>Bak\u0131da feminist q\u0131z intihara c\u0259hd edib.<\/strong><\/p>\n<p>Tan\u0131nm\u0131\u015f f\u0259al Aysel \u018fl\u0259kb\u0259rzad\u0259 ya\u015fad\u0131\u011f\u0131 binadan \u00f6z\u00fcn\u00fc at\u0131b. O, ald\u0131\u011f\u0131 m\u00fcxt\u0259lif x\u0259sar\u0259tl\u0259rl\u0259 Kliniki Tibbi M\u0259rk\u0259z\u0259 yerl\u0259\u015fdirilib.<\/p>\n<p>Qeyd ed\u0259k ki, A. \u018fl\u0259kb\u0259rzad\u0259 mart\u0131n 8-d\u0259 Bak\u0131n\u0131n m\u0259rk\u0259zind\u0259 feminist qad\u0131nlar\u0131n t\u0259\u015fkil etdiyi qanunsuz aksiyada i\u015ftirak edib.<\/p>\n<p>O, \u0259lind\u0259 tutdu\u011fu \u015f\u00fcarla sosial \u015f\u0259b\u0259k\u0259l\u0259rd\u0259 m\u0259\u015fhurla\u015f\u0131b. (Bakupost)<\/p>\n<\/div>\n<\/div>\n<\/div>\n<div class=\"social_like\">\n<div>\n<div class=\"fb-like fb_iframe_widget\" data-href=\"\" data-layout=\"button_count\" data-action=\"recommend\" data-size=\"small\" data-show-faces=\"false\" data-share=\"false\"><\/div>\n<\/div>\n<div><\/div>\n<\/div>\n<\/div>\n<\/div>\n<div class=\"row page_margin_top\">\n<div id=\"news_media_gallery\" class=\"eagle-gallery img600 in as1\">\n<div class=\"eagle-medium-wrap\">\n<div class=\"scale-ico\"><\/div>\n<p><a class=\"eagle-view-medium-img\"><img src=\"https:\/\/publika.az\/storage\/2020\/03\/10\/2020-03-10-11-12-55r7fycqdk11dupnonrhhm_file.png\" alt=\"\" \/><\/a><\/div>\n<div class=\"owl-carousel mini-slider\">\n<div class=\"owl-wrapper-outer\">\n<div class=\"owl-wrapper\">\n<div class=\"owl-item active\"><\/div>\n<div class=\"owl-item\"><img src=\"https:\/\/publika.az\/storage\/2020\/03\/10\/250x250f\/2020-03-10-11-14-39hhscdehcuic4coqev9fs_file.jpg\" alt=\"\" data-medium-img=\"https:\/\/publika.az\/storage\/2020\/03\/10\/2020-03-10-11-14-39hhscdehcuic4coqev9fs_file.jpg\" data-big-img=\"https:\/\/publika.az\/storage\/2020\/03\/10\/2020-03-10-11-14-39hhscdehcuic4coqev9fs_file.jpg\" data-title=\"\" \/><\/div>\n<\/div>\n<\/div>\n<\/div>\n<\/div>\n<\/div>\n","protected":false},"excerpt":{"rendered":"<p>Bak\u0131da feminist q\u0131z intihara c\u0259hd edib. Tan\u0131nm\u0131\u015f f\u0259al Aysel \u018fl\u0259kb\u0259rzad\u0259 ya\u015fad\u0131\u011f\u0131 binadan \u00f6z\u00fcn\u00fc at\u0131b. O, ald\u0131\u011f\u0131 m\u00fcxt\u0259lif x\u0259sar\u0259tl\u0259rl\u0259 Kliniki Tibbi M\u0259rk\u0259z\u0259 yerl\u0259\u015fdirilib. Qeyd ed\u0259k ki, A. \u018fl\u0259kb\u0259rzad\u0259 mart\u0131n 8-d\u0259 Bak\u0131n\u0131n m\u0259rk\u0259zind\u0259 feminist qad\u0131nlar\u0131n t\u0259\u015fkil etdiyi qanunsuz aksiyada i\u015ftirak edib. O, \u0259lind\u0259 tutdu\u011fu \u015f\u00fcarla sosial \u015f\u0259b\u0259k\u0259l\u0259rd\u0259 m\u0259\u015fhurla\u015f\u0131b. (Bakupost)<\/p>\n","protected":false},"author":2,"featured_media":140375,"comment_status":"closed","ping_status":"closed","sticky":false,"template":"","format":"standard","meta":{"om_disable_all_campaigns":false,"_monsterinsights_skip_tracking":false,"_monsterinsights_sitenote_active":false,"_monsterinsights_sitenote_note":"","_monsterinsights_sitenote_category":0},"categories":[5],"tags":[],"aioseo_notices":[],"gutentor_comment":0,"rttpg_featured_image_url":{"full":["https:\/\/arantv.az\/wp-content\/uploads\/2020\/03\/binadan.jpg",800,450,false],"landscape":["https:\/\/arantv.az\/wp-content\/uploads\/2020\/03\/binadan.jpg",800,450,false],"portraits":["https:\/\/arantv.az\/wp-content\/uploads\/2020\/03\/binadan.jpg",800,450,false],"thumbnail":["https:\/\/arantv.az\/wp-content\/uploads\/2020\/03\/binadan-150x150.jpg",150,150,true],"medium":["https:\/\/arantv.az\/wp-content\/uploads\/2020\/03\/binadan-300x169.jpg",300,169,true],"large":["https:\/\/arantv.az\/wp-content\/uploads\/2020\/03\/binadan.jpg",640,360,false],"1536x1536":["https:\/\/arantv.az\/wp-content\/uploads\/2020\/03\/binadan.jpg",800,450,false],"2048x2048":["https:\/\/arantv.az\/wp-content\/uploads\/2020\/03\/binadan.jpg",800,450,false],"post-thumbnail":["https:\/\/arantv.az\/wp-content\/uploads\/2020\/03\/binadan-240x172.jpg",240,172,true],"advps-thumb-one":["https:\/\/arantv.az\/wp-content\/uploads\/2020\/03\/binadan.jpg",800,450,false]},"rttpg_author":{"display_name":"V\u00fcsal Rafiqo\u011flu","author_link":"https:\/\/arantv.az\/?author=2"},"rttpg_comment":0,"rttpg_category":"<a href=\"https:\/\/arantv.az\/?cat=5\" rel=\"category\">Hadis\u0259<\/a>","rttpg_excerpt":"Bak\u0131da feminist q\u0131z intihara c\u0259hd edib. Tan\u0131nm\u0131\u015f f\u0259al Aysel \u018fl\u0259kb\u0259rzad\u0259 ya\u015fad\u0131\u011f\u0131 binadan \u00f6z\u00fcn\u00fc at\u0131b. O, ald\u0131\u011f\u0131 m\u00fcxt\u0259lif x\u0259sar\u0259tl\u0259rl\u0259 Kliniki Tibbi M\u0259rk\u0259z\u0259 yerl\u0259\u015fdirilib. Qeyd ed\u0259k ki, A. \u018fl\u0259kb\u0259rzad\u0259 mart\u0131n 8-d\u0259 Bak\u0131n\u0131n m\u0259rk\u0259zind\u0259 feminist qad\u0131nlar\u0131n t\u0259\u015fkil etdiyi qanunsuz aksiyada i\u015ftirak edib. O, \u0259lind\u0259 tutdu\u011fu \u015f\u00fcarla sosial \u015f\u0259b\u0259k\u0259l\u0259rd\u0259 m\u0259\u015fhurla\u015f\u0131b. (Bakupost)","_links":{"self":[{"href":"https:\/\/arantv.az\/index.php?rest_route=\/wp\/v2\/posts\/140374"}],"collection":[{"href":"https:\/\/arantv.az\/index.php?rest_route=\/wp\/v2\/posts"}],"about":[{"href":"https:\/\/arantv.az\/index.php?rest_route=\/wp\/v2\/types\/post"}],"author":[{"embeddable":true,"href":"https:\/\/arantv.az\/index.php?rest_route=\/wp\/v2\/users\/2"}],"replies":[{"embeddable":true,"href":"https:\/\/arantv.az\/index.php?rest_route=%2Fwp%2Fv2%2Fcomments&post=140374"}],"version-history":[{"count":0,"href":"https:\/\/arantv.az\/index.php?rest_route=\/wp\/v2\/posts\/140374\/revisions"}],"wp:featuredmedia":[{"embeddable":true,"href":"https:\/\/arantv.az\/index.php?rest_route=\/wp\/v2\/media\/140375"}],"wp:attachment":[{"href":"https:\/\/arantv.az\/index.php?rest_route=%2Fwp%2Fv2%2Fmedia&parent=140374"}],"wp:term":[{"taxonomy":"category","embeddable":true,"href":"https:\/\/arantv.az\/index.php?rest_route=%2Fwp%2Fv2%2Fcategories&post=140374"},{"taxonomy":"post_tag","embeddable":true,"href":"https:\/\/arantv.az\/index.php?rest_route=%2Fwp%2Fv2%2Ftags&post=140374"}],"curies":[{"name":"wp","href":"https:\/\/api.w.org\/{rel}","templated":true}]}}