{"id":140378,"date":"2020-03-10T10:32:29","date_gmt":"2020-03-10T07:32:29","guid":{"rendered":"http:\/\/arantv.az\/?p=140378"},"modified":"2020-03-10T10:32:29","modified_gmt":"2020-03-10T07:32:29","slug":"zamiqd%c9%99n-8-mart-beyn%c9%99lxalq-qadinlar-gunu-munasib%c9%99ti-il%c9%99-xanimlara-surpriz-h%c9%99diyy%c9%99-video","status":"publish","type":"post","link":"https:\/\/arantv.az\/?p=140378","title":{"rendered":"Zamiqd\u0259n 8 Mart Beyn\u0259lxalq Qad\u0131nlar G\u00fcn\u00fc m\u00fcnasib\u0259ti il\u0259 xan\u0131mlara s\u00fcrpriz h\u0259diyy\u0259! &#8211; Video"},"content":{"rendered":"<p>M\u00fc\u011f\u0259nni Zamiq H\u00fcseynov mart ay\u0131nda ikinci klipini tama\u015fa\u00e7\u0131lar\u0131na t\u0259qdim edib. <strong>ARANTV.AZ<\/strong> x\u0259b\u0259r verir ki, &#8220;\u041f\u0440\u043e\u0441\u0442\u043e \u0431\u0443\u0434\u044c&#8221; adl\u0131 mahn\u0131n\u0131n s\u00f6zl\u0259ri Heyd\u0259r \u018fliyev Fondunun vitse-prezidenti Leyla \u018fliyevaya m\u0259xsusdur. Rus dilind\u0259 yaz\u0131lan b\u0259st\u0259nin musiqisi Alxanl\u0131, aranjiman\u0131 is\u0259 Ya\u015far Bax\u0131\u015fa aiddir. T\u00fcrkiy\u0259d\u0259 lent\u0259 al\u0131nan ekran rejissorlu\u011fu Z\u0259hra Quliyevaya h\u0259val\u0259 olunub. Pop ulduz \u0130nstaqram hesab\u0131nda payla\u015f\u0131m ed\u0259r\u0259k &#8220;\u018fziz dostlar. Qoy bu mahn\u0131 8 mart bayram\u0131 m\u00fcnasib\u0259til\u0259 xan\u0131mlar \u00fc\u00e7\u00fcn \u0259n g\u00f6z\u0259l h\u0259diyy\u0259 olsun&#8221; s\u00f6zl\u0259rini qeyd edib.<\/p>\n<p><iframe loading=\"lazy\" width=\"640\" height=\"360\" src=\"https:\/\/www.youtube.com\/embed\/9EhiBsz_oU4?start=17&#038;feature=oembed\" frameborder=\"0\" allow=\"accelerometer; autoplay; encrypted-media; gyroscope; picture-in-picture\" allowfullscreen><\/iframe><\/p>\n","protected":false},"excerpt":{"rendered":"<p>M\u00fc\u011f\u0259nni Zamiq H\u00fcseynov mart ay\u0131nda ikinci klipini tama\u015fa\u00e7\u0131lar\u0131na t\u0259qdim edib. ARANTV.AZ x\u0259b\u0259r verir ki, &#8220;\u041f\u0440\u043e\u0441\u0442\u043e \u0431\u0443\u0434\u044c&#8221; adl\u0131 mahn\u0131n\u0131n s\u00f6zl\u0259ri Heyd\u0259r \u018fliyev Fondunun vitse-prezidenti Leyla \u018fliyevaya m\u0259xsusdur. Rus dilind\u0259 yaz\u0131lan b\u0259st\u0259nin musiqisi Alxanl\u0131, aranjiman\u0131 is\u0259 Ya\u015far Bax\u0131\u015fa aiddir. T\u00fcrkiy\u0259d\u0259 lent\u0259 al\u0131nan ekran rejissorlu\u011fu Z\u0259hra Quliyevaya h\u0259val\u0259 olunub. Pop ulduz \u0130nstaqram hesab\u0131nda payla\u015f\u0131m ed\u0259r\u0259k &#8220;\u018fziz dostlar. Qoy bu mahn\u0131 8 mart bayram\u0131 m\u00fcnasib\u0259til\u0259 xan\u0131mlar \u00fc\u00e7\u00fcn \u0259n g\u00f6z\u0259l h\u0259diyy\u0259 olsun&#8221; s\u00f6zl\u0259rini qeyd edib.<\/p>\n","protected":false},"author":2,"featured_media":140379,"comment_status":"closed","ping_status":"closed","sticky":false,"template":"","format":"standard","meta":{"om_disable_all_campaigns":false,"_monsterinsights_skip_tracking":false,"_monsterinsights_sitenote_active":false,"_monsterinsights_sitenote_note":"","_monsterinsights_sitenote_category":0},"categories":[20],"tags":[],"aioseo_notices":[],"gutentor_comment":0,"rttpg_featured_image_url":{"full":["https:\/\/arantv.az\/wp-content\/uploads\/2020\/03\/88353786_489349871759695_1634778979376300032_n.jpg",960,640,false],"landscape":["https:\/\/arantv.az\/wp-content\/uploads\/2020\/03\/88353786_489349871759695_1634778979376300032_n.jpg",960,640,false],"portraits":["https:\/\/arantv.az\/wp-content\/uploads\/2020\/03\/88353786_489349871759695_1634778979376300032_n.jpg",960,640,false],"thumbnail":["https:\/\/arantv.az\/wp-content\/uploads\/2020\/03\/88353786_489349871759695_1634778979376300032_n-150x150.jpg",150,150,true],"medium":["https:\/\/arantv.az\/wp-content\/uploads\/2020\/03\/88353786_489349871759695_1634778979376300032_n-300x200.jpg",300,200,true],"large":["https:\/\/arantv.az\/wp-content\/uploads\/2020\/03\/88353786_489349871759695_1634778979376300032_n.jpg",640,427,false],"1536x1536":["https:\/\/arantv.az\/wp-content\/uploads\/2020\/03\/88353786_489349871759695_1634778979376300032_n.jpg",960,640,false],"2048x2048":["https:\/\/arantv.az\/wp-content\/uploads\/2020\/03\/88353786_489349871759695_1634778979376300032_n.jpg",960,640,false],"post-thumbnail":["https:\/\/arantv.az\/wp-content\/uploads\/2020\/03\/88353786_489349871759695_1634778979376300032_n-240x172.jpg",240,172,true],"advps-thumb-one":["https:\/\/arantv.az\/wp-content\/uploads\/2020\/03\/88353786_489349871759695_1634778979376300032_n-960x620.jpg",960,620,true]},"rttpg_author":{"display_name":"V\u00fcsal Rafiqo\u011flu","author_link":"https:\/\/arantv.az\/?author=2"},"rttpg_comment":0,"rttpg_category":"<a href=\"https:\/\/arantv.az\/?cat=20\" rel=\"category\">\u015eou biznes<\/a>","rttpg_excerpt":"M\u00fc\u011f\u0259nni Zamiq H\u00fcseynov mart ay\u0131nda ikinci klipini tama\u015fa\u00e7\u0131lar\u0131na t\u0259qdim edib. ARANTV.AZ x\u0259b\u0259r verir ki, &#8220;\u041f\u0440\u043e\u0441\u0442\u043e \u0431\u0443\u0434\u044c&#8221; adl\u0131 mahn\u0131n\u0131n s\u00f6zl\u0259ri Heyd\u0259r \u018fliyev Fondunun vitse-prezidenti Leyla \u018fliyevaya m\u0259xsusdur. Rus dilind\u0259 yaz\u0131lan b\u0259st\u0259nin musiqisi Alxanl\u0131, aranjiman\u0131 is\u0259 Ya\u015far Bax\u0131\u015fa aiddir. T\u00fcrkiy\u0259d\u0259 lent\u0259 al\u0131nan ekran rejissorlu\u011fu Z\u0259hra Quliyevaya h\u0259val\u0259 olunub. Pop ulduz \u0130nstaqram hesab\u0131nda payla\u015f\u0131m ed\u0259r\u0259k &#8220;\u018fziz dostlar. Qoy&hellip;","_links":{"self":[{"href":"https:\/\/arantv.az\/index.php?rest_route=\/wp\/v2\/posts\/140378"}],"collection":[{"href":"https:\/\/arantv.az\/index.php?rest_route=\/wp\/v2\/posts"}],"about":[{"href":"https:\/\/arantv.az\/index.php?rest_route=\/wp\/v2\/types\/post"}],"author":[{"embeddable":true,"href":"https:\/\/arantv.az\/index.php?rest_route=\/wp\/v2\/users\/2"}],"replies":[{"embeddable":true,"href":"https:\/\/arantv.az\/index.php?rest_route=%2Fwp%2Fv2%2Fcomments&post=140378"}],"version-history":[{"count":0,"href":"https:\/\/arantv.az\/index.php?rest_route=\/wp\/v2\/posts\/140378\/revisions"}],"wp:featuredmedia":[{"embeddable":true,"href":"https:\/\/arantv.az\/index.php?rest_route=\/wp\/v2\/media\/140379"}],"wp:attachment":[{"href":"https:\/\/arantv.az\/index.php?rest_route=%2Fwp%2Fv2%2Fmedia&parent=140378"}],"wp:term":[{"taxonomy":"category","embeddable":true,"href":"https:\/\/arantv.az\/index.php?rest_route=%2Fwp%2Fv2%2Fcategories&post=140378"},{"taxonomy":"post_tag","embeddable":true,"href":"https:\/\/arantv.az\/index.php?rest_route=%2Fwp%2Fv2%2Ftags&post=140378"}],"curies":[{"name":"wp","href":"https:\/\/api.w.org\/{rel}","templated":true}]}}