{"id":140398,"date":"2020-03-10T10:46:20","date_gmt":"2020-03-10T07:46:20","guid":{"rendered":"http:\/\/arantv.az\/?p=140398"},"modified":"2020-03-10T10:46:20","modified_gmt":"2020-03-10T07:46:20","slug":"bakida-arvadi-il%c9%99-mubahis%c9%99-ed%c9%99n-kisi-ozunu-asdi","status":"publish","type":"post","link":"https:\/\/arantv.az\/?p=140398","title":{"rendered":"Bak\u0131da arvad\u0131 il\u0259 m\u00fcbahis\u0259 ed\u0259n ki\u015fi \u00f6z\u00fcn\u00fc asd\u0131"},"content":{"rendered":"<p>Bak\u0131n\u0131n Sabun\u00e7u rayonunda intihar hadis\u0259si qeyd\u0259 al\u0131n\u0131b.<\/p>\n<p>Bu bar\u0259d\u0259 Oxu.Az-a h\u00fcquq-m\u00fchafiz\u0259 orqanlar\u0131ndan m\u0259lumat daxil olub.<\/p>\n<p>Mart\u0131n 9-da, saat 23:30 rad\u0259l\u0259rind\u0259 Pir\u015fa\u011f\u0131 k\u0259ndind\u0259 54 ya\u015fl\u0131 Polad \u018fliyev evinin h\u0259y\u0259tind\u0259ki a\u011facdan \u00f6z\u00fcn\u00fc as\u0131b.<\/p>\n<p>\u0130lkin m\u0259lumatlara g\u00f6r\u0259, intihardan az \u0259vv\u0259l P.\u018fliyevl\u0259 h\u0259yat yolda\u015f\u0131 aras\u0131nda nam\u0259lum s\u0259b\u0259bd\u0259n m\u00fcnaqi\u015f\u0259 ba\u015f verib.<\/p>\n<p>\u0130stintaq Sabun\u00e7u Rayon Prokurorlu\u011fu t\u0259r\u0259find\u0259n apar\u0131l\u0131r.<\/p>\n","protected":false},"excerpt":{"rendered":"<p>Bak\u0131n\u0131n Sabun\u00e7u rayonunda intihar hadis\u0259si qeyd\u0259 al\u0131n\u0131b. Bu bar\u0259d\u0259 Oxu.Az-a h\u00fcquq-m\u00fchafiz\u0259 orqanlar\u0131ndan m\u0259lumat daxil olub. Mart\u0131n 9-da, saat 23:30 rad\u0259l\u0259rind\u0259 Pir\u015fa\u011f\u0131 k\u0259ndind\u0259 54 ya\u015fl\u0131 Polad \u018fliyev evinin h\u0259y\u0259tind\u0259ki a\u011facdan \u00f6z\u00fcn\u00fc as\u0131b. \u0130lkin m\u0259lumatlara g\u00f6r\u0259, intihardan az \u0259vv\u0259l P.\u018fliyevl\u0259 h\u0259yat yolda\u015f\u0131 aras\u0131nda nam\u0259lum s\u0259b\u0259bd\u0259n m\u00fcnaqi\u015f\u0259 ba\u015f verib. \u0130stintaq Sabun\u00e7u Rayon Prokurorlu\u011fu t\u0259r\u0259find\u0259n apar\u0131l\u0131r.<\/p>\n","protected":false},"author":2,"featured_media":139767,"comment_status":"closed","ping_status":"closed","sticky":false,"template":"","format":"standard","meta":{"om_disable_all_campaigns":false,"_monsterinsights_skip_tracking":false,"_monsterinsights_sitenote_active":false,"_monsterinsights_sitenote_note":"","_monsterinsights_sitenote_category":0},"categories":[5],"tags":[],"aioseo_notices":[],"gutentor_comment":0,"rttpg_featured_image_url":{"full":["https:\/\/arantv.az\/wp-content\/uploads\/2020\/03\/oglan_intihar5.jpg",800,450,false],"landscape":["https:\/\/arantv.az\/wp-content\/uploads\/2020\/03\/oglan_intihar5.jpg",800,450,false],"portraits":["https:\/\/arantv.az\/wp-content\/uploads\/2020\/03\/oglan_intihar5.jpg",800,450,false],"thumbnail":["https:\/\/arantv.az\/wp-content\/uploads\/2020\/03\/oglan_intihar5-150x150.jpg",150,150,true],"medium":["https:\/\/arantv.az\/wp-content\/uploads\/2020\/03\/oglan_intihar5-300x169.jpg",300,169,true],"large":["https:\/\/arantv.az\/wp-content\/uploads\/2020\/03\/oglan_intihar5.jpg",640,360,false],"1536x1536":["https:\/\/arantv.az\/wp-content\/uploads\/2020\/03\/oglan_intihar5.jpg",800,450,false],"2048x2048":["https:\/\/arantv.az\/wp-content\/uploads\/2020\/03\/oglan_intihar5.jpg",800,450,false],"post-thumbnail":["https:\/\/arantv.az\/wp-content\/uploads\/2020\/03\/oglan_intihar5-240x172.jpg",240,172,true],"advps-thumb-one":["https:\/\/arantv.az\/wp-content\/uploads\/2020\/03\/oglan_intihar5.jpg",800,450,false]},"rttpg_author":{"display_name":"V\u00fcsal Rafiqo\u011flu","author_link":"https:\/\/arantv.az\/?author=2"},"rttpg_comment":0,"rttpg_category":"<a href=\"https:\/\/arantv.az\/?cat=5\" rel=\"category\">Hadis\u0259<\/a>","rttpg_excerpt":"Bak\u0131n\u0131n Sabun\u00e7u rayonunda intihar hadis\u0259si qeyd\u0259 al\u0131n\u0131b. Bu bar\u0259d\u0259 Oxu.Az-a h\u00fcquq-m\u00fchafiz\u0259 orqanlar\u0131ndan m\u0259lumat daxil olub. Mart\u0131n 9-da, saat 23:30 rad\u0259l\u0259rind\u0259 Pir\u015fa\u011f\u0131 k\u0259ndind\u0259 54 ya\u015fl\u0131 Polad \u018fliyev evinin h\u0259y\u0259tind\u0259ki a\u011facdan \u00f6z\u00fcn\u00fc as\u0131b. \u0130lkin m\u0259lumatlara g\u00f6r\u0259, intihardan az \u0259vv\u0259l P.\u018fliyevl\u0259 h\u0259yat yolda\u015f\u0131 aras\u0131nda nam\u0259lum s\u0259b\u0259bd\u0259n m\u00fcnaqi\u015f\u0259 ba\u015f verib. \u0130stintaq Sabun\u00e7u Rayon Prokurorlu\u011fu t\u0259r\u0259find\u0259n apar\u0131l\u0131r.","_links":{"self":[{"href":"https:\/\/arantv.az\/index.php?rest_route=\/wp\/v2\/posts\/140398"}],"collection":[{"href":"https:\/\/arantv.az\/index.php?rest_route=\/wp\/v2\/posts"}],"about":[{"href":"https:\/\/arantv.az\/index.php?rest_route=\/wp\/v2\/types\/post"}],"author":[{"embeddable":true,"href":"https:\/\/arantv.az\/index.php?rest_route=\/wp\/v2\/users\/2"}],"replies":[{"embeddable":true,"href":"https:\/\/arantv.az\/index.php?rest_route=%2Fwp%2Fv2%2Fcomments&post=140398"}],"version-history":[{"count":0,"href":"https:\/\/arantv.az\/index.php?rest_route=\/wp\/v2\/posts\/140398\/revisions"}],"wp:featuredmedia":[{"embeddable":true,"href":"https:\/\/arantv.az\/index.php?rest_route=\/wp\/v2\/media\/139767"}],"wp:attachment":[{"href":"https:\/\/arantv.az\/index.php?rest_route=%2Fwp%2Fv2%2Fmedia&parent=140398"}],"wp:term":[{"taxonomy":"category","embeddable":true,"href":"https:\/\/arantv.az\/index.php?rest_route=%2Fwp%2Fv2%2Fcategories&post=140398"},{"taxonomy":"post_tag","embeddable":true,"href":"https:\/\/arantv.az\/index.php?rest_route=%2Fwp%2Fv2%2Ftags&post=140398"}],"curies":[{"name":"wp","href":"https:\/\/api.w.org\/{rel}","templated":true}]}}