{"id":140401,"date":"2020-03-10T10:50:03","date_gmt":"2020-03-10T07:50:03","guid":{"rendered":"http:\/\/arantv.az\/?p=140401"},"modified":"2020-03-10T10:50:03","modified_gmt":"2020-03-10T07:50:03","slug":"onlari-parlament-r%c9%99hb%c9%99rliyi-kursusund%c9%99n-qaldirdilar","status":"publish","type":"post","link":"https:\/\/arantv.az\/?p=140401","title":{"rendered":"Onlar\u0131 parlament r\u0259hb\u0259rliyi k\u00fcrs\u00fcs\u00fcnd\u0259n \u201cqald\u0131rd\u0131lar\u201d"},"content":{"rendered":"<p>Milli M\u0259clisin s\u0259dri v\u0259 vitse-spiker v\u0259zif\u0259l\u0259rin\u0259 namiz\u0259dl\u0259r m\u00fc\u0259yy\u0259nl\u0259\u015fib.<\/p>\n<p><b>ARANTV.AZ<\/b>-\u0131n m\u0259lumat\u0131na g\u00f6r\u0259, Yeni Az\u0259rbaycan Partiyas\u0131n\u0131n (YAP) \u0130dar\u0259 Hey\u0259tinin iclas\u0131nda Sahib\u0259 Qafarovan\u0131n parlamentin s\u0259drliyin\u0259 namiz\u0259dliyi ir\u0259li s\u00fcr\u00fcl\u00fcb.<\/p>\n<p>Milli M\u0259clis s\u0259drinin birinci m\u00fcavini postuna namiz\u0259dliyi ir\u0259li s\u00fcr\u00fclm\u00fc\u015f \u018fli H\u00fcseynlinin se\u00e7il\u0259c\u0259yi g\u00f6zl\u0259nilir.<\/p>\n<div id=\"AdviadNativeVideo0\" class=\"AdviadNativeVideo\"><\/div>\n<p>YAP-\u0131n parlamentin vitse-spikerliyin\u0259 namiz\u0259di is\u0259 Hicran H\u00fcseynovad\u0131r.<\/p>\n<p>M\u00fcst\u0259qil deputatlar korpusunun parlament s\u0259drinin m\u00fcavini v\u0259zif\u0259sin\u0259 namiz\u0259di is\u0259 Adil \u018fliyevdir.<\/p>\n<p>Qeyd ed\u0259k ki, be\u015finci \u00e7a\u011f\u0131r\u0131\u015f Milli M\u0259clislin spikeri Oqtay \u018fs\u0259dov idi. Birinci vitse-spiker Ziyaf\u0259t \u018fsg\u0259rov, dig\u0259r vitse-spikerl\u0259r is\u0259 Bahar Muradova v\u0259 Valeh \u018fl\u0259sg\u0259rov idi.<\/p>\n<p>O.\u018fs\u0259dovla Z.\u018fsg\u0259rov Milli M\u0259clis\u0259 n\u00f6vb\u0259d\u0259nk\u0259nar se\u00e7kil\u0259rd\u0259 d\u0259 deputat se\u00e7ilibl\u0259r.<\/p>\n<p>YAP se\u00e7kil\u0259rd\u0259 B.Muradovan\u0131n namiz\u0259dliyini ir\u0259li s\u00fcrm\u0259di. Bit\u0259r\u0259f Valeh \u018fl\u0259sg\u0259rov da se\u00e7kid\u0259 i\u015ftirak etm\u0259di.Oxu.Az<\/p>\n","protected":false},"excerpt":{"rendered":"<p>Milli M\u0259clisin s\u0259dri v\u0259 vitse-spiker v\u0259zif\u0259l\u0259rin\u0259 namiz\u0259dl\u0259r m\u00fc\u0259yy\u0259nl\u0259\u015fib. ARANTV.AZ-\u0131n m\u0259lumat\u0131na g\u00f6r\u0259, Yeni Az\u0259rbaycan Partiyas\u0131n\u0131n (YAP) \u0130dar\u0259 Hey\u0259tinin iclas\u0131nda Sahib\u0259 Qafarovan\u0131n parlamentin s\u0259drliyin\u0259 namiz\u0259dliyi ir\u0259li s\u00fcr\u00fcl\u00fcb. Milli M\u0259clis s\u0259drinin birinci m\u00fcavini postuna namiz\u0259dliyi ir\u0259li s\u00fcr\u00fclm\u00fc\u015f \u018fli H\u00fcseynlinin se\u00e7il\u0259c\u0259yi g\u00f6zl\u0259nilir. YAP-\u0131n parlamentin vitse-spikerliyin\u0259 namiz\u0259di is\u0259 Hicran H\u00fcseynovad\u0131r. M\u00fcst\u0259qil deputatlar korpusunun parlament s\u0259drinin m\u00fcavini v\u0259zif\u0259sin\u0259 namiz\u0259di is\u0259 Adil \u018fliyevdir. Qeyd ed\u0259k ki, be\u015finci \u00e7a\u011f\u0131r\u0131\u015f Milli M\u0259clislin spikeri Oqtay \u018fs\u0259dov idi. Birinci vitse-spiker Ziyaf\u0259t \u018fsg\u0259rov, dig\u0259r vitse-spikerl\u0259r is\u0259 Bahar Muradova v\u0259 Valeh \u018fl\u0259sg\u0259rov idi. O.\u018fs\u0259dovla Z.\u018fsg\u0259rov Milli M\u0259clis\u0259 n\u00f6vb\u0259d\u0259nk\u0259nar se\u00e7kil\u0259rd\u0259 d\u0259 deputat se\u00e7ilibl\u0259r. YAP&hellip;<\/p>\n","protected":false},"author":2,"featured_media":140402,"comment_status":"closed","ping_status":"closed","sticky":false,"template":"","format":"standard","meta":{"om_disable_all_campaigns":false,"_monsterinsights_skip_tracking":false,"_monsterinsights_sitenote_active":false,"_monsterinsights_sitenote_note":"","_monsterinsights_sitenote_category":0},"categories":[4],"tags":[],"aioseo_notices":[],"gutentor_comment":0,"rttpg_featured_image_url":{"full":["https:\/\/arantv.az\/wp-content\/uploads\/2020\/03\/298682_cuhwzgim3p.jpg",620,382,false],"landscape":["https:\/\/arantv.az\/wp-content\/uploads\/2020\/03\/298682_cuhwzgim3p.jpg",620,382,false],"portraits":["https:\/\/arantv.az\/wp-content\/uploads\/2020\/03\/298682_cuhwzgim3p.jpg",620,382,false],"thumbnail":["https:\/\/arantv.az\/wp-content\/uploads\/2020\/03\/298682_cuhwzgim3p-150x150.jpg",150,150,true],"medium":["https:\/\/arantv.az\/wp-content\/uploads\/2020\/03\/298682_cuhwzgim3p-300x185.jpg",300,185,true],"large":["https:\/\/arantv.az\/wp-content\/uploads\/2020\/03\/298682_cuhwzgim3p.jpg",620,382,false],"1536x1536":["https:\/\/arantv.az\/wp-content\/uploads\/2020\/03\/298682_cuhwzgim3p.jpg",620,382,false],"2048x2048":["https:\/\/arantv.az\/wp-content\/uploads\/2020\/03\/298682_cuhwzgim3p.jpg",620,382,false],"post-thumbnail":["https:\/\/arantv.az\/wp-content\/uploads\/2020\/03\/298682_cuhwzgim3p-240x172.jpg",240,172,true],"advps-thumb-one":["https:\/\/arantv.az\/wp-content\/uploads\/2020\/03\/298682_cuhwzgim3p.jpg",620,382,false]},"rttpg_author":{"display_name":"V\u00fcsal Rafiqo\u011flu","author_link":"https:\/\/arantv.az\/?author=2"},"rttpg_comment":0,"rttpg_category":"<a href=\"https:\/\/arantv.az\/?cat=4\" rel=\"category\">Siyas\u0259t<\/a>","rttpg_excerpt":"Milli M\u0259clisin s\u0259dri v\u0259 vitse-spiker v\u0259zif\u0259l\u0259rin\u0259 namiz\u0259dl\u0259r m\u00fc\u0259yy\u0259nl\u0259\u015fib. ARANTV.AZ-\u0131n m\u0259lumat\u0131na g\u00f6r\u0259, Yeni Az\u0259rbaycan Partiyas\u0131n\u0131n (YAP) \u0130dar\u0259 Hey\u0259tinin iclas\u0131nda Sahib\u0259 Qafarovan\u0131n parlamentin s\u0259drliyin\u0259 namiz\u0259dliyi ir\u0259li s\u00fcr\u00fcl\u00fcb. Milli M\u0259clis s\u0259drinin birinci m\u00fcavini postuna namiz\u0259dliyi ir\u0259li s\u00fcr\u00fclm\u00fc\u015f \u018fli H\u00fcseynlinin se\u00e7il\u0259c\u0259yi g\u00f6zl\u0259nilir. YAP-\u0131n parlamentin vitse-spikerliyin\u0259 namiz\u0259di is\u0259 Hicran H\u00fcseynovad\u0131r. M\u00fcst\u0259qil deputatlar korpusunun parlament s\u0259drinin m\u00fcavini v\u0259zif\u0259sin\u0259 namiz\u0259di is\u0259 Adil&hellip;","_links":{"self":[{"href":"https:\/\/arantv.az\/index.php?rest_route=\/wp\/v2\/posts\/140401"}],"collection":[{"href":"https:\/\/arantv.az\/index.php?rest_route=\/wp\/v2\/posts"}],"about":[{"href":"https:\/\/arantv.az\/index.php?rest_route=\/wp\/v2\/types\/post"}],"author":[{"embeddable":true,"href":"https:\/\/arantv.az\/index.php?rest_route=\/wp\/v2\/users\/2"}],"replies":[{"embeddable":true,"href":"https:\/\/arantv.az\/index.php?rest_route=%2Fwp%2Fv2%2Fcomments&post=140401"}],"version-history":[{"count":0,"href":"https:\/\/arantv.az\/index.php?rest_route=\/wp\/v2\/posts\/140401\/revisions"}],"wp:featuredmedia":[{"embeddable":true,"href":"https:\/\/arantv.az\/index.php?rest_route=\/wp\/v2\/media\/140402"}],"wp:attachment":[{"href":"https:\/\/arantv.az\/index.php?rest_route=%2Fwp%2Fv2%2Fmedia&parent=140401"}],"wp:term":[{"taxonomy":"category","embeddable":true,"href":"https:\/\/arantv.az\/index.php?rest_route=%2Fwp%2Fv2%2Fcategories&post=140401"},{"taxonomy":"post_tag","embeddable":true,"href":"https:\/\/arantv.az\/index.php?rest_route=%2Fwp%2Fv2%2Ftags&post=140401"}],"curies":[{"name":"wp","href":"https:\/\/api.w.org\/{rel}","templated":true}]}}