{"id":140405,"date":"2020-03-10T10:53:46","date_gmt":"2020-03-10T07:53:46","guid":{"rendered":"http:\/\/arantv.az\/?p=140405"},"modified":"2020-03-10T10:53:46","modified_gmt":"2020-03-10T07:53:46","slug":"aspa-nin-butun-iclaslari-koronavirusa-gor%c9%99-t%c9%99xir%c9%99-salindi","status":"publish","type":"post","link":"https:\/\/arantv.az\/?p=140405","title":{"rendered":"A\u015ePA-n\u0131n b\u00fct\u00fcn iclaslar\u0131 koronavirusa g\u00f6r\u0259 t\u0259xir\u0259 sal\u0131nd\u0131"},"content":{"rendered":"<p>Avropa \u015euras\u0131n\u0131n yeni n\u00f6v koronavirusun yay\u0131lmas\u0131na qar\u015f\u0131 siyas\u0259tin\u0259 uy\u011fun olaraq, Parlament Assambleyas\u0131n\u0131n v\u0259 ya onun yard\u0131m\u00e7\u0131 qurumlar\u0131n\u0131n b\u00fct\u00fcn iclaslar\u0131 mart ay\u0131n\u0131n sonuna q\u0259d\u0259r t\u0259xir\u0259 sal\u0131n\u0131b.<\/p>\n<p>Bu bar\u0259d\u0259 \u201cReport\u201da A\u015ePA-n\u0131n m\u0259tbuat xidm\u0259tind\u0259n m\u0259lumat veribl\u0259r.<\/p>\n<div id=\"AdviadNativeVideo0\" class=\"AdviadNativeVideo\"><\/div>\n<p>Bel\u0259likl\u0259, Assambleyan\u0131n h\u00fcquqi m\u0259s\u0259l\u0259l\u0259r (Paris, 10 mart), sosial m\u0259s\u0259l\u0259l\u0259r (Paris, 12 mart), m\u0259d\u0259niyy\u0259t (Paris, 16 mart), miqrasiya (Paris, 19 mart), b\u0259rab\u0259rlik (Paris, 20 mart) v\u0259 monitorinq (Ankara, 30-31 mart) komit\u0259l\u0259rinin iclaslar\u0131 ert\u0259l\u0259nib.<\/p>\n<p>H\u0259m\u00e7inin Parlament Assambleyas\u0131n\u0131n \u00fczvl\u0259ri v\u0259 \u0259m\u0259kda\u015flar\u0131n\u0131n b\u00fct\u00fcn adi s\u0259f\u0259rl\u0259ri d\u0259 t\u0259xir\u0259 sal\u0131n\u0131b.<\/p>\n<p>\u201cBu q\u0259rar Assambleya \u00fczvl\u0259rinin, d\u0259v\u0259t olunan \u015f\u0259xsl\u0259rin v\u0259 katibliyin sa\u011flaml\u0131\u011f\u0131 v\u0259 t\u0259hl\u00fck\u0259sizliyini qorumaq, h\u0259m\u00e7inin Avropa \u015euras\u0131, Fransa v\u0259 \u00dcmumd\u00fcnya S\u0259hiyy\u0259 T\u0259\u015fkilat\u0131n\u0131n t\u00f6vsiy\u0259l\u0259rin\u0259 uy\u011fun olaraq, koronavirusun daha da yay\u0131lmas\u0131n\u0131n qar\u015f\u0131s\u0131n\u0131 almaq m\u0259qs\u0259di da\u015f\u0131y\u0131r\u201d, &#8211; m\u0259lumatda deyilir.<\/p>\n<p>A\u015ePA-n\u0131n m\u0259tbuat xidm\u0259tind\u0259n bildirilib ki, haz\u0131rda Assambleyan\u0131n aprelin 20-d\u0259n 24-d\u0259k ke\u00e7irilm\u0259si planla\u015fd\u0131r\u0131lan n\u00f6vb\u0259ti plenar iclas\u0131n\u0131n n\u0259 vaxt ba\u015f tutaca\u011f\u0131na dair q\u0259rar uy\u011fun vaxtda q\u0259bul edil\u0259c\u0259k.<\/p>\n","protected":false},"excerpt":{"rendered":"<p>Avropa \u015euras\u0131n\u0131n yeni n\u00f6v koronavirusun yay\u0131lmas\u0131na qar\u015f\u0131 siyas\u0259tin\u0259 uy\u011fun olaraq, Parlament Assambleyas\u0131n\u0131n v\u0259 ya onun yard\u0131m\u00e7\u0131 qurumlar\u0131n\u0131n b\u00fct\u00fcn iclaslar\u0131 mart ay\u0131n\u0131n sonuna q\u0259d\u0259r t\u0259xir\u0259 sal\u0131n\u0131b. Bu bar\u0259d\u0259 \u201cReport\u201da A\u015ePA-n\u0131n m\u0259tbuat xidm\u0259tind\u0259n m\u0259lumat veribl\u0259r. Bel\u0259likl\u0259, Assambleyan\u0131n h\u00fcquqi m\u0259s\u0259l\u0259l\u0259r (Paris, 10 mart), sosial m\u0259s\u0259l\u0259l\u0259r (Paris, 12 mart), m\u0259d\u0259niyy\u0259t (Paris, 16 mart), miqrasiya (Paris, 19 mart), b\u0259rab\u0259rlik (Paris, 20 mart) v\u0259 monitorinq (Ankara, 30-31 mart) komit\u0259l\u0259rinin iclaslar\u0131 ert\u0259l\u0259nib. H\u0259m\u00e7inin Parlament Assambleyas\u0131n\u0131n \u00fczvl\u0259ri v\u0259 \u0259m\u0259kda\u015flar\u0131n\u0131n b\u00fct\u00fcn adi s\u0259f\u0259rl\u0259ri d\u0259 t\u0259xir\u0259 sal\u0131n\u0131b. \u201cBu q\u0259rar Assambleya \u00fczvl\u0259rinin, d\u0259v\u0259t olunan \u015f\u0259xsl\u0259rin v\u0259 katibliyin sa\u011flaml\u0131\u011f\u0131 v\u0259 t\u0259hl\u00fck\u0259sizliyini qorumaq,&hellip;<\/p>\n","protected":false},"author":2,"featured_media":140406,"comment_status":"closed","ping_status":"closed","sticky":false,"template":"","format":"standard","meta":{"om_disable_all_campaigns":false,"_monsterinsights_skip_tracking":false,"_monsterinsights_sitenote_active":false,"_monsterinsights_sitenote_note":"","_monsterinsights_sitenote_category":0},"categories":[7],"tags":[],"aioseo_notices":[],"gutentor_comment":0,"rttpg_featured_image_url":{"full":["https:\/\/arantv.az\/wp-content\/uploads\/2020\/03\/1e0aaffb-d9cc-4cfd-b2a7-568ec4ffd893.jpg",649,416,false],"landscape":["https:\/\/arantv.az\/wp-content\/uploads\/2020\/03\/1e0aaffb-d9cc-4cfd-b2a7-568ec4ffd893.jpg",649,416,false],"portraits":["https:\/\/arantv.az\/wp-content\/uploads\/2020\/03\/1e0aaffb-d9cc-4cfd-b2a7-568ec4ffd893.jpg",649,416,false],"thumbnail":["https:\/\/arantv.az\/wp-content\/uploads\/2020\/03\/1e0aaffb-d9cc-4cfd-b2a7-568ec4ffd893-150x150.jpg",150,150,true],"medium":["https:\/\/arantv.az\/wp-content\/uploads\/2020\/03\/1e0aaffb-d9cc-4cfd-b2a7-568ec4ffd893-300x192.jpg",300,192,true],"large":["https:\/\/arantv.az\/wp-content\/uploads\/2020\/03\/1e0aaffb-d9cc-4cfd-b2a7-568ec4ffd893.jpg",640,410,false],"1536x1536":["https:\/\/arantv.az\/wp-content\/uploads\/2020\/03\/1e0aaffb-d9cc-4cfd-b2a7-568ec4ffd893.jpg",649,416,false],"2048x2048":["https:\/\/arantv.az\/wp-content\/uploads\/2020\/03\/1e0aaffb-d9cc-4cfd-b2a7-568ec4ffd893.jpg",649,416,false],"post-thumbnail":["https:\/\/arantv.az\/wp-content\/uploads\/2020\/03\/1e0aaffb-d9cc-4cfd-b2a7-568ec4ffd893-240x172.jpg",240,172,true],"advps-thumb-one":["https:\/\/arantv.az\/wp-content\/uploads\/2020\/03\/1e0aaffb-d9cc-4cfd-b2a7-568ec4ffd893.jpg",649,416,false]},"rttpg_author":{"display_name":"V\u00fcsal Rafiqo\u011flu","author_link":"https:\/\/arantv.az\/?author=2"},"rttpg_comment":0,"rttpg_category":"<a href=\"https:\/\/arantv.az\/?cat=7\" rel=\"category\">D\u00fcnya<\/a>","rttpg_excerpt":"Avropa \u015euras\u0131n\u0131n yeni n\u00f6v koronavirusun yay\u0131lmas\u0131na qar\u015f\u0131 siyas\u0259tin\u0259 uy\u011fun olaraq, Parlament Assambleyas\u0131n\u0131n v\u0259 ya onun yard\u0131m\u00e7\u0131 qurumlar\u0131n\u0131n b\u00fct\u00fcn iclaslar\u0131 mart ay\u0131n\u0131n sonuna q\u0259d\u0259r t\u0259xir\u0259 sal\u0131n\u0131b. Bu bar\u0259d\u0259 \u201cReport\u201da A\u015ePA-n\u0131n m\u0259tbuat xidm\u0259tind\u0259n m\u0259lumat veribl\u0259r. Bel\u0259likl\u0259, Assambleyan\u0131n h\u00fcquqi m\u0259s\u0259l\u0259l\u0259r (Paris, 10 mart), sosial m\u0259s\u0259l\u0259l\u0259r (Paris, 12 mart), m\u0259d\u0259niyy\u0259t (Paris, 16 mart), miqrasiya (Paris, 19 mart), b\u0259rab\u0259rlik (Paris,&hellip;","_links":{"self":[{"href":"https:\/\/arantv.az\/index.php?rest_route=\/wp\/v2\/posts\/140405"}],"collection":[{"href":"https:\/\/arantv.az\/index.php?rest_route=\/wp\/v2\/posts"}],"about":[{"href":"https:\/\/arantv.az\/index.php?rest_route=\/wp\/v2\/types\/post"}],"author":[{"embeddable":true,"href":"https:\/\/arantv.az\/index.php?rest_route=\/wp\/v2\/users\/2"}],"replies":[{"embeddable":true,"href":"https:\/\/arantv.az\/index.php?rest_route=%2Fwp%2Fv2%2Fcomments&post=140405"}],"version-history":[{"count":0,"href":"https:\/\/arantv.az\/index.php?rest_route=\/wp\/v2\/posts\/140405\/revisions"}],"wp:featuredmedia":[{"embeddable":true,"href":"https:\/\/arantv.az\/index.php?rest_route=\/wp\/v2\/media\/140406"}],"wp:attachment":[{"href":"https:\/\/arantv.az\/index.php?rest_route=%2Fwp%2Fv2%2Fmedia&parent=140405"}],"wp:term":[{"taxonomy":"category","embeddable":true,"href":"https:\/\/arantv.az\/index.php?rest_route=%2Fwp%2Fv2%2Fcategories&post=140405"},{"taxonomy":"post_tag","embeddable":true,"href":"https:\/\/arantv.az\/index.php?rest_route=%2Fwp%2Fv2%2Ftags&post=140405"}],"curies":[{"name":"wp","href":"https:\/\/api.w.org\/{rel}","templated":true}]}}