{"id":140421,"date":"2020-03-10T10:59:00","date_gmt":"2020-03-10T07:59:00","guid":{"rendered":"http:\/\/arantv.az\/?p=140421"},"modified":"2020-03-10T10:59:00","modified_gmt":"2020-03-10T07:59:00","slug":"milli-m%c9%99clisin-ilk-iclasina-f%c9%99ttah-heyd%c9%99rov-niy%c9%99-s%c9%99drlik-etm%c9%99di","status":"publish","type":"post","link":"https:\/\/arantv.az\/?p=140421","title":{"rendered":"Milli M\u0259clisin ilk iclas\u0131na F\u0259ttah Heyd\u0259rov niy\u0259 s\u0259drlik etm\u0259di?"},"content":{"rendered":"<p>Prezident \u0130lham \u018fliyevin i\u015ftirak etdiyi yeni \u00e7a\u011f\u0131r\u0131\u015f Milli M\u0259clisin ilk iclas\u0131n\u0131 deputat Ziyad S\u0259m\u0259dzad\u0259 apar\u0131r.<\/p>\n<p><b>ARANTV.AZ<\/b>-\u0131n m\u0259lumat\u0131na g\u00f6r\u0259, Milli M\u0259clisin Daxili Nizamnam\u0259sin\u0259 \u0259sas\u0259n, yeni \u00e7a\u011f\u0131r\u0131\u015f parlamentin ilk iclas\u0131n\u0131 \u0259n qocaman deputat\u00a0a\u00e7\u0131r.<\/p>\n<div id=\"AdviadNativeVideo0\" class=\"AdviadNativeVideo\"><\/div>\n<p>Qeyd ed\u0259k ki, parlamentin\u00a0\u0259n qocaman deputat\u0131 F\u0259ttah Heyd\u0259rovdur. Onun 82 ya\u015f\u0131 var. Ziyad S\u0259m\u0259dzad\u0259nin is\u0259 80 ya\u015f\u0131 var.<\/p>\n<p>\u018fld\u0259 etdiyimiz m\u0259lumata g\u00f6r\u0259, F.Heyd\u0259rov s\u0259hh\u0259tind\u0259 yaranan problem s\u0259b\u0259bind\u0259n Milli M\u0259clisin iclas\u0131na qat\u0131lmay\u0131b. Buna g\u00f6r\u0259 d\u0259, iclasa s\u0259drlik etm\u0259k Z.S\u0259m\u0259dzad\u0259y\u0259 h\u0259val\u0259 olunub.Oxu.Az<\/p>\n","protected":false},"excerpt":{"rendered":"<p>Prezident \u0130lham \u018fliyevin i\u015ftirak etdiyi yeni \u00e7a\u011f\u0131r\u0131\u015f Milli M\u0259clisin ilk iclas\u0131n\u0131 deputat Ziyad S\u0259m\u0259dzad\u0259 apar\u0131r. ARANTV.AZ-\u0131n m\u0259lumat\u0131na g\u00f6r\u0259, Milli M\u0259clisin Daxili Nizamnam\u0259sin\u0259 \u0259sas\u0259n, yeni \u00e7a\u011f\u0131r\u0131\u015f parlamentin ilk iclas\u0131n\u0131 \u0259n qocaman deputat\u00a0a\u00e7\u0131r. Qeyd ed\u0259k ki, parlamentin\u00a0\u0259n qocaman deputat\u0131 F\u0259ttah Heyd\u0259rovdur. Onun 82 ya\u015f\u0131 var. Ziyad S\u0259m\u0259dzad\u0259nin is\u0259 80 ya\u015f\u0131 var. \u018fld\u0259 etdiyimiz m\u0259lumata g\u00f6r\u0259, F.Heyd\u0259rov s\u0259hh\u0259tind\u0259 yaranan problem s\u0259b\u0259bind\u0259n Milli M\u0259clisin iclas\u0131na qat\u0131lmay\u0131b. Buna g\u00f6r\u0259 d\u0259, iclasa s\u0259drlik etm\u0259k Z.S\u0259m\u0259dzad\u0259y\u0259 h\u0259val\u0259 olunub.Oxu.Az<\/p>\n","protected":false},"author":2,"featured_media":140422,"comment_status":"closed","ping_status":"closed","sticky":false,"template":"","format":"standard","meta":{"om_disable_all_campaigns":false,"_monsterinsights_skip_tracking":false,"_monsterinsights_sitenote_active":false,"_monsterinsights_sitenote_note":"","_monsterinsights_sitenote_category":0},"categories":[19],"tags":[],"aioseo_notices":[],"gutentor_comment":0,"rttpg_featured_image_url":{"full":["https:\/\/arantv.az\/wp-content\/uploads\/2020\/03\/news_20190615125108.jpg",620,354,false],"landscape":["https:\/\/arantv.az\/wp-content\/uploads\/2020\/03\/news_20190615125108.jpg",620,354,false],"portraits":["https:\/\/arantv.az\/wp-content\/uploads\/2020\/03\/news_20190615125108.jpg",620,354,false],"thumbnail":["https:\/\/arantv.az\/wp-content\/uploads\/2020\/03\/news_20190615125108-150x150.jpg",150,150,true],"medium":["https:\/\/arantv.az\/wp-content\/uploads\/2020\/03\/news_20190615125108-300x171.jpg",300,171,true],"large":["https:\/\/arantv.az\/wp-content\/uploads\/2020\/03\/news_20190615125108.jpg",620,354,false],"1536x1536":["https:\/\/arantv.az\/wp-content\/uploads\/2020\/03\/news_20190615125108.jpg",620,354,false],"2048x2048":["https:\/\/arantv.az\/wp-content\/uploads\/2020\/03\/news_20190615125108.jpg",620,354,false],"post-thumbnail":["https:\/\/arantv.az\/wp-content\/uploads\/2020\/03\/news_20190615125108-240x172.jpg",240,172,true],"advps-thumb-one":["https:\/\/arantv.az\/wp-content\/uploads\/2020\/03\/news_20190615125108.jpg",620,354,false]},"rttpg_author":{"display_name":"V\u00fcsal Rafiqo\u011flu","author_link":"https:\/\/arantv.az\/?author=2"},"rttpg_comment":0,"rttpg_category":"<a href=\"https:\/\/arantv.az\/?cat=19\" rel=\"category\">G\u00fcnd\u0259m<\/a>","rttpg_excerpt":"Prezident \u0130lham \u018fliyevin i\u015ftirak etdiyi yeni \u00e7a\u011f\u0131r\u0131\u015f Milli M\u0259clisin ilk iclas\u0131n\u0131 deputat Ziyad S\u0259m\u0259dzad\u0259 apar\u0131r. ARANTV.AZ-\u0131n m\u0259lumat\u0131na g\u00f6r\u0259, Milli M\u0259clisin Daxili Nizamnam\u0259sin\u0259 \u0259sas\u0259n, yeni \u00e7a\u011f\u0131r\u0131\u015f parlamentin ilk iclas\u0131n\u0131 \u0259n qocaman deputat\u00a0a\u00e7\u0131r. Qeyd ed\u0259k ki, parlamentin\u00a0\u0259n qocaman deputat\u0131 F\u0259ttah Heyd\u0259rovdur. Onun 82 ya\u015f\u0131 var. Ziyad S\u0259m\u0259dzad\u0259nin is\u0259 80 ya\u015f\u0131 var. \u018fld\u0259 etdiyimiz m\u0259lumata g\u00f6r\u0259, F.Heyd\u0259rov s\u0259hh\u0259tind\u0259&hellip;","_links":{"self":[{"href":"https:\/\/arantv.az\/index.php?rest_route=\/wp\/v2\/posts\/140421"}],"collection":[{"href":"https:\/\/arantv.az\/index.php?rest_route=\/wp\/v2\/posts"}],"about":[{"href":"https:\/\/arantv.az\/index.php?rest_route=\/wp\/v2\/types\/post"}],"author":[{"embeddable":true,"href":"https:\/\/arantv.az\/index.php?rest_route=\/wp\/v2\/users\/2"}],"replies":[{"embeddable":true,"href":"https:\/\/arantv.az\/index.php?rest_route=%2Fwp%2Fv2%2Fcomments&post=140421"}],"version-history":[{"count":0,"href":"https:\/\/arantv.az\/index.php?rest_route=\/wp\/v2\/posts\/140421\/revisions"}],"wp:featuredmedia":[{"embeddable":true,"href":"https:\/\/arantv.az\/index.php?rest_route=\/wp\/v2\/media\/140422"}],"wp:attachment":[{"href":"https:\/\/arantv.az\/index.php?rest_route=%2Fwp%2Fv2%2Fmedia&parent=140421"}],"wp:term":[{"taxonomy":"category","embeddable":true,"href":"https:\/\/arantv.az\/index.php?rest_route=%2Fwp%2Fv2%2Fcategories&post=140421"},{"taxonomy":"post_tag","embeddable":true,"href":"https:\/\/arantv.az\/index.php?rest_route=%2Fwp%2Fv2%2Ftags&post=140421"}],"curies":[{"name":"wp","href":"https:\/\/api.w.org\/{rel}","templated":true}]}}