{"id":140451,"date":"2020-03-12T08:01:52","date_gmt":"2020-03-12T05:01:52","guid":{"rendered":"http:\/\/arantv.az\/?p=140451"},"modified":"2020-03-12T08:01:52","modified_gmt":"2020-03-12T05:01:52","slug":"bakida-iki-avtomobil-toqqusub-x%c9%99sar%c9%99t-alanlar-var-2","status":"publish","type":"post","link":"https:\/\/arantv.az\/?p=140451","title":{"rendered":"Bak\u0131da iki avtomobil toqqu\u015fub, x\u0259sar\u0259t alanlar var"},"content":{"rendered":"<p>Bak\u0131n\u0131n Sabun\u00e7u rayonunda yol-n\u0259qliyyat hadis\u0259si ba\u015f verib.<\/p>\n<p><strong>ARANTV.AZ\u00a0<\/strong> APA-ya istinad\u0259n x\u0259b\u0259r verir ki,\u00a0hadis\u0259 Ramana q\u0259s\u0259b\u0259sind\u0259 qeyd\u0259 al\u0131nlb.<\/p>\n<p>&#8220;Tofa\u015f&#8221; markal\u0131 avtomobill\u0259 &#8220;Mercedes&#8221; markal\u0131 n\u0259qliyyat vasit\u0259si toqqu\u015fub. Q\u0259za n\u0259tic\u0259sind\u0259 1968-ci il t\u0259v\u0259ll\u00fcdl\u00fc M\u0259mm\u0259dov Eldar Heyd\u0259r o\u011flu v\u0259 1952-ci il t\u0259v\u0259ll\u00fcdl\u00fc Abbasova S\u00fcs\u0259nb\u0259r \u0130smay\u0131l q\u0131z\u0131 m\u00fcxt\u0259lif b\u0259d\u0259n x\u0259sar\u0259tl\u0259ri al\u0131b. Yaral\u0131lar 3 sayl\u0131 \u015f\u0259h\u0259r x\u0259st\u0259xanas\u0131na yerl\u0259\u015fdirilib.<\/p>\n<p>H\u0259kiml\u0259rin verdiyi m\u0259lumata g\u00f6r\u0259, S.Abbasovan\u0131n v\u0259ziyy\u0259ti a\u011f\u0131rd\u0131r. Ona a\u011f\u0131r k\u0259ll\u0259 beyin travmas\u0131, a\u015fa\u011f\u0131 \u0259traflar\u0131n s\u0131n\u0131\u011f\u0131 diaqnozu qoyulub.<\/p>\n","protected":false},"excerpt":{"rendered":"<p>Bak\u0131n\u0131n Sabun\u00e7u rayonunda yol-n\u0259qliyyat hadis\u0259si ba\u015f verib. ARANTV.AZ\u00a0 APA-ya istinad\u0259n x\u0259b\u0259r verir ki,\u00a0hadis\u0259 Ramana q\u0259s\u0259b\u0259sind\u0259 qeyd\u0259 al\u0131nlb. &#8220;Tofa\u015f&#8221; markal\u0131 avtomobill\u0259 &#8220;Mercedes&#8221; markal\u0131 n\u0259qliyyat vasit\u0259si toqqu\u015fub. Q\u0259za n\u0259tic\u0259sind\u0259 1968-ci il t\u0259v\u0259ll\u00fcdl\u00fc M\u0259mm\u0259dov Eldar Heyd\u0259r o\u011flu v\u0259 1952-ci il t\u0259v\u0259ll\u00fcdl\u00fc Abbasova S\u00fcs\u0259nb\u0259r \u0130smay\u0131l q\u0131z\u0131 m\u00fcxt\u0259lif b\u0259d\u0259n x\u0259sar\u0259tl\u0259ri al\u0131b. Yaral\u0131lar 3 sayl\u0131 \u015f\u0259h\u0259r x\u0259st\u0259xanas\u0131na yerl\u0259\u015fdirilib. H\u0259kiml\u0259rin verdiyi m\u0259lumata g\u00f6r\u0259, S.Abbasovan\u0131n v\u0259ziyy\u0259ti a\u011f\u0131rd\u0131r. Ona a\u011f\u0131r k\u0259ll\u0259 beyin travmas\u0131, a\u015fa\u011f\u0131 \u0259traflar\u0131n s\u0131n\u0131\u011f\u0131 diaqnozu qoyulub.<\/p>\n","protected":false},"author":2,"featured_media":140452,"comment_status":"closed","ping_status":"closed","sticky":false,"template":"","format":"standard","meta":{"om_disable_all_campaigns":false,"_monsterinsights_skip_tracking":false,"_monsterinsights_sitenote_active":false,"_monsterinsights_sitenote_note":"","_monsterinsights_sitenote_category":0},"categories":[5],"tags":[],"aioseo_notices":[],"gutentor_comment":0,"rttpg_featured_image_url":{"full":["https:\/\/arantv.az\/wp-content\/uploads\/2020\/03\/37859y0uju.jpg",800,600,false],"landscape":["https:\/\/arantv.az\/wp-content\/uploads\/2020\/03\/37859y0uju.jpg",800,600,false],"portraits":["https:\/\/arantv.az\/wp-content\/uploads\/2020\/03\/37859y0uju.jpg",800,600,false],"thumbnail":["https:\/\/arantv.az\/wp-content\/uploads\/2020\/03\/37859y0uju-150x150.jpg",150,150,true],"medium":["https:\/\/arantv.az\/wp-content\/uploads\/2020\/03\/37859y0uju-300x225.jpg",300,225,true],"large":["https:\/\/arantv.az\/wp-content\/uploads\/2020\/03\/37859y0uju.jpg",640,480,false],"1536x1536":["https:\/\/arantv.az\/wp-content\/uploads\/2020\/03\/37859y0uju.jpg",800,600,false],"2048x2048":["https:\/\/arantv.az\/wp-content\/uploads\/2020\/03\/37859y0uju.jpg",800,600,false],"post-thumbnail":["https:\/\/arantv.az\/wp-content\/uploads\/2020\/03\/37859y0uju-240x172.jpg",240,172,true],"advps-thumb-one":["https:\/\/arantv.az\/wp-content\/uploads\/2020\/03\/37859y0uju.jpg",800,600,false]},"rttpg_author":{"display_name":"V\u00fcsal Rafiqo\u011flu","author_link":"https:\/\/arantv.az\/?author=2"},"rttpg_comment":0,"rttpg_category":"<a href=\"https:\/\/arantv.az\/?cat=5\" rel=\"category\">Hadis\u0259<\/a>","rttpg_excerpt":"Bak\u0131n\u0131n Sabun\u00e7u rayonunda yol-n\u0259qliyyat hadis\u0259si ba\u015f verib. ARANTV.AZ\u00a0 APA-ya istinad\u0259n x\u0259b\u0259r verir ki,\u00a0hadis\u0259 Ramana q\u0259s\u0259b\u0259sind\u0259 qeyd\u0259 al\u0131nlb. &#8220;Tofa\u015f&#8221; markal\u0131 avtomobill\u0259 &#8220;Mercedes&#8221; markal\u0131 n\u0259qliyyat vasit\u0259si toqqu\u015fub. Q\u0259za n\u0259tic\u0259sind\u0259 1968-ci il t\u0259v\u0259ll\u00fcdl\u00fc M\u0259mm\u0259dov Eldar Heyd\u0259r o\u011flu v\u0259 1952-ci il t\u0259v\u0259ll\u00fcdl\u00fc Abbasova S\u00fcs\u0259nb\u0259r \u0130smay\u0131l q\u0131z\u0131 m\u00fcxt\u0259lif b\u0259d\u0259n x\u0259sar\u0259tl\u0259ri al\u0131b. Yaral\u0131lar 3 sayl\u0131 \u015f\u0259h\u0259r x\u0259st\u0259xanas\u0131na yerl\u0259\u015fdirilib. H\u0259kiml\u0259rin verdiyi m\u0259lumata&hellip;","_links":{"self":[{"href":"https:\/\/arantv.az\/index.php?rest_route=\/wp\/v2\/posts\/140451"}],"collection":[{"href":"https:\/\/arantv.az\/index.php?rest_route=\/wp\/v2\/posts"}],"about":[{"href":"https:\/\/arantv.az\/index.php?rest_route=\/wp\/v2\/types\/post"}],"author":[{"embeddable":true,"href":"https:\/\/arantv.az\/index.php?rest_route=\/wp\/v2\/users\/2"}],"replies":[{"embeddable":true,"href":"https:\/\/arantv.az\/index.php?rest_route=%2Fwp%2Fv2%2Fcomments&post=140451"}],"version-history":[{"count":0,"href":"https:\/\/arantv.az\/index.php?rest_route=\/wp\/v2\/posts\/140451\/revisions"}],"wp:featuredmedia":[{"embeddable":true,"href":"https:\/\/arantv.az\/index.php?rest_route=\/wp\/v2\/media\/140452"}],"wp:attachment":[{"href":"https:\/\/arantv.az\/index.php?rest_route=%2Fwp%2Fv2%2Fmedia&parent=140451"}],"wp:term":[{"taxonomy":"category","embeddable":true,"href":"https:\/\/arantv.az\/index.php?rest_route=%2Fwp%2Fv2%2Fcategories&post=140451"},{"taxonomy":"post_tag","embeddable":true,"href":"https:\/\/arantv.az\/index.php?rest_route=%2Fwp%2Fv2%2Ftags&post=140451"}],"curies":[{"name":"wp","href":"https:\/\/api.w.org\/{rel}","templated":true}]}}