{"id":140455,"date":"2020-03-12T08:02:47","date_gmt":"2020-03-12T05:02:47","guid":{"rendered":"http:\/\/arantv.az\/?p=140455"},"modified":"2020-03-12T08:02:47","modified_gmt":"2020-03-12T05:02:47","slug":"bakida-g%c9%99nc-oglani-avtomobil-vurub-surucu-hadis%c9%99-yerind%c9%99n-yayinib","status":"publish","type":"post","link":"https:\/\/arantv.az\/?p=140455","title":{"rendered":"Bak\u0131da g\u0259nc o\u011flan\u0131 avtomobil vurub, s\u00fcr\u00fcc\u00fc hadis\u0259 yerind\u0259n yay\u0131n\u0131b"},"content":{"rendered":"<p>Bak\u0131n\u0131n X\u0259z\u0259r rayonunda yol-n\u0259qliyyat hadis\u0259si zaman\u0131 bir n\u0259f\u0259r a\u011f\u0131r x\u0259sar\u0259t al\u0131b.<\/p>\n<p><strong>ARANTV.AZ<\/strong>\u00a0 APA-ya istinad\u0259n x\u0259b\u0259r verir ki,\u00a0hadis\u0259 Qala-Ramana yolunda ba\u015f verib.<\/p>\n<p>23 ya\u015fl\u0131 Fonpernesdima \u0130q\u0131rovi\u00e7i minik avtomobili vurub. S\u00fcr\u00fcc\u00fc hadis\u0259 yerind\u0259n yay\u0131n\u0131b. Yaral\u0131 hadis\u0259 \u015fahidl\u0259rinin k\u00f6m\u0259kliyi il\u0259 3 sayl\u0131 \u015f\u0259h\u0259r x\u0259st\u0259xanas\u0131na yerl\u0259\u015fdirilib. Ona a\u011f\u0131r k\u0259ll\u0259 beyin travmas\u0131 sol ayaq s\u00fcm\u00fcy\u00fcn\u00fcn s\u0131n\u0131\u011f\u0131 diaqnozu qoyulub.<\/p>\n","protected":false},"excerpt":{"rendered":"<p>Bak\u0131n\u0131n X\u0259z\u0259r rayonunda yol-n\u0259qliyyat hadis\u0259si zaman\u0131 bir n\u0259f\u0259r a\u011f\u0131r x\u0259sar\u0259t al\u0131b. ARANTV.AZ\u00a0 APA-ya istinad\u0259n x\u0259b\u0259r verir ki,\u00a0hadis\u0259 Qala-Ramana yolunda ba\u015f verib. 23 ya\u015fl\u0131 Fonpernesdima \u0130q\u0131rovi\u00e7i minik avtomobili vurub. S\u00fcr\u00fcc\u00fc hadis\u0259 yerind\u0259n yay\u0131n\u0131b. Yaral\u0131 hadis\u0259 \u015fahidl\u0259rinin k\u00f6m\u0259kliyi il\u0259 3 sayl\u0131 \u015f\u0259h\u0259r x\u0259st\u0259xanas\u0131na yerl\u0259\u015fdirilib. Ona a\u011f\u0131r k\u0259ll\u0259 beyin travmas\u0131 sol ayaq s\u00fcm\u00fcy\u00fcn\u00fcn s\u0131n\u0131\u011f\u0131 diaqnozu qoyulub.<\/p>\n","protected":false},"author":2,"featured_media":140456,"comment_status":"closed","ping_status":"closed","sticky":false,"template":"","format":"standard","meta":{"om_disable_all_campaigns":false,"_monsterinsights_skip_tracking":false,"_monsterinsights_sitenote_active":false,"_monsterinsights_sitenote_note":"","_monsterinsights_sitenote_category":0},"categories":[5],"tags":[],"aioseo_notices":[],"gutentor_comment":0,"rttpg_featured_image_url":{"full":["https:\/\/arantv.az\/wp-content\/uploads\/2020\/03\/qeza-1.jpg",800,600,false],"landscape":["https:\/\/arantv.az\/wp-content\/uploads\/2020\/03\/qeza-1.jpg",800,600,false],"portraits":["https:\/\/arantv.az\/wp-content\/uploads\/2020\/03\/qeza-1.jpg",800,600,false],"thumbnail":["https:\/\/arantv.az\/wp-content\/uploads\/2020\/03\/qeza-1-150x150.jpg",150,150,true],"medium":["https:\/\/arantv.az\/wp-content\/uploads\/2020\/03\/qeza-1-300x225.jpg",300,225,true],"large":["https:\/\/arantv.az\/wp-content\/uploads\/2020\/03\/qeza-1.jpg",640,480,false],"1536x1536":["https:\/\/arantv.az\/wp-content\/uploads\/2020\/03\/qeza-1.jpg",800,600,false],"2048x2048":["https:\/\/arantv.az\/wp-content\/uploads\/2020\/03\/qeza-1.jpg",800,600,false],"post-thumbnail":["https:\/\/arantv.az\/wp-content\/uploads\/2020\/03\/qeza-1-240x172.jpg",240,172,true],"advps-thumb-one":["https:\/\/arantv.az\/wp-content\/uploads\/2020\/03\/qeza-1.jpg",800,600,false]},"rttpg_author":{"display_name":"V\u00fcsal Rafiqo\u011flu","author_link":"https:\/\/arantv.az\/?author=2"},"rttpg_comment":0,"rttpg_category":"<a href=\"https:\/\/arantv.az\/?cat=5\" rel=\"category\">Hadis\u0259<\/a>","rttpg_excerpt":"Bak\u0131n\u0131n X\u0259z\u0259r rayonunda yol-n\u0259qliyyat hadis\u0259si zaman\u0131 bir n\u0259f\u0259r a\u011f\u0131r x\u0259sar\u0259t al\u0131b. ARANTV.AZ\u00a0 APA-ya istinad\u0259n x\u0259b\u0259r verir ki,\u00a0hadis\u0259 Qala-Ramana yolunda ba\u015f verib. 23 ya\u015fl\u0131 Fonpernesdima \u0130q\u0131rovi\u00e7i minik avtomobili vurub. S\u00fcr\u00fcc\u00fc hadis\u0259 yerind\u0259n yay\u0131n\u0131b. Yaral\u0131 hadis\u0259 \u015fahidl\u0259rinin k\u00f6m\u0259kliyi il\u0259 3 sayl\u0131 \u015f\u0259h\u0259r x\u0259st\u0259xanas\u0131na yerl\u0259\u015fdirilib. Ona a\u011f\u0131r k\u0259ll\u0259 beyin travmas\u0131 sol ayaq s\u00fcm\u00fcy\u00fcn\u00fcn s\u0131n\u0131\u011f\u0131 diaqnozu qoyulub.","_links":{"self":[{"href":"https:\/\/arantv.az\/index.php?rest_route=\/wp\/v2\/posts\/140455"}],"collection":[{"href":"https:\/\/arantv.az\/index.php?rest_route=\/wp\/v2\/posts"}],"about":[{"href":"https:\/\/arantv.az\/index.php?rest_route=\/wp\/v2\/types\/post"}],"author":[{"embeddable":true,"href":"https:\/\/arantv.az\/index.php?rest_route=\/wp\/v2\/users\/2"}],"replies":[{"embeddable":true,"href":"https:\/\/arantv.az\/index.php?rest_route=%2Fwp%2Fv2%2Fcomments&post=140455"}],"version-history":[{"count":0,"href":"https:\/\/arantv.az\/index.php?rest_route=\/wp\/v2\/posts\/140455\/revisions"}],"wp:featuredmedia":[{"embeddable":true,"href":"https:\/\/arantv.az\/index.php?rest_route=\/wp\/v2\/media\/140456"}],"wp:attachment":[{"href":"https:\/\/arantv.az\/index.php?rest_route=%2Fwp%2Fv2%2Fmedia&parent=140455"}],"wp:term":[{"taxonomy":"category","embeddable":true,"href":"https:\/\/arantv.az\/index.php?rest_route=%2Fwp%2Fv2%2Fcategories&post=140455"},{"taxonomy":"post_tag","embeddable":true,"href":"https:\/\/arantv.az\/index.php?rest_route=%2Fwp%2Fv2%2Ftags&post=140455"}],"curies":[{"name":"wp","href":"https:\/\/api.w.org\/{rel}","templated":true}]}}