{"id":140463,"date":"2020-03-12T08:04:45","date_gmt":"2020-03-12T05:04:45","guid":{"rendered":"http:\/\/arantv.az\/?p=140463"},"modified":"2020-03-12T08:04:45","modified_gmt":"2020-03-12T05:04:45","slug":"sahib%c9%99-qafarovadan-spiker-kimi-ilk-aciqlama","status":"publish","type":"post","link":"https:\/\/arantv.az\/?p=140463","title":{"rendered":"Sahib\u0259 Qafarovadan spiker kimi ilk A\u00c7IQLAMA"},"content":{"rendered":"<p><strong>\u201cBu \u015f\u0259r\u0259fli v\u0259 m\u0259suliyy\u0259tli v\u0259zif\u0259y\u0259 layiq g\u00f6rd\u00fckl\u0259rin\u0259, y\u00fcks\u0259k etimada g\u00f6r\u0259 bir daha Yeni Az\u0259rbaycan Partiyas\u0131n\u0131n S\u0259dri, Prezident \u0130lham \u018fliyev\u0259 v\u0259 partiya h\u0259mfikirl\u0259rim\u0259, d\u0259st\u0259k ver\u0259n h\u0259mkarlar\u0131ma sonsuz minn\u0259tdarl\u0131\u011f\u0131m\u0131 bildirir\u0259m\u201d.<\/strong><\/p>\n<p><b>ARANTV.AZ\u00a0<\/b>x\u0259b\u0259r verir ki, bunu Milli M\u0259clisin yeni S\u0259dri Sahib\u0259 Qafarova \u015f\u0259xsi Feysbuk hesab\u0131nda yaz\u0131b.<\/p>\n<p>\u201c\u018fmin etm\u0259k ist\u0259yir\u0259m ki, parlamentin S\u0259dri kimi \u00f6hd\u0259m\u0259 d\u00fc\u015f\u0259n v\u0259zif\u0259l\u0259ri layiqinc\u0259 yerin\u0259 yetirm\u0259k \u00fc\u00e7\u00fcn b\u00fct\u00fcn bilik v\u0259 bacar\u0131\u011f\u0131m\u0131 s\u0259rf ed\u0259c\u0259y\u0259m. \u015e\u00fcbh\u0259 yoxdur ki, Az\u0259rbaycan Respublikas\u0131n\u0131n Milli M\u0259clisi Prezident \u0130lham \u018fliyevin parlamentin iclas\u0131nda d\u0259rin m\u0259zmunlu \u00e7\u0131x\u0131\u015f\u0131nda ir\u0259li s\u00fcrd\u00fcy\u00fc d\u0259y\u0259rli t\u00f6vsiy\u0259l\u0259rini \u00f6z f\u0259aliyy\u0259tinin \u0259sas c\u0259h\u0259tl\u0259rini m\u00fc\u0259yy\u0259nl\u0259\u015fdir\u0259n yol x\u0259rit\u0259si kimi q\u0259bul ed\u0259r\u0259k bundan sonra da d\u00f6vl\u0259timizin ba\u015f\u00e7\u0131s\u0131n\u0131n r\u0259hb\u0259rliyi alt\u0131nda realla\u015fd\u0131r\u0131lan sosial-iqtisadi inki\u015faf strategiyas\u0131n\u0131 d\u0259st\u0259kl\u0259m\u0259kd\u0259 davam ed\u0259c\u0259k, \u00f6lk\u0259mizd\u0259 geni\u015f v\u00fcs\u0259t alan quruculuq i\u015fl\u0259rinin h\u00fcquqi bazas\u0131n\u0131 daha da t\u0259kmill\u0259\u015fdirm\u0259k v\u0259 m\u00f6hk\u0259ml\u0259ndirm\u0259k istiqam\u0259tind\u0259 \u00fcz\u0259rin\u0259 d\u00fc\u015f\u0259n v\u0259zif\u0259l\u0259ri layiqinc\u0259 yerin\u0259 yetir\u0259c\u0259k, respublikam\u0131z\u0131n dayan\u0131ql\u0131 inki\u015faf\u0131n\u0131n t\u0259min edilm\u0259sin\u0259 y\u00f6n\u0259l\u0259n strateji x\u0259ttin u\u011furla h\u0259yata ke\u00e7irilm\u0259sin\u0259 \u00f6z t\u00f6hf\u0259sini ver\u0259c\u0259k.<\/p>\n<p>Eyni zamanda, parlamentimiz d\u00f6vl\u0259timizin xarici siyas\u0259tinin h\u0259yata ke\u00e7irilm\u0259sin\u0259 d\u0259st\u0259k ver\u0259c\u0259k, beyn\u0259lxalq ikit\u0259r\u0259fli v\u0259 \u00e7oxt\u0259r\u0259fli \u0259laq\u0259l\u0259rin inki\u015faf\u0131na diqq\u0259ti daha da art\u0131racaq, beyn\u0259lxalq t\u0259msil\u00e7ilik m\u0259s\u0259l\u0259l\u0259rin\u0259 daha \u00e7ox diqq\u0259t yetir\u0259c\u0259k. M\u0259n bir daha h\u0259r bir h\u0259mkar\u0131m\u0131 t\u0259brik edir, u\u011furlar arzulay\u0131ram\u201d, dey\u0259 S.Qafarova vur\u011fulay\u0131b.Unikal.org<\/p>\n","protected":false},"excerpt":{"rendered":"<p>\u201cBu \u015f\u0259r\u0259fli v\u0259 m\u0259suliyy\u0259tli v\u0259zif\u0259y\u0259 layiq g\u00f6rd\u00fckl\u0259rin\u0259, y\u00fcks\u0259k etimada g\u00f6r\u0259 bir daha Yeni Az\u0259rbaycan Partiyas\u0131n\u0131n S\u0259dri, Prezident \u0130lham \u018fliyev\u0259 v\u0259 partiya h\u0259mfikirl\u0259rim\u0259, d\u0259st\u0259k ver\u0259n h\u0259mkarlar\u0131ma sonsuz minn\u0259tdarl\u0131\u011f\u0131m\u0131 bildirir\u0259m\u201d. ARANTV.AZ\u00a0x\u0259b\u0259r verir ki, bunu Milli M\u0259clisin yeni S\u0259dri Sahib\u0259 Qafarova \u015f\u0259xsi Feysbuk hesab\u0131nda yaz\u0131b. \u201c\u018fmin etm\u0259k ist\u0259yir\u0259m ki, parlamentin S\u0259dri kimi \u00f6hd\u0259m\u0259 d\u00fc\u015f\u0259n v\u0259zif\u0259l\u0259ri layiqinc\u0259 yerin\u0259 yetirm\u0259k \u00fc\u00e7\u00fcn b\u00fct\u00fcn bilik v\u0259 bacar\u0131\u011f\u0131m\u0131 s\u0259rf ed\u0259c\u0259y\u0259m. \u015e\u00fcbh\u0259 yoxdur ki, Az\u0259rbaycan Respublikas\u0131n\u0131n Milli M\u0259clisi Prezident \u0130lham \u018fliyevin parlamentin iclas\u0131nda d\u0259rin m\u0259zmunlu \u00e7\u0131x\u0131\u015f\u0131nda ir\u0259li s\u00fcrd\u00fcy\u00fc d\u0259y\u0259rli t\u00f6vsiy\u0259l\u0259rini \u00f6z f\u0259aliyy\u0259tinin \u0259sas c\u0259h\u0259tl\u0259rini m\u00fc\u0259yy\u0259nl\u0259\u015fdir\u0259n yol x\u0259rit\u0259si kimi q\u0259bul&hellip;<\/p>\n","protected":false},"author":2,"featured_media":140464,"comment_status":"closed","ping_status":"closed","sticky":false,"template":"","format":"standard","meta":{"om_disable_all_campaigns":false,"_monsterinsights_skip_tracking":false,"_monsterinsights_sitenote_active":false,"_monsterinsights_sitenote_note":"","_monsterinsights_sitenote_category":0},"categories":[4],"tags":[],"aioseo_notices":[],"gutentor_comment":0,"rttpg_featured_image_url":{"full":["https:\/\/arantv.az\/wp-content\/uploads\/2020\/03\/1583959070.sahibe.jpg",600,400,false],"landscape":["https:\/\/arantv.az\/wp-content\/uploads\/2020\/03\/1583959070.sahibe.jpg",600,400,false],"portraits":["https:\/\/arantv.az\/wp-content\/uploads\/2020\/03\/1583959070.sahibe.jpg",600,400,false],"thumbnail":["https:\/\/arantv.az\/wp-content\/uploads\/2020\/03\/1583959070.sahibe-150x150.jpg",150,150,true],"medium":["https:\/\/arantv.az\/wp-content\/uploads\/2020\/03\/1583959070.sahibe-300x200.jpg",300,200,true],"large":["https:\/\/arantv.az\/wp-content\/uploads\/2020\/03\/1583959070.sahibe.jpg",600,400,false],"1536x1536":["https:\/\/arantv.az\/wp-content\/uploads\/2020\/03\/1583959070.sahibe.jpg",600,400,false],"2048x2048":["https:\/\/arantv.az\/wp-content\/uploads\/2020\/03\/1583959070.sahibe.jpg",600,400,false],"post-thumbnail":["https:\/\/arantv.az\/wp-content\/uploads\/2020\/03\/1583959070.sahibe-240x172.jpg",240,172,true],"advps-thumb-one":["https:\/\/arantv.az\/wp-content\/uploads\/2020\/03\/1583959070.sahibe.jpg",600,400,false]},"rttpg_author":{"display_name":"V\u00fcsal Rafiqo\u011flu","author_link":"https:\/\/arantv.az\/?author=2"},"rttpg_comment":0,"rttpg_category":"<a href=\"https:\/\/arantv.az\/?cat=4\" rel=\"category\">Siyas\u0259t<\/a>","rttpg_excerpt":"\u201cBu \u015f\u0259r\u0259fli v\u0259 m\u0259suliyy\u0259tli v\u0259zif\u0259y\u0259 layiq g\u00f6rd\u00fckl\u0259rin\u0259, y\u00fcks\u0259k etimada g\u00f6r\u0259 bir daha Yeni Az\u0259rbaycan Partiyas\u0131n\u0131n S\u0259dri, Prezident \u0130lham \u018fliyev\u0259 v\u0259 partiya h\u0259mfikirl\u0259rim\u0259, d\u0259st\u0259k ver\u0259n h\u0259mkarlar\u0131ma sonsuz minn\u0259tdarl\u0131\u011f\u0131m\u0131 bildirir\u0259m\u201d. ARANTV.AZ\u00a0x\u0259b\u0259r verir ki, bunu Milli M\u0259clisin yeni S\u0259dri Sahib\u0259 Qafarova \u015f\u0259xsi Feysbuk hesab\u0131nda yaz\u0131b. \u201c\u018fmin etm\u0259k ist\u0259yir\u0259m ki, parlamentin S\u0259dri kimi \u00f6hd\u0259m\u0259 d\u00fc\u015f\u0259n v\u0259zif\u0259l\u0259ri layiqinc\u0259 yerin\u0259 yetirm\u0259k&hellip;","_links":{"self":[{"href":"https:\/\/arantv.az\/index.php?rest_route=\/wp\/v2\/posts\/140463"}],"collection":[{"href":"https:\/\/arantv.az\/index.php?rest_route=\/wp\/v2\/posts"}],"about":[{"href":"https:\/\/arantv.az\/index.php?rest_route=\/wp\/v2\/types\/post"}],"author":[{"embeddable":true,"href":"https:\/\/arantv.az\/index.php?rest_route=\/wp\/v2\/users\/2"}],"replies":[{"embeddable":true,"href":"https:\/\/arantv.az\/index.php?rest_route=%2Fwp%2Fv2%2Fcomments&post=140463"}],"version-history":[{"count":0,"href":"https:\/\/arantv.az\/index.php?rest_route=\/wp\/v2\/posts\/140463\/revisions"}],"wp:featuredmedia":[{"embeddable":true,"href":"https:\/\/arantv.az\/index.php?rest_route=\/wp\/v2\/media\/140464"}],"wp:attachment":[{"href":"https:\/\/arantv.az\/index.php?rest_route=%2Fwp%2Fv2%2Fmedia&parent=140463"}],"wp:term":[{"taxonomy":"category","embeddable":true,"href":"https:\/\/arantv.az\/index.php?rest_route=%2Fwp%2Fv2%2Fcategories&post=140463"},{"taxonomy":"post_tag","embeddable":true,"href":"https:\/\/arantv.az\/index.php?rest_route=%2Fwp%2Fv2%2Ftags&post=140463"}],"curies":[{"name":"wp","href":"https:\/\/api.w.org\/{rel}","templated":true}]}}