{"id":141157,"date":"2020-03-13T08:07:33","date_gmt":"2020-03-13T05:07:33","guid":{"rendered":"http:\/\/arantv.az\/?p=141157"},"modified":"2020-03-13T08:07:33","modified_gmt":"2020-03-13T05:07:33","slug":"az%c9%99rbaycanda-novruz-t%c9%99tilinin-vaxti-d%c9%99yisdirildi","status":"publish","type":"post","link":"https:\/\/arantv.az\/?p=141157","title":{"rendered":"Az\u0259rbaycanda Novruz t\u0259tilinin vaxt\u0131 d\u0259yi\u015fdirildi"},"content":{"rendered":"<p>Ba\u015f Nazir \u018fli \u018fs\u0259dov Novruz bayram\u0131 il\u0259 ba\u011fl\u0131 s\u0259r\u0259ncam imzalay\u0131b.<\/p>\n<p><strong>ARANTV.AZ\u00a0<\/strong> bildirir ki, s\u0259r\u0259ncama \u0259sas\u0259n, i\u015f v\u0259 istirah\u0259t g\u00fcnl\u0259rinin ard\u0131c\u0131l olmas\u0131n\u0131 t\u0259min etm\u0259k m\u0259qs\u0259dil\u0259 2020-ci ilin 29 mart istirah\u0259t g\u00fcn\u00fc il\u0259 27 mart i\u015f g\u00fcn\u00fcn\u00fcn yeri d\u0259yi\u015fdirilir.<\/p>\n<p>Bel\u0259likl\u0259, Novruz bayram\u0131 il\u0259 \u0259laq\u0259dar ard\u0131c\u0131l 9 g\u00fcn qeyri-i\u015f g\u00fcn\u00fc olacaq. \u0130lk i\u015f g\u00fcn\u00fc 29 mart tarixidir.Trend.az<\/p>\n","protected":false},"excerpt":{"rendered":"<p>Ba\u015f Nazir \u018fli \u018fs\u0259dov Novruz bayram\u0131 il\u0259 ba\u011fl\u0131 s\u0259r\u0259ncam imzalay\u0131b. ARANTV.AZ\u00a0 bildirir ki, s\u0259r\u0259ncama \u0259sas\u0259n, i\u015f v\u0259 istirah\u0259t g\u00fcnl\u0259rinin ard\u0131c\u0131l olmas\u0131n\u0131 t\u0259min etm\u0259k m\u0259qs\u0259dil\u0259 2020-ci ilin 29 mart istirah\u0259t g\u00fcn\u00fc il\u0259 27 mart i\u015f g\u00fcn\u00fcn\u00fcn yeri d\u0259yi\u015fdirilir. Bel\u0259likl\u0259, Novruz bayram\u0131 il\u0259 \u0259laq\u0259dar ard\u0131c\u0131l 9 g\u00fcn qeyri-i\u015f g\u00fcn\u00fc olacaq. \u0130lk i\u015f g\u00fcn\u00fc 29 mart tarixidir.Trend.az<\/p>\n","protected":false},"author":2,"featured_media":137681,"comment_status":"closed","ping_status":"closed","sticky":false,"template":"","format":"standard","meta":{"om_disable_all_campaigns":false,"_monsterinsights_skip_tracking":false,"_monsterinsights_sitenote_active":false,"_monsterinsights_sitenote_note":"","_monsterinsights_sitenote_category":0},"categories":[1],"tags":[],"aioseo_notices":[],"gutentor_comment":0,"rttpg_featured_image_url":{"full":["https:\/\/arantv.az\/wp-content\/uploads\/2020\/03\/semeni.jpg",412,501,false],"landscape":["https:\/\/arantv.az\/wp-content\/uploads\/2020\/03\/semeni.jpg",412,501,false],"portraits":["https:\/\/arantv.az\/wp-content\/uploads\/2020\/03\/semeni.jpg",412,501,false],"thumbnail":["https:\/\/arantv.az\/wp-content\/uploads\/2020\/03\/semeni-150x150.jpg",150,150,true],"medium":["https:\/\/arantv.az\/wp-content\/uploads\/2020\/03\/semeni-247x300.jpg",247,300,true],"large":["https:\/\/arantv.az\/wp-content\/uploads\/2020\/03\/semeni.jpg",412,501,false],"1536x1536":["https:\/\/arantv.az\/wp-content\/uploads\/2020\/03\/semeni.jpg",412,501,false],"2048x2048":["https:\/\/arantv.az\/wp-content\/uploads\/2020\/03\/semeni.jpg",412,501,false],"post-thumbnail":["https:\/\/arantv.az\/wp-content\/uploads\/2020\/03\/semeni-240x172.jpg",240,172,true],"advps-thumb-one":["https:\/\/arantv.az\/wp-content\/uploads\/2020\/03\/semeni.jpg",412,501,false]},"rttpg_author":{"display_name":"V\u00fcsal Rafiqo\u011flu","author_link":"https:\/\/arantv.az\/?author=2"},"rttpg_comment":0,"rttpg_category":"<a href=\"https:\/\/arantv.az\/?cat=1\" rel=\"category\">C\u0259miyy\u0259t<\/a>","rttpg_excerpt":"Ba\u015f Nazir \u018fli \u018fs\u0259dov Novruz bayram\u0131 il\u0259 ba\u011fl\u0131 s\u0259r\u0259ncam imzalay\u0131b. ARANTV.AZ\u00a0 bildirir ki, s\u0259r\u0259ncama \u0259sas\u0259n, i\u015f v\u0259 istirah\u0259t g\u00fcnl\u0259rinin ard\u0131c\u0131l olmas\u0131n\u0131 t\u0259min etm\u0259k m\u0259qs\u0259dil\u0259 2020-ci ilin 29 mart istirah\u0259t g\u00fcn\u00fc il\u0259 27 mart i\u015f g\u00fcn\u00fcn\u00fcn yeri d\u0259yi\u015fdirilir. Bel\u0259likl\u0259, Novruz bayram\u0131 il\u0259 \u0259laq\u0259dar ard\u0131c\u0131l 9 g\u00fcn qeyri-i\u015f g\u00fcn\u00fc olacaq. \u0130lk i\u015f g\u00fcn\u00fc 29 mart tarixidir.Trend.az","_links":{"self":[{"href":"https:\/\/arantv.az\/index.php?rest_route=\/wp\/v2\/posts\/141157"}],"collection":[{"href":"https:\/\/arantv.az\/index.php?rest_route=\/wp\/v2\/posts"}],"about":[{"href":"https:\/\/arantv.az\/index.php?rest_route=\/wp\/v2\/types\/post"}],"author":[{"embeddable":true,"href":"https:\/\/arantv.az\/index.php?rest_route=\/wp\/v2\/users\/2"}],"replies":[{"embeddable":true,"href":"https:\/\/arantv.az\/index.php?rest_route=%2Fwp%2Fv2%2Fcomments&post=141157"}],"version-history":[{"count":0,"href":"https:\/\/arantv.az\/index.php?rest_route=\/wp\/v2\/posts\/141157\/revisions"}],"wp:featuredmedia":[{"embeddable":true,"href":"https:\/\/arantv.az\/index.php?rest_route=\/wp\/v2\/media\/137681"}],"wp:attachment":[{"href":"https:\/\/arantv.az\/index.php?rest_route=%2Fwp%2Fv2%2Fmedia&parent=141157"}],"wp:term":[{"taxonomy":"category","embeddable":true,"href":"https:\/\/arantv.az\/index.php?rest_route=%2Fwp%2Fv2%2Fcategories&post=141157"},{"taxonomy":"post_tag","embeddable":true,"href":"https:\/\/arantv.az\/index.php?rest_route=%2Fwp%2Fv2%2Ftags&post=141157"}],"curies":[{"name":"wp","href":"https:\/\/api.w.org\/{rel}","templated":true}]}}