{"id":14130,"date":"2018-09-18T14:33:19","date_gmt":"2018-09-18T11:33:19","guid":{"rendered":"http:\/\/arantv.az\/?p=14130"},"modified":"2018-09-18T14:33:19","modified_gmt":"2018-09-18T11:33:19","slug":"dord-n%c9%99f%c9%99ri-avtomobill%c9%99-vurub-oldur%c9%99n%c9%99-agir-c%c9%99za","status":"publish","type":"post","link":"https:\/\/arantv.az\/?p=14130","title":{"rendered":"D\u00f6rd n\u0259f\u0259ri avtomobill\u0259 vurub \u00f6ld\u00fcr\u0259n\u0259 a\u011f\u0131r c\u0259za"},"content":{"rendered":"<p>Bak\u0131 A\u011f\u0131r Cinay\u0259tl\u0259r M\u0259hk\u0259m\u0259sind\u0259 d\u00f6rd\u00a0n\u0259f\u0259rin \u00f6l\u00fcm\u00fc il\u0259 n\u0259tic\u0259l\u0259n\u0259n avtomobil q\u0259zas\u0131 t\u00f6r\u0259tm\u0259kd\u0259 t\u0259qsirl\u0259ndiril\u0259n\u00a0<strong>Elturan F\u0259r\u0259cov<\/strong>un cinay\u0259t i\u015fi \u00fczr\u0259 m\u0259hk\u0259m\u0259 iclas\u0131 ba\u015fa \u00e7at\u0131b.<\/p>\n<p><b>ARANTV.AZ\u00a0<\/b>x\u0259b\u0259r verir ki, hakim\u00a0<strong>\u018fl\u00f6vs\u0259t Abbasov<\/strong>un s\u0259drliyi il\u0259 ke\u00e7iril\u0259n iclasda h\u00f6km oxunub.<\/p>\n<p>H\u00f6km\u0259 \u0259sas\u0259n, E. F\u0259r\u0259cov 10 il m\u00fcdd\u0259tin\u0259 azadl\u0131qdan m\u0259hrum edilib. \u015eahid qismind\u0259 Tahir S\u0259f\u0259rov ifad\u0259 verib.<\/p>\n<p>O, q\u0259za ba\u015f ver\u0259n zaman h\u0259min yolda avtomobil idar\u0259 etdiyini deyib:<\/p>\n<p>\u201cKamAZ\u201d\u0131n arxas\u0131nca h\u0259r\u0259k\u0259t edirdim. M\u0259saf\u0259miz 100 metr olard\u0131. M\u0259n qar\u015f\u0131dak\u0131 avtomobilin \u201cstop\u201dlar\u0131n\u0131n yand\u0131\u011f\u0131n\u0131 g\u00f6rd\u00fcm. Bu zaman qaba\u011f\u0131m toz-duman oldu, i\u015f\u0131qlar\u0131 s\u00f6nd\u00fc. Ma\u015f\u0131n\u0131 sa\u011fa \u00e7\u0259kib saxlad\u0131m. Qar\u015f\u0131dak\u0131 \u201cKamAZ\u201d\u0131n qo\u015fqusuna ma\u015f\u0131n \u00e7\u0131rp\u0131lm\u0131\u015fd\u0131. Polis\u0259 m\u0259lumat verdik. Ma\u015f\u0131nda bir n\u0259f\u0259r sa\u011f idi. Onu \u00e7\u0131xarma\u011fa k\u00f6m\u0259k etdi\u201d.<\/p>\n<p>Qeyd ed\u0259k ki, hadis\u0259 2017-ci ilin iyul ay\u0131n\u0131n 13-d\u0259 gec\u0259 saatlar\u0131nda \u018fl\u0259t-Astara magistral\u0131nda ba\u015f verib. Rusiyaya ged\u0259n \u201cMercedes\u201d markal\u0131 mikroavtobus \u201cKamAZ\u201d markal\u0131 qo\u015fqulu y\u00fck ma\u015f\u0131n\u0131na \u00e7\u0131rp\u0131l\u0131b.<\/p>\n<p>Q\u0259za n\u0259tic\u0259sind\u0259 \u201cMercedes\u201d markal\u0131 ma\u015f\u0131n\u0131n s\u0259rni\u015finl\u0259rind\u0259n d\u00f6rd\u00a0n\u0259f\u0259ri &#8211; 1993-c\u00fc il t\u0259v\u0259ll\u00fcdl\u00fc\u00a0<strong>\u018fliyev Tuhid Mirz\u0259r\u0259him<\/strong>\u00a0o\u011flu, 1982-ci il t\u0259v\u0259ll\u00fcdl\u00fc\u00a0<strong>Q\u0259hr\u0259manov \u015eahid \u018fbd\u00fclh\u00fcseyn<\/strong>\u00a0o\u011flu, Rusiya v\u0259t\u0259nda\u015f\u0131, 1947-ci il t\u0259v\u0259ll\u00fcdl\u00fc\u00a0<strong>Xudaverdiyev Ramiz A\u011fah\u00fcseyn<\/strong>\u00a0o\u011flu v\u0259 1951-ci il t\u0259v\u0259ll\u00fcdl\u00fc<strong>\u00a0Abdullayev Azad \u0130dm\u0259li\u00a0<\/strong>o\u011flu d\u00fcnyas\u0131n\u0131 d\u0259yi\u015fib.<\/p>\n<p>Bundan ba\u015fqa, q\u0259zada iki n\u0259f\u0259r d\u0259 yaralan\u0131b. \u00d6l\u0259nl\u0259rin ham\u0131s\u0131 Astara rayonunun S\u0259nc\u0259r\u0259di k\u0259nd sakinl\u0259ridir. Onlar Da\u011f\u0131stana i\u015fl\u0259m\u0259y\u0259 gedirmi\u015f.<\/p>\n<p>Q\u0259za zaman\u0131 yaln\u0131z \u201cKamAZ\u201d\u0131n s\u00fcr\u00fcc\u00fcs\u00fc il\u0259 mikroavtobusun s\u00fcr\u00fcc\u00fcs\u00fc, Astara rayonun S\u0259nc\u0259r\u0259di k\u0259nd sakini\u00a0<strong>F\u0259r\u0259cov Elturan Q\u0131lman o\u011flu\u00a0<\/strong>x\u0259sar\u0259t almay\u0131b.<\/p>\n<p>Elturan F\u0259r\u0259cov h\u0259mk\u0259ndlil\u0259rini pul m\u00fcqabilind\u0259 Xasavyurt \u015f\u0259h\u0259rin\u0259 \u00e7atd\u0131rmal\u0131 imi\u015f.<\/p>\n<p>Q\u0259zadan sonra Elturan F\u0259r\u0259cov h\u0259bs edilib.oxu.az<\/p>\n","protected":false},"excerpt":{"rendered":"<p>Bak\u0131 A\u011f\u0131r Cinay\u0259tl\u0259r M\u0259hk\u0259m\u0259sind\u0259 d\u00f6rd\u00a0n\u0259f\u0259rin \u00f6l\u00fcm\u00fc il\u0259 n\u0259tic\u0259l\u0259n\u0259n avtomobil q\u0259zas\u0131 t\u00f6r\u0259tm\u0259kd\u0259 t\u0259qsirl\u0259ndiril\u0259n\u00a0Elturan F\u0259r\u0259covun cinay\u0259t i\u015fi \u00fczr\u0259 m\u0259hk\u0259m\u0259 iclas\u0131 ba\u015fa \u00e7at\u0131b. ARANTV.AZ\u00a0x\u0259b\u0259r verir ki, hakim\u00a0\u018fl\u00f6vs\u0259t Abbasovun s\u0259drliyi il\u0259 ke\u00e7iril\u0259n iclasda h\u00f6km oxunub. H\u00f6km\u0259 \u0259sas\u0259n, E. F\u0259r\u0259cov 10 il m\u00fcdd\u0259tin\u0259 azadl\u0131qdan m\u0259hrum edilib. \u015eahid qismind\u0259 Tahir S\u0259f\u0259rov ifad\u0259 verib. O, q\u0259za ba\u015f ver\u0259n zaman h\u0259min yolda avtomobil idar\u0259 etdiyini deyib: \u201cKamAZ\u201d\u0131n arxas\u0131nca h\u0259r\u0259k\u0259t edirdim. M\u0259saf\u0259miz 100 metr olard\u0131. M\u0259n qar\u015f\u0131dak\u0131 avtomobilin \u201cstop\u201dlar\u0131n\u0131n yand\u0131\u011f\u0131n\u0131 g\u00f6rd\u00fcm. Bu zaman qaba\u011f\u0131m toz-duman oldu, i\u015f\u0131qlar\u0131 s\u00f6nd\u00fc. Ma\u015f\u0131n\u0131 sa\u011fa \u00e7\u0259kib saxlad\u0131m. Qar\u015f\u0131dak\u0131 \u201cKamAZ\u201d\u0131n qo\u015fqusuna ma\u015f\u0131n \u00e7\u0131rp\u0131lm\u0131\u015fd\u0131. Polis\u0259 m\u0259lumat&hellip;<\/p>\n","protected":false},"author":2,"featured_media":14131,"comment_status":"closed","ping_status":"closed","sticky":false,"template":"","format":"standard","meta":{"om_disable_all_campaigns":false,"_monsterinsights_skip_tracking":false,"_monsterinsights_sitenote_active":false,"_monsterinsights_sitenote_note":"","_monsterinsights_sitenote_category":0},"categories":[5],"tags":[],"aioseo_notices":[],"gutentor_comment":0,"rttpg_featured_image_url":{"full":["https:\/\/arantv.az\/wp-content\/uploads\/2018\/09\/c3029fc28524de3c8b59df7b6d27202f.jpg",620,349,false],"landscape":["https:\/\/arantv.az\/wp-content\/uploads\/2018\/09\/c3029fc28524de3c8b59df7b6d27202f.jpg",620,349,false],"portraits":["https:\/\/arantv.az\/wp-content\/uploads\/2018\/09\/c3029fc28524de3c8b59df7b6d27202f.jpg",620,349,false],"thumbnail":["https:\/\/arantv.az\/wp-content\/uploads\/2018\/09\/c3029fc28524de3c8b59df7b6d27202f-150x150.jpg",150,150,true],"medium":["https:\/\/arantv.az\/wp-content\/uploads\/2018\/09\/c3029fc28524de3c8b59df7b6d27202f-300x169.jpg",300,169,true],"large":["https:\/\/arantv.az\/wp-content\/uploads\/2018\/09\/c3029fc28524de3c8b59df7b6d27202f.jpg",620,349,false],"1536x1536":["https:\/\/arantv.az\/wp-content\/uploads\/2018\/09\/c3029fc28524de3c8b59df7b6d27202f.jpg",620,349,false],"2048x2048":["https:\/\/arantv.az\/wp-content\/uploads\/2018\/09\/c3029fc28524de3c8b59df7b6d27202f.jpg",620,349,false],"post-thumbnail":["https:\/\/arantv.az\/wp-content\/uploads\/2018\/09\/c3029fc28524de3c8b59df7b6d27202f-240x172.jpg",240,172,true],"advps-thumb-one":["https:\/\/arantv.az\/wp-content\/uploads\/2018\/09\/c3029fc28524de3c8b59df7b6d27202f.jpg",620,349,false]},"rttpg_author":{"display_name":"V\u00fcsal Rafiqo\u011flu","author_link":"https:\/\/arantv.az\/?author=2"},"rttpg_comment":0,"rttpg_category":"<a href=\"https:\/\/arantv.az\/?cat=5\" rel=\"category\">Hadis\u0259<\/a>","rttpg_excerpt":"Bak\u0131 A\u011f\u0131r Cinay\u0259tl\u0259r M\u0259hk\u0259m\u0259sind\u0259 d\u00f6rd\u00a0n\u0259f\u0259rin \u00f6l\u00fcm\u00fc il\u0259 n\u0259tic\u0259l\u0259n\u0259n avtomobil q\u0259zas\u0131 t\u00f6r\u0259tm\u0259kd\u0259 t\u0259qsirl\u0259ndiril\u0259n\u00a0Elturan F\u0259r\u0259covun cinay\u0259t i\u015fi \u00fczr\u0259 m\u0259hk\u0259m\u0259 iclas\u0131 ba\u015fa \u00e7at\u0131b. ARANTV.AZ\u00a0x\u0259b\u0259r verir ki, hakim\u00a0\u018fl\u00f6vs\u0259t Abbasovun s\u0259drliyi il\u0259 ke\u00e7iril\u0259n iclasda h\u00f6km oxunub. H\u00f6km\u0259 \u0259sas\u0259n, E. F\u0259r\u0259cov 10 il m\u00fcdd\u0259tin\u0259 azadl\u0131qdan m\u0259hrum edilib. \u015eahid qismind\u0259 Tahir S\u0259f\u0259rov ifad\u0259 verib. O, q\u0259za ba\u015f ver\u0259n zaman h\u0259min yolda avtomobil&hellip;","_links":{"self":[{"href":"https:\/\/arantv.az\/index.php?rest_route=\/wp\/v2\/posts\/14130"}],"collection":[{"href":"https:\/\/arantv.az\/index.php?rest_route=\/wp\/v2\/posts"}],"about":[{"href":"https:\/\/arantv.az\/index.php?rest_route=\/wp\/v2\/types\/post"}],"author":[{"embeddable":true,"href":"https:\/\/arantv.az\/index.php?rest_route=\/wp\/v2\/users\/2"}],"replies":[{"embeddable":true,"href":"https:\/\/arantv.az\/index.php?rest_route=%2Fwp%2Fv2%2Fcomments&post=14130"}],"version-history":[{"count":0,"href":"https:\/\/arantv.az\/index.php?rest_route=\/wp\/v2\/posts\/14130\/revisions"}],"wp:featuredmedia":[{"embeddable":true,"href":"https:\/\/arantv.az\/index.php?rest_route=\/wp\/v2\/media\/14131"}],"wp:attachment":[{"href":"https:\/\/arantv.az\/index.php?rest_route=%2Fwp%2Fv2%2Fmedia&parent=14130"}],"wp:term":[{"taxonomy":"category","embeddable":true,"href":"https:\/\/arantv.az\/index.php?rest_route=%2Fwp%2Fv2%2Fcategories&post=14130"},{"taxonomy":"post_tag","embeddable":true,"href":"https:\/\/arantv.az\/index.php?rest_route=%2Fwp%2Fv2%2Ftags&post=14130"}],"curies":[{"name":"wp","href":"https:\/\/api.w.org\/{rel}","templated":true}]}}