{"id":14140,"date":"2018-09-18T14:37:22","date_gmt":"2018-09-18T11:37:22","guid":{"rendered":"http:\/\/arantv.az\/?p=14140"},"modified":"2018-09-18T14:37:22","modified_gmt":"2018-09-18T11:37:22","slug":"avropa-oyunlarinin-mukafatcisi-bakida-dunya-cempionu-olmaq-ist%c9%99yir","status":"publish","type":"post","link":"https:\/\/arantv.az\/?p=14140","title":{"rendered":"Avropa Oyunlar\u0131n\u0131n m\u00fckafat\u00e7\u0131s\u0131 Bak\u0131da d\u00fcnya \u00e7empionu olmaq ist\u0259yir"},"content":{"rendered":"<p>D\u00fcnya \u00e7empionat\u0131n\u0131n start\u0131n\u0131 s\u0259birsizlikl\u0259 g\u00f6zl\u0259yir\u0259m. Yar\u0131\u015fa \u00e7ox yax\u015f\u0131 haz\u0131rla\u015fm\u0131\u015fam. B\u00fct\u00fcn g\u00fcc\u00fcm\u00fc s\u0259rf etmi\u015f\u0259m v\u0259 m\u00fcsb\u0259t n\u0259tic\u0259y\u0259 \u00fcmid edir\u0259m.<\/p>\n<p><b>ARANTV.AZ\u00a0<\/b>x\u0259b\u0259r verir ki, bunu Almaniya millisinin c\u00fcdo\u00e7usu\u00a0<strong>Aleksander Vi\u00e7erzak<\/strong>\u00a0Bak\u0131da ke\u00e7iril\u0259c\u0259k d\u00fcnya \u00e7empionat\u0131 il\u0259 ba\u011fl\u0131 t\u0259\u0259ss\u00fcratlar\u0131n\u0131 b\u00f6l\u00fc\u015f\u0259rk\u0259n deyib.<\/p>\n<p>\u00d6t\u0259n il Macar\u0131stan\u0131n paytaxt\u0131 Budape\u015ftd\u0259ki mundialda 81 kq \u00e7\u0259ki d\u0259r\u0259c\u0259sind\u0259 q\u0131z\u0131l medal qazanm\u0131\u015f 27 ya\u015fl\u0131 idman\u00e7\u0131 eyni u\u011furu t\u0259krarlama\u011fa \u00e7al\u0131\u015faca\u011f\u0131n\u0131 s\u00f6yl\u0259yib.<\/p>\n<div id=\"AdributorNativeVideo0\" class=\"AdributorNativeVideo\"><\/div>\n<p>Az\u0259rbaycan y\u0131\u011fmas\u0131n\u0131n c\u00fcdo\u00e7ular\u0131n\u0131 \u00e7ox g\u00fccl\u00fc r\u0259qib adland\u0131ran Vi\u00e7erzak komandan\u0131n hey\u0259tind\u0259 d\u00fcnya s\u0259viyy\u0259li idman\u00e7\u0131lar\u0131n yer ald\u0131\u011f\u0131n\u0131 vur\u011fulay\u0131b. Baxmayaraq ki, onun \u00e7\u0259kisind\u0259 yerli c\u00fcdo\u00e7u yer almayacaq.<\/p>\n<p>Qeyd ed\u0259k ki, Aleksander Vi\u00e7erzak \u201cBak\u0131 2015\u201d I Avropa Oyunlar\u0131n\u0131n b\u00fcr\u00fcnc medal\u00e7\u0131s\u0131d\u0131r.<\/p>\n<p>oxu.az<\/p>\n","protected":false},"excerpt":{"rendered":"<p>D\u00fcnya \u00e7empionat\u0131n\u0131n start\u0131n\u0131 s\u0259birsizlikl\u0259 g\u00f6zl\u0259yir\u0259m. Yar\u0131\u015fa \u00e7ox yax\u015f\u0131 haz\u0131rla\u015fm\u0131\u015fam. B\u00fct\u00fcn g\u00fcc\u00fcm\u00fc s\u0259rf etmi\u015f\u0259m v\u0259 m\u00fcsb\u0259t n\u0259tic\u0259y\u0259 \u00fcmid edir\u0259m. ARANTV.AZ\u00a0x\u0259b\u0259r verir ki, bunu Almaniya millisinin c\u00fcdo\u00e7usu\u00a0Aleksander Vi\u00e7erzak\u00a0Bak\u0131da ke\u00e7iril\u0259c\u0259k d\u00fcnya \u00e7empionat\u0131 il\u0259 ba\u011fl\u0131 t\u0259\u0259ss\u00fcratlar\u0131n\u0131 b\u00f6l\u00fc\u015f\u0259rk\u0259n deyib. \u00d6t\u0259n il Macar\u0131stan\u0131n paytaxt\u0131 Budape\u015ftd\u0259ki mundialda 81 kq \u00e7\u0259ki d\u0259r\u0259c\u0259sind\u0259 q\u0131z\u0131l medal qazanm\u0131\u015f 27 ya\u015fl\u0131 idman\u00e7\u0131 eyni u\u011furu t\u0259krarlama\u011fa \u00e7al\u0131\u015faca\u011f\u0131n\u0131 s\u00f6yl\u0259yib. Az\u0259rbaycan y\u0131\u011fmas\u0131n\u0131n c\u00fcdo\u00e7ular\u0131n\u0131 \u00e7ox g\u00fccl\u00fc r\u0259qib adland\u0131ran Vi\u00e7erzak komandan\u0131n hey\u0259tind\u0259 d\u00fcnya s\u0259viyy\u0259li idman\u00e7\u0131lar\u0131n yer ald\u0131\u011f\u0131n\u0131 vur\u011fulay\u0131b. Baxmayaraq ki, onun \u00e7\u0259kisind\u0259 yerli c\u00fcdo\u00e7u yer almayacaq. Qeyd ed\u0259k ki, Aleksander Vi\u00e7erzak \u201cBak\u0131 2015\u201d I Avropa Oyunlar\u0131n\u0131n b\u00fcr\u00fcnc&hellip;<\/p>\n","protected":false},"author":2,"featured_media":14141,"comment_status":"closed","ping_status":"closed","sticky":false,"template":"","format":"standard","meta":{"om_disable_all_campaigns":false,"_monsterinsights_skip_tracking":false,"_monsterinsights_sitenote_active":false,"_monsterinsights_sitenote_note":"","_monsterinsights_sitenote_category":0},"categories":[6],"tags":[],"aioseo_notices":[],"gutentor_comment":0,"rttpg_featured_image_url":{"full":["https:\/\/arantv.az\/wp-content\/uploads\/2018\/09\/vicerzak.jpg",620,413,false],"landscape":["https:\/\/arantv.az\/wp-content\/uploads\/2018\/09\/vicerzak.jpg",620,413,false],"portraits":["https:\/\/arantv.az\/wp-content\/uploads\/2018\/09\/vicerzak.jpg",620,413,false],"thumbnail":["https:\/\/arantv.az\/wp-content\/uploads\/2018\/09\/vicerzak-150x150.jpg",150,150,true],"medium":["https:\/\/arantv.az\/wp-content\/uploads\/2018\/09\/vicerzak-300x200.jpg",300,200,true],"large":["https:\/\/arantv.az\/wp-content\/uploads\/2018\/09\/vicerzak.jpg",620,413,false],"1536x1536":["https:\/\/arantv.az\/wp-content\/uploads\/2018\/09\/vicerzak.jpg",620,413,false],"2048x2048":["https:\/\/arantv.az\/wp-content\/uploads\/2018\/09\/vicerzak.jpg",620,413,false],"post-thumbnail":["https:\/\/arantv.az\/wp-content\/uploads\/2018\/09\/vicerzak-240x172.jpg",240,172,true],"advps-thumb-one":["https:\/\/arantv.az\/wp-content\/uploads\/2018\/09\/vicerzak.jpg",620,413,false]},"rttpg_author":{"display_name":"V\u00fcsal Rafiqo\u011flu","author_link":"https:\/\/arantv.az\/?author=2"},"rttpg_comment":0,"rttpg_category":"<a href=\"https:\/\/arantv.az\/?cat=6\" rel=\"category\">\u0130dman<\/a>","rttpg_excerpt":"D\u00fcnya \u00e7empionat\u0131n\u0131n start\u0131n\u0131 s\u0259birsizlikl\u0259 g\u00f6zl\u0259yir\u0259m. Yar\u0131\u015fa \u00e7ox yax\u015f\u0131 haz\u0131rla\u015fm\u0131\u015fam. B\u00fct\u00fcn g\u00fcc\u00fcm\u00fc s\u0259rf etmi\u015f\u0259m v\u0259 m\u00fcsb\u0259t n\u0259tic\u0259y\u0259 \u00fcmid edir\u0259m. ARANTV.AZ\u00a0x\u0259b\u0259r verir ki, bunu Almaniya millisinin c\u00fcdo\u00e7usu\u00a0Aleksander Vi\u00e7erzak\u00a0Bak\u0131da ke\u00e7iril\u0259c\u0259k d\u00fcnya \u00e7empionat\u0131 il\u0259 ba\u011fl\u0131 t\u0259\u0259ss\u00fcratlar\u0131n\u0131 b\u00f6l\u00fc\u015f\u0259rk\u0259n deyib. \u00d6t\u0259n il Macar\u0131stan\u0131n paytaxt\u0131 Budape\u015ftd\u0259ki mundialda 81 kq \u00e7\u0259ki d\u0259r\u0259c\u0259sind\u0259 q\u0131z\u0131l medal qazanm\u0131\u015f 27 ya\u015fl\u0131 idman\u00e7\u0131 eyni u\u011furu t\u0259krarlama\u011fa \u00e7al\u0131\u015faca\u011f\u0131n\u0131 s\u00f6yl\u0259yib.&hellip;","_links":{"self":[{"href":"https:\/\/arantv.az\/index.php?rest_route=\/wp\/v2\/posts\/14140"}],"collection":[{"href":"https:\/\/arantv.az\/index.php?rest_route=\/wp\/v2\/posts"}],"about":[{"href":"https:\/\/arantv.az\/index.php?rest_route=\/wp\/v2\/types\/post"}],"author":[{"embeddable":true,"href":"https:\/\/arantv.az\/index.php?rest_route=\/wp\/v2\/users\/2"}],"replies":[{"embeddable":true,"href":"https:\/\/arantv.az\/index.php?rest_route=%2Fwp%2Fv2%2Fcomments&post=14140"}],"version-history":[{"count":0,"href":"https:\/\/arantv.az\/index.php?rest_route=\/wp\/v2\/posts\/14140\/revisions"}],"wp:featuredmedia":[{"embeddable":true,"href":"https:\/\/arantv.az\/index.php?rest_route=\/wp\/v2\/media\/14141"}],"wp:attachment":[{"href":"https:\/\/arantv.az\/index.php?rest_route=%2Fwp%2Fv2%2Fmedia&parent=14140"}],"wp:term":[{"taxonomy":"category","embeddable":true,"href":"https:\/\/arantv.az\/index.php?rest_route=%2Fwp%2Fv2%2Fcategories&post=14140"},{"taxonomy":"post_tag","embeddable":true,"href":"https:\/\/arantv.az\/index.php?rest_route=%2Fwp%2Fv2%2Ftags&post=14140"}],"curies":[{"name":"wp","href":"https:\/\/api.w.org\/{rel}","templated":true}]}}