{"id":14190,"date":"2018-09-18T16:00:27","date_gmt":"2018-09-18T13:00:27","guid":{"rendered":"http:\/\/arantv.az\/?p=14190"},"modified":"2018-09-18T16:00:27","modified_gmt":"2018-09-18T13:00:27","slug":"baki-s%c9%99h%c9%99r-icra-hakimiyy%c9%99tind%c9%99-kadr-islahatlari-davam-edir","status":"publish","type":"post","link":"https:\/\/arantv.az\/?p=14190","title":{"rendered":"Bak\u0131 \u015e\u0259h\u0259r \u0130cra Hakimiyy\u0259tind\u0259 kadr islahatlar\u0131 davam edir"},"content":{"rendered":"<div class=\"spot\">Bak\u0131 \u015e\u0259h\u0259r \u0130cra Hakimiyy\u0259tinin \u018frazi idar\u0259etm\u0259 v\u0259 yerli \u00f6z\u00fcn\u00fcidaretm\u0259 orqanlar\u0131 il\u0259 i\u015f \u015f\u00f6b\u0259sinin m\u00fcdiri \u018fli \u018fsg\u0259r \u043e\u011flu \u018fsg\u0259r\u043ev v\u0259zif\u0259d\u0259n azad edilib.<\/div>\n<p><strong>ARANTV.AZ\u00a0<\/strong> Report-a istinad\u0259n x\u0259b\u0259r verir ki, bununla ba\u011fl\u0131 \u015f\u0259h\u0259r icra hakimiyy\u0259ti ba\u015f\u00e7\u0131s\u0131n\u0131n m\u00fcavini Eldar \u018fzizov m\u00fcvafiq \u0259mr imzalay\u0131b.<\/p>\n<p>H\u0259min v\u0259zif\u0259y\u0259 Co\u015fqun Adil \u043e\u011flu C\u0259bray\u0131lov t\u0259yin olunub.<\/p>\n<div id=\"AdributorNativeVideo0\" class=\"AdributorNativeVideo\"><\/div>\n<p>C.C\u0259bray\u0131lov bundan \u0259vv\u0259l S\u0259bail Rayon \u0130cra Hakimiyy\u0259tinin \u018frazi idar\u0259etm\u0259 v\u0259 yerli \u00f6z\u00fcn\u00fcidar\u0259etm\u0259 orqanlar\u0131 il\u0259 i\u015f \u015f\u00f6b\u0259sinin m\u00fcdiri olub. O, daha \u0259vv\u0259ll\u0259r Sumqay\u0131t \u015e\u0259h\u0259r \u0130cra Hakimiyy\u0259tind\u0259 d\u0259 bu v\u0259zif\u0259ni icra edib.<\/p>\n<p>Qeyd ed\u0259k ki, Az\u0259rbaycan Prezidenti \u0130lham \u018fliyevin 16 iyul 2018-ci il tarixli s\u0259r\u0259ncam\u0131 il\u0259 B\u015e\u0130H ba\u015f\u00e7\u0131s\u0131n\u0131n m\u00fcavini v\u0259zif\u0259sin\u0259 Eldar \u018fzizov t\u0259yin olunub. Haz\u0131rda E.\u018fzizov B\u015e\u0130H ba\u015f\u00e7\u0131s\u0131 s\u0259lahiyy\u0259tl\u0259rini icra edir.<\/p>\n","protected":false},"excerpt":{"rendered":"<p>Bak\u0131 \u015e\u0259h\u0259r \u0130cra Hakimiyy\u0259tinin \u018frazi idar\u0259etm\u0259 v\u0259 yerli \u00f6z\u00fcn\u00fcidaretm\u0259 orqanlar\u0131 il\u0259 i\u015f \u015f\u00f6b\u0259sinin m\u00fcdiri \u018fli \u018fsg\u0259r \u043e\u011flu \u018fsg\u0259r\u043ev v\u0259zif\u0259d\u0259n azad edilib. ARANTV.AZ\u00a0 Report-a istinad\u0259n x\u0259b\u0259r verir ki, bununla ba\u011fl\u0131 \u015f\u0259h\u0259r icra hakimiyy\u0259ti ba\u015f\u00e7\u0131s\u0131n\u0131n m\u00fcavini Eldar \u018fzizov m\u00fcvafiq \u0259mr imzalay\u0131b. H\u0259min v\u0259zif\u0259y\u0259 Co\u015fqun Adil \u043e\u011flu C\u0259bray\u0131lov t\u0259yin olunub. C.C\u0259bray\u0131lov bundan \u0259vv\u0259l S\u0259bail Rayon \u0130cra Hakimiyy\u0259tinin \u018frazi idar\u0259etm\u0259 v\u0259 yerli \u00f6z\u00fcn\u00fcidar\u0259etm\u0259 orqanlar\u0131 il\u0259 i\u015f \u015f\u00f6b\u0259sinin m\u00fcdiri olub. O, daha \u0259vv\u0259ll\u0259r Sumqay\u0131t \u015e\u0259h\u0259r \u0130cra Hakimiyy\u0259tind\u0259 d\u0259 bu v\u0259zif\u0259ni icra edib. Qeyd ed\u0259k ki, Az\u0259rbaycan Prezidenti \u0130lham \u018fliyevin 16 iyul 2018-ci il tarixli s\u0259r\u0259ncam\u0131&hellip;<\/p>\n","protected":false},"author":2,"featured_media":14191,"comment_status":"closed","ping_status":"closed","sticky":false,"template":"","format":"standard","meta":{"om_disable_all_campaigns":false,"_monsterinsights_skip_tracking":false,"_monsterinsights_sitenote_active":false,"_monsterinsights_sitenote_note":"","_monsterinsights_sitenote_category":0},"categories":[19],"tags":[],"aioseo_notices":[],"gutentor_comment":0,"rttpg_featured_image_url":{"full":["https:\/\/arantv.az\/wp-content\/uploads\/2018\/09\/meriya-1.jpg",620,375,false],"landscape":["https:\/\/arantv.az\/wp-content\/uploads\/2018\/09\/meriya-1.jpg",620,375,false],"portraits":["https:\/\/arantv.az\/wp-content\/uploads\/2018\/09\/meriya-1.jpg",620,375,false],"thumbnail":["https:\/\/arantv.az\/wp-content\/uploads\/2018\/09\/meriya-1-150x150.jpg",150,150,true],"medium":["https:\/\/arantv.az\/wp-content\/uploads\/2018\/09\/meriya-1-300x181.jpg",300,181,true],"large":["https:\/\/arantv.az\/wp-content\/uploads\/2018\/09\/meriya-1.jpg",620,375,false],"1536x1536":["https:\/\/arantv.az\/wp-content\/uploads\/2018\/09\/meriya-1.jpg",620,375,false],"2048x2048":["https:\/\/arantv.az\/wp-content\/uploads\/2018\/09\/meriya-1.jpg",620,375,false],"post-thumbnail":["https:\/\/arantv.az\/wp-content\/uploads\/2018\/09\/meriya-1-240x172.jpg",240,172,true],"advps-thumb-one":["https:\/\/arantv.az\/wp-content\/uploads\/2018\/09\/meriya-1.jpg",620,375,false]},"rttpg_author":{"display_name":"V\u00fcsal Rafiqo\u011flu","author_link":"https:\/\/arantv.az\/?author=2"},"rttpg_comment":0,"rttpg_category":"<a href=\"https:\/\/arantv.az\/?cat=19\" rel=\"category\">G\u00fcnd\u0259m<\/a>","rttpg_excerpt":"Bak\u0131 \u015e\u0259h\u0259r \u0130cra Hakimiyy\u0259tinin \u018frazi idar\u0259etm\u0259 v\u0259 yerli \u00f6z\u00fcn\u00fcidaretm\u0259 orqanlar\u0131 il\u0259 i\u015f \u015f\u00f6b\u0259sinin m\u00fcdiri \u018fli \u018fsg\u0259r \u043e\u011flu \u018fsg\u0259r\u043ev v\u0259zif\u0259d\u0259n azad edilib. ARANTV.AZ\u00a0 Report-a istinad\u0259n x\u0259b\u0259r verir ki, bununla ba\u011fl\u0131 \u015f\u0259h\u0259r icra hakimiyy\u0259ti ba\u015f\u00e7\u0131s\u0131n\u0131n m\u00fcavini Eldar \u018fzizov m\u00fcvafiq \u0259mr imzalay\u0131b. H\u0259min v\u0259zif\u0259y\u0259 Co\u015fqun Adil \u043e\u011flu C\u0259bray\u0131lov t\u0259yin olunub. C.C\u0259bray\u0131lov bundan \u0259vv\u0259l S\u0259bail Rayon \u0130cra Hakimiyy\u0259tinin \u018frazi&hellip;","_links":{"self":[{"href":"https:\/\/arantv.az\/index.php?rest_route=\/wp\/v2\/posts\/14190"}],"collection":[{"href":"https:\/\/arantv.az\/index.php?rest_route=\/wp\/v2\/posts"}],"about":[{"href":"https:\/\/arantv.az\/index.php?rest_route=\/wp\/v2\/types\/post"}],"author":[{"embeddable":true,"href":"https:\/\/arantv.az\/index.php?rest_route=\/wp\/v2\/users\/2"}],"replies":[{"embeddable":true,"href":"https:\/\/arantv.az\/index.php?rest_route=%2Fwp%2Fv2%2Fcomments&post=14190"}],"version-history":[{"count":0,"href":"https:\/\/arantv.az\/index.php?rest_route=\/wp\/v2\/posts\/14190\/revisions"}],"wp:featuredmedia":[{"embeddable":true,"href":"https:\/\/arantv.az\/index.php?rest_route=\/wp\/v2\/media\/14191"}],"wp:attachment":[{"href":"https:\/\/arantv.az\/index.php?rest_route=%2Fwp%2Fv2%2Fmedia&parent=14190"}],"wp:term":[{"taxonomy":"category","embeddable":true,"href":"https:\/\/arantv.az\/index.php?rest_route=%2Fwp%2Fv2%2Fcategories&post=14190"},{"taxonomy":"post_tag","embeddable":true,"href":"https:\/\/arantv.az\/index.php?rest_route=%2Fwp%2Fv2%2Ftags&post=14190"}],"curies":[{"name":"wp","href":"https:\/\/api.w.org\/{rel}","templated":true}]}}