{"id":142026,"date":"2020-03-14T11:14:12","date_gmt":"2020-03-14T08:14:12","guid":{"rendered":"http:\/\/arantv.az\/?p=142026"},"modified":"2020-03-14T11:14:12","modified_gmt":"2020-03-14T08:14:12","slug":"dovl%c9%99t-valideynl%c9%99rini-itirmis-t%c9%99l%c9%99b%c9%99l%c9%99rin-magistratura-x%c9%99rcl%c9%99rini-od%c9%99y%c9%99c%c9%99k","status":"publish","type":"post","link":"https:\/\/arantv.az\/?p=142026","title":{"rendered":"D\u00f6vl\u0259t valideynl\u0259rini itirmi\u015f t\u0259l\u0259b\u0259l\u0259rin magistratura x\u0259rcl\u0259rini \u00f6d\u0259y\u0259c\u0259k"},"content":{"rendered":"<p>T\u0259hsil haqq\u0131nda\u201d qanuna d\u0259yi\u015fiklik t\u0259klif edilir.<\/p>\n<p>Bu bar\u0259d\u0259 Oxu.Az-a Milli M\u0259clisin Elm v\u0259 t\u0259hsil komit\u0259sinin s\u0259dr m\u00fcavini Musa Qas\u0131ml\u0131 m\u0259lumat verib.<\/p>\n<p>Onun s\u00f6zl\u0259rin\u0259 g\u00f6r\u0259, d\u0259yi\u015fiklik layih\u0259sind\u0259 g\u00f6st\u0259rilir ki, Az\u0259rbaycan h\u00f6kum\u0259ti valideynl\u0259rini itirmi\u015f, yaxud valideyn himay\u0259sind\u0259n m\u0259hrum olmu\u015f t\u0259l\u0259b\u0259l\u0259rin magistratura x\u0259rcl\u0259rini \u00f6z \u00fcz\u0259rin\u0259 g\u00f6t\u00fcr\u0259c\u0259k.<\/p>\n<p>Qeyd ed\u0259k ki, mart\u0131n 16-da parlamentin Elm v\u0259 t\u0259hsil komit\u0259sinin iclas\u0131 ke\u00e7iril\u0259c\u0259k.<\/p>\n","protected":false},"excerpt":{"rendered":"<p>T\u0259hsil haqq\u0131nda\u201d qanuna d\u0259yi\u015fiklik t\u0259klif edilir. Bu bar\u0259d\u0259 Oxu.Az-a Milli M\u0259clisin Elm v\u0259 t\u0259hsil komit\u0259sinin s\u0259dr m\u00fcavini Musa Qas\u0131ml\u0131 m\u0259lumat verib. Onun s\u00f6zl\u0259rin\u0259 g\u00f6r\u0259, d\u0259yi\u015fiklik layih\u0259sind\u0259 g\u00f6st\u0259rilir ki, Az\u0259rbaycan h\u00f6kum\u0259ti valideynl\u0259rini itirmi\u015f, yaxud valideyn himay\u0259sind\u0259n m\u0259hrum olmu\u015f t\u0259l\u0259b\u0259l\u0259rin magistratura x\u0259rcl\u0259rini \u00f6z \u00fcz\u0259rin\u0259 g\u00f6t\u00fcr\u0259c\u0259k. Qeyd ed\u0259k ki, mart\u0131n 16-da parlamentin Elm v\u0259 t\u0259hsil komit\u0259sinin iclas\u0131 ke\u00e7iril\u0259c\u0259k.<\/p>\n","protected":false},"author":2,"featured_media":142027,"comment_status":"closed","ping_status":"closed","sticky":false,"template":"","format":"standard","meta":{"om_disable_all_campaigns":false,"_monsterinsights_skip_tracking":false,"_monsterinsights_sitenote_active":false,"_monsterinsights_sitenote_note":"","_monsterinsights_sitenote_category":0},"categories":[1],"tags":[],"aioseo_notices":[],"gutentor_comment":0,"rttpg_featured_image_url":{"full":["https:\/\/arantv.az\/wp-content\/uploads\/2020\/03\/modern.az_thumbnail_4f98671ca002a294e5ed67adf1ffadc9_433.jpg",620,354,false],"landscape":["https:\/\/arantv.az\/wp-content\/uploads\/2020\/03\/modern.az_thumbnail_4f98671ca002a294e5ed67adf1ffadc9_433.jpg",620,354,false],"portraits":["https:\/\/arantv.az\/wp-content\/uploads\/2020\/03\/modern.az_thumbnail_4f98671ca002a294e5ed67adf1ffadc9_433.jpg",620,354,false],"thumbnail":["https:\/\/arantv.az\/wp-content\/uploads\/2020\/03\/modern.az_thumbnail_4f98671ca002a294e5ed67adf1ffadc9_433-150x150.jpg",150,150,true],"medium":["https:\/\/arantv.az\/wp-content\/uploads\/2020\/03\/modern.az_thumbnail_4f98671ca002a294e5ed67adf1ffadc9_433-300x171.jpg",300,171,true],"large":["https:\/\/arantv.az\/wp-content\/uploads\/2020\/03\/modern.az_thumbnail_4f98671ca002a294e5ed67adf1ffadc9_433.jpg",620,354,false],"1536x1536":["https:\/\/arantv.az\/wp-content\/uploads\/2020\/03\/modern.az_thumbnail_4f98671ca002a294e5ed67adf1ffadc9_433.jpg",620,354,false],"2048x2048":["https:\/\/arantv.az\/wp-content\/uploads\/2020\/03\/modern.az_thumbnail_4f98671ca002a294e5ed67adf1ffadc9_433.jpg",620,354,false],"post-thumbnail":["https:\/\/arantv.az\/wp-content\/uploads\/2020\/03\/modern.az_thumbnail_4f98671ca002a294e5ed67adf1ffadc9_433-240x172.jpg",240,172,true],"advps-thumb-one":["https:\/\/arantv.az\/wp-content\/uploads\/2020\/03\/modern.az_thumbnail_4f98671ca002a294e5ed67adf1ffadc9_433.jpg",620,354,false]},"rttpg_author":{"display_name":"V\u00fcsal Rafiqo\u011flu","author_link":"https:\/\/arantv.az\/?author=2"},"rttpg_comment":0,"rttpg_category":"<a href=\"https:\/\/arantv.az\/?cat=1\" rel=\"category\">C\u0259miyy\u0259t<\/a>","rttpg_excerpt":"T\u0259hsil haqq\u0131nda\u201d qanuna d\u0259yi\u015fiklik t\u0259klif edilir. Bu bar\u0259d\u0259 Oxu.Az-a Milli M\u0259clisin Elm v\u0259 t\u0259hsil komit\u0259sinin s\u0259dr m\u00fcavini Musa Qas\u0131ml\u0131 m\u0259lumat verib. Onun s\u00f6zl\u0259rin\u0259 g\u00f6r\u0259, d\u0259yi\u015fiklik layih\u0259sind\u0259 g\u00f6st\u0259rilir ki, Az\u0259rbaycan h\u00f6kum\u0259ti valideynl\u0259rini itirmi\u015f, yaxud valideyn himay\u0259sind\u0259n m\u0259hrum olmu\u015f t\u0259l\u0259b\u0259l\u0259rin magistratura x\u0259rcl\u0259rini \u00f6z \u00fcz\u0259rin\u0259 g\u00f6t\u00fcr\u0259c\u0259k. Qeyd ed\u0259k ki, mart\u0131n 16-da parlamentin Elm v\u0259 t\u0259hsil komit\u0259sinin iclas\u0131 ke\u00e7iril\u0259c\u0259k.","_links":{"self":[{"href":"https:\/\/arantv.az\/index.php?rest_route=\/wp\/v2\/posts\/142026"}],"collection":[{"href":"https:\/\/arantv.az\/index.php?rest_route=\/wp\/v2\/posts"}],"about":[{"href":"https:\/\/arantv.az\/index.php?rest_route=\/wp\/v2\/types\/post"}],"author":[{"embeddable":true,"href":"https:\/\/arantv.az\/index.php?rest_route=\/wp\/v2\/users\/2"}],"replies":[{"embeddable":true,"href":"https:\/\/arantv.az\/index.php?rest_route=%2Fwp%2Fv2%2Fcomments&post=142026"}],"version-history":[{"count":0,"href":"https:\/\/arantv.az\/index.php?rest_route=\/wp\/v2\/posts\/142026\/revisions"}],"wp:featuredmedia":[{"embeddable":true,"href":"https:\/\/arantv.az\/index.php?rest_route=\/wp\/v2\/media\/142027"}],"wp:attachment":[{"href":"https:\/\/arantv.az\/index.php?rest_route=%2Fwp%2Fv2%2Fmedia&parent=142026"}],"wp:term":[{"taxonomy":"category","embeddable":true,"href":"https:\/\/arantv.az\/index.php?rest_route=%2Fwp%2Fv2%2Fcategories&post=142026"},{"taxonomy":"post_tag","embeddable":true,"href":"https:\/\/arantv.az\/index.php?rest_route=%2Fwp%2Fv2%2Ftags&post=142026"}],"curies":[{"name":"wp","href":"https:\/\/api.w.org\/{rel}","templated":true}]}}