{"id":142515,"date":"2020-03-16T12:09:04","date_gmt":"2020-03-16T09:09:04","guid":{"rendered":"http:\/\/arantv.az\/?p=142515"},"modified":"2020-03-16T12:09:04","modified_gmt":"2020-03-16T09:09:04","slug":"150-yasli-%c9%99l-d%c9%99yirmani-video","status":"publish","type":"post","link":"https:\/\/arantv.az\/?p=142515","title":{"rendered":"150 ya\u015fl\u0131 \u0259l d\u0259yirman\u0131 &#8211; V\u0130DEO"},"content":{"rendered":"<p>L\u0259nk\u0259ran sakini Minar\u0259 Quliyeva qay\u0131nanas\u0131ndan ona yadigar qalan 150 ilin \u0259l d\u0259yirman\u0131ndan h\u0259l\u0259 d\u0259 istifad\u0259 edir.<\/p>\n<p><strong>ARANTV.AZ<\/strong> x\u0259b\u0259r verir ki, indiki d\u00f6vrd\u0259 evl\u0259rd\u0259 bu\u011fda \u00fcy\u00fcd\u0259n da\u015flara nadir hallarda rast g\u0259linir.<\/p>\n<article class=\"news\">\n<div class=\"news-inner\">\n<p>D\u0259yirmanda \u00fcy\u00fcd\u00fcl\u0259n\u00a0bu\u011fda \u0259vv\u0259lc\u0259 qurudulur. Ona g\u00f6r\u0259 d\u0259\u00a0bu \u0259l d\u0259yirman\u0131nda haz\u0131rlanan qor\u011fa qovudu \u00e7ox dadl\u0131 olur. H\u0259min dad\u0131 he\u00e7 bir m\u00fcasir m\u0259i\u015f\u0259t texnikas\u0131nda almaq m\u00fcmk\u00fcn deyil.<\/p>\n<p>M.Quliyeva yadigar \u0259l d\u0259yirman\u0131ndan\u00a0Novruz bayram\u0131 \u0259r\u0259f\u0259sind\u0259 daha \u00e7ox istifad\u0259 edir. Qay\u0131nanas\u0131n\u0131n v\u0259siyy\u0259tin\u0259 \u0259m\u0259l ed\u0259r\u0259k, q\u0259dim\u00a0al\u0259ti arzu ed\u0259n qohum-qon\u015fuya da istifad\u0259 etm\u0259k \u00fc\u00e7\u00fcn verir.Baku TV<\/p>\n<div><iframe loading=\"lazy\" src=\"https:\/\/player.baku.tv\/embed\/15741\" width=\"560\" height=\"315\" frameborder=\"0\" allowfullscreen=\"allowfullscreen\" data-mce-fragment=\"1\"><\/iframe><\/div>\n<\/div>\n<\/article>\n<h2 class=\"news-share-title\"><\/h2>\n","protected":false},"excerpt":{"rendered":"<p>L\u0259nk\u0259ran sakini Minar\u0259 Quliyeva qay\u0131nanas\u0131ndan ona yadigar qalan 150 ilin \u0259l d\u0259yirman\u0131ndan h\u0259l\u0259 d\u0259 istifad\u0259 edir. ARANTV.AZ x\u0259b\u0259r verir ki, indiki d\u00f6vrd\u0259 evl\u0259rd\u0259 bu\u011fda \u00fcy\u00fcd\u0259n da\u015flara nadir hallarda rast g\u0259linir. D\u0259yirmanda \u00fcy\u00fcd\u00fcl\u0259n\u00a0bu\u011fda \u0259vv\u0259lc\u0259 qurudulur. Ona g\u00f6r\u0259 d\u0259\u00a0bu \u0259l d\u0259yirman\u0131nda haz\u0131rlanan qor\u011fa qovudu \u00e7ox dadl\u0131 olur. H\u0259min dad\u0131 he\u00e7 bir m\u00fcasir m\u0259i\u015f\u0259t texnikas\u0131nda almaq m\u00fcmk\u00fcn deyil. M.Quliyeva yadigar \u0259l d\u0259yirman\u0131ndan\u00a0Novruz bayram\u0131 \u0259r\u0259f\u0259sind\u0259 daha \u00e7ox istifad\u0259 edir. Qay\u0131nanas\u0131n\u0131n v\u0259siyy\u0259tin\u0259 \u0259m\u0259l ed\u0259r\u0259k, q\u0259dim\u00a0al\u0259ti arzu ed\u0259n qohum-qon\u015fuya da istifad\u0259 etm\u0259k \u00fc\u00e7\u00fcn verir.Baku TV<\/p>\n","protected":false},"author":2,"featured_media":142516,"comment_status":"closed","ping_status":"closed","sticky":false,"template":"","format":"standard","meta":{"om_disable_all_campaigns":false,"_monsterinsights_skip_tracking":false,"_monsterinsights_sitenote_active":false,"_monsterinsights_sitenote_note":"","_monsterinsights_sitenote_category":0},"categories":[1],"tags":[],"aioseo_notices":[],"gutentor_comment":0,"rttpg_featured_image_url":{"full":["https:\/\/arantv.az\/wp-content\/uploads\/2020\/03\/FotoJet-1-9.jpg",579,465,false],"landscape":["https:\/\/arantv.az\/wp-content\/uploads\/2020\/03\/FotoJet-1-9.jpg",579,465,false],"portraits":["https:\/\/arantv.az\/wp-content\/uploads\/2020\/03\/FotoJet-1-9.jpg",579,465,false],"thumbnail":["https:\/\/arantv.az\/wp-content\/uploads\/2020\/03\/FotoJet-1-9-150x150.jpg",150,150,true],"medium":["https:\/\/arantv.az\/wp-content\/uploads\/2020\/03\/FotoJet-1-9-300x241.jpg",300,241,true],"large":["https:\/\/arantv.az\/wp-content\/uploads\/2020\/03\/FotoJet-1-9.jpg",579,465,false],"1536x1536":["https:\/\/arantv.az\/wp-content\/uploads\/2020\/03\/FotoJet-1-9.jpg",579,465,false],"2048x2048":["https:\/\/arantv.az\/wp-content\/uploads\/2020\/03\/FotoJet-1-9.jpg",579,465,false],"post-thumbnail":["https:\/\/arantv.az\/wp-content\/uploads\/2020\/03\/FotoJet-1-9-240x172.jpg",240,172,true],"advps-thumb-one":["https:\/\/arantv.az\/wp-content\/uploads\/2020\/03\/FotoJet-1-9.jpg",579,465,false]},"rttpg_author":{"display_name":"V\u00fcsal Rafiqo\u011flu","author_link":"https:\/\/arantv.az\/?author=2"},"rttpg_comment":0,"rttpg_category":"<a href=\"https:\/\/arantv.az\/?cat=1\" rel=\"category\">C\u0259miyy\u0259t<\/a>","rttpg_excerpt":"L\u0259nk\u0259ran sakini Minar\u0259 Quliyeva qay\u0131nanas\u0131ndan ona yadigar qalan 150 ilin \u0259l d\u0259yirman\u0131ndan h\u0259l\u0259 d\u0259 istifad\u0259 edir. ARANTV.AZ x\u0259b\u0259r verir ki, indiki d\u00f6vrd\u0259 evl\u0259rd\u0259 bu\u011fda \u00fcy\u00fcd\u0259n da\u015flara nadir hallarda rast g\u0259linir. D\u0259yirmanda \u00fcy\u00fcd\u00fcl\u0259n\u00a0bu\u011fda \u0259vv\u0259lc\u0259 qurudulur. Ona g\u00f6r\u0259 d\u0259\u00a0bu \u0259l d\u0259yirman\u0131nda haz\u0131rlanan qor\u011fa qovudu \u00e7ox dadl\u0131 olur. H\u0259min dad\u0131 he\u00e7 bir m\u00fcasir m\u0259i\u015f\u0259t texnikas\u0131nda almaq m\u00fcmk\u00fcn deyil.&hellip;","_links":{"self":[{"href":"https:\/\/arantv.az\/index.php?rest_route=\/wp\/v2\/posts\/142515"}],"collection":[{"href":"https:\/\/arantv.az\/index.php?rest_route=\/wp\/v2\/posts"}],"about":[{"href":"https:\/\/arantv.az\/index.php?rest_route=\/wp\/v2\/types\/post"}],"author":[{"embeddable":true,"href":"https:\/\/arantv.az\/index.php?rest_route=\/wp\/v2\/users\/2"}],"replies":[{"embeddable":true,"href":"https:\/\/arantv.az\/index.php?rest_route=%2Fwp%2Fv2%2Fcomments&post=142515"}],"version-history":[{"count":0,"href":"https:\/\/arantv.az\/index.php?rest_route=\/wp\/v2\/posts\/142515\/revisions"}],"wp:featuredmedia":[{"embeddable":true,"href":"https:\/\/arantv.az\/index.php?rest_route=\/wp\/v2\/media\/142516"}],"wp:attachment":[{"href":"https:\/\/arantv.az\/index.php?rest_route=%2Fwp%2Fv2%2Fmedia&parent=142515"}],"wp:term":[{"taxonomy":"category","embeddable":true,"href":"https:\/\/arantv.az\/index.php?rest_route=%2Fwp%2Fv2%2Fcategories&post=142515"},{"taxonomy":"post_tag","embeddable":true,"href":"https:\/\/arantv.az\/index.php?rest_route=%2Fwp%2Fv2%2Ftags&post=142515"}],"curies":[{"name":"wp","href":"https:\/\/api.w.org\/{rel}","templated":true}]}}