{"id":142519,"date":"2020-03-16T12:09:58","date_gmt":"2020-03-16T09:09:58","guid":{"rendered":"http:\/\/arantv.az\/?p=142519"},"modified":"2020-03-16T12:09:58","modified_gmt":"2020-03-16T09:09:58","slug":"k%c9%99r%c9%99m-h%c9%99s%c9%99nov-kecmis-iscisini-administrasiyaya-g%c9%99tirdi","status":"publish","type":"post","link":"https:\/\/arantv.az\/?p=142519","title":{"rendered":"K\u0259r\u0259m H\u0259s\u0259nov ke\u00e7mi\u015f i\u015f\u00e7isini Administrasiyaya g\u0259tirdi"},"content":{"rendered":"<p>\u018fmlak M\u0259s\u0259l\u0259l\u0259ri D\u00f6vl\u0259t Komit\u0259sinin Aparat r\u0259hb\u0259ri Az\u0259r B\u0259\u015firov v\u0259zif\u0259sind\u0259n azad edil\u0259r\u0259k, Az\u0259rbaycan Respublikas\u0131 Prezident Administrasiyas\u0131nda yeni v\u0259zif\u0259y\u0259 t\u0259yinat al\u0131b.<\/p>\n<div id=\"AdviadNativeVideo0\" class=\"AdviadNativeVideo\"><\/div>\n<p><strong>ARANTV.AZ<\/strong>-\u0131n m\u0259lumat\u0131na g\u00f6r\u0259, A.B\u0259\u015firov PA-n\u0131n D\u00f6vl\u0259t n\u0259zar\u0259ti m\u0259s\u0259l\u0259l\u0259ri \u015f\u00f6b\u0259sin\u0259 g\u0259tirilib.<\/p>\n<p>Qeyd ed\u0259k ki, h\u0259min \u015f\u00f6b\u0259nin m\u00fcdiri K\u0259r\u0259m H\u0259s\u0259novdur.Unikal.org<\/p>\n","protected":false},"excerpt":{"rendered":"<p>\u018fmlak M\u0259s\u0259l\u0259l\u0259ri D\u00f6vl\u0259t Komit\u0259sinin Aparat r\u0259hb\u0259ri Az\u0259r B\u0259\u015firov v\u0259zif\u0259sind\u0259n azad edil\u0259r\u0259k, Az\u0259rbaycan Respublikas\u0131 Prezident Administrasiyas\u0131nda yeni v\u0259zif\u0259y\u0259 t\u0259yinat al\u0131b. ARANTV.AZ-\u0131n m\u0259lumat\u0131na g\u00f6r\u0259, A.B\u0259\u015firov PA-n\u0131n D\u00f6vl\u0259t n\u0259zar\u0259ti m\u0259s\u0259l\u0259l\u0259ri \u015f\u00f6b\u0259sin\u0259 g\u0259tirilib. Qeyd ed\u0259k ki, h\u0259min \u015f\u00f6b\u0259nin m\u00fcdiri K\u0259r\u0259m H\u0259s\u0259novdur.Unikal.org<\/p>\n","protected":false},"author":2,"featured_media":142520,"comment_status":"closed","ping_status":"closed","sticky":false,"template":"","format":"standard","meta":{"om_disable_all_campaigns":false,"_monsterinsights_skip_tracking":false,"_monsterinsights_sitenote_active":false,"_monsterinsights_sitenote_note":"","_monsterinsights_sitenote_category":0},"categories":[1],"tags":[],"aioseo_notices":[],"gutentor_comment":0,"rttpg_featured_image_url":{"full":["https:\/\/arantv.az\/wp-content\/uploads\/2020\/03\/7f337ddd-0d04-46f8-a081-f98fcd7faa8c.jpg",620,413,false],"landscape":["https:\/\/arantv.az\/wp-content\/uploads\/2020\/03\/7f337ddd-0d04-46f8-a081-f98fcd7faa8c.jpg",620,413,false],"portraits":["https:\/\/arantv.az\/wp-content\/uploads\/2020\/03\/7f337ddd-0d04-46f8-a081-f98fcd7faa8c.jpg",620,413,false],"thumbnail":["https:\/\/arantv.az\/wp-content\/uploads\/2020\/03\/7f337ddd-0d04-46f8-a081-f98fcd7faa8c-150x150.jpg",150,150,true],"medium":["https:\/\/arantv.az\/wp-content\/uploads\/2020\/03\/7f337ddd-0d04-46f8-a081-f98fcd7faa8c-300x200.jpg",300,200,true],"large":["https:\/\/arantv.az\/wp-content\/uploads\/2020\/03\/7f337ddd-0d04-46f8-a081-f98fcd7faa8c.jpg",620,413,false],"1536x1536":["https:\/\/arantv.az\/wp-content\/uploads\/2020\/03\/7f337ddd-0d04-46f8-a081-f98fcd7faa8c.jpg",620,413,false],"2048x2048":["https:\/\/arantv.az\/wp-content\/uploads\/2020\/03\/7f337ddd-0d04-46f8-a081-f98fcd7faa8c.jpg",620,413,false],"post-thumbnail":["https:\/\/arantv.az\/wp-content\/uploads\/2020\/03\/7f337ddd-0d04-46f8-a081-f98fcd7faa8c-240x172.jpg",240,172,true],"advps-thumb-one":["https:\/\/arantv.az\/wp-content\/uploads\/2020\/03\/7f337ddd-0d04-46f8-a081-f98fcd7faa8c.jpg",620,413,false]},"rttpg_author":{"display_name":"V\u00fcsal Rafiqo\u011flu","author_link":"https:\/\/arantv.az\/?author=2"},"rttpg_comment":0,"rttpg_category":"<a href=\"https:\/\/arantv.az\/?cat=1\" rel=\"category\">C\u0259miyy\u0259t<\/a>","rttpg_excerpt":"\u018fmlak M\u0259s\u0259l\u0259l\u0259ri D\u00f6vl\u0259t Komit\u0259sinin Aparat r\u0259hb\u0259ri Az\u0259r B\u0259\u015firov v\u0259zif\u0259sind\u0259n azad edil\u0259r\u0259k, Az\u0259rbaycan Respublikas\u0131 Prezident Administrasiyas\u0131nda yeni v\u0259zif\u0259y\u0259 t\u0259yinat al\u0131b. ARANTV.AZ-\u0131n m\u0259lumat\u0131na g\u00f6r\u0259, A.B\u0259\u015firov PA-n\u0131n D\u00f6vl\u0259t n\u0259zar\u0259ti m\u0259s\u0259l\u0259l\u0259ri \u015f\u00f6b\u0259sin\u0259 g\u0259tirilib. Qeyd ed\u0259k ki, h\u0259min \u015f\u00f6b\u0259nin m\u00fcdiri K\u0259r\u0259m H\u0259s\u0259novdur.Unikal.org","_links":{"self":[{"href":"https:\/\/arantv.az\/index.php?rest_route=\/wp\/v2\/posts\/142519"}],"collection":[{"href":"https:\/\/arantv.az\/index.php?rest_route=\/wp\/v2\/posts"}],"about":[{"href":"https:\/\/arantv.az\/index.php?rest_route=\/wp\/v2\/types\/post"}],"author":[{"embeddable":true,"href":"https:\/\/arantv.az\/index.php?rest_route=\/wp\/v2\/users\/2"}],"replies":[{"embeddable":true,"href":"https:\/\/arantv.az\/index.php?rest_route=%2Fwp%2Fv2%2Fcomments&post=142519"}],"version-history":[{"count":0,"href":"https:\/\/arantv.az\/index.php?rest_route=\/wp\/v2\/posts\/142519\/revisions"}],"wp:featuredmedia":[{"embeddable":true,"href":"https:\/\/arantv.az\/index.php?rest_route=\/wp\/v2\/media\/142520"}],"wp:attachment":[{"href":"https:\/\/arantv.az\/index.php?rest_route=%2Fwp%2Fv2%2Fmedia&parent=142519"}],"wp:term":[{"taxonomy":"category","embeddable":true,"href":"https:\/\/arantv.az\/index.php?rest_route=%2Fwp%2Fv2%2Fcategories&post=142519"},{"taxonomy":"post_tag","embeddable":true,"href":"https:\/\/arantv.az\/index.php?rest_route=%2Fwp%2Fv2%2Ftags&post=142519"}],"curies":[{"name":"wp","href":"https:\/\/api.w.org\/{rel}","templated":true}]}}