{"id":142523,"date":"2020-03-16T12:10:39","date_gmt":"2020-03-16T09:10:39","guid":{"rendered":"http:\/\/arantv.az\/?p=142523"},"modified":"2020-03-16T12:10:39","modified_gmt":"2020-03-16T09:10:39","slug":"mubariz-m%c9%99nsimovun-meneceri-d%c9%99-tutuldu","status":"publish","type":"post","link":"https:\/\/arantv.az\/?p=142523","title":{"rendered":"M\u00fcbariz M\u0259nsimovun meneceri d\u0259 tutuldu"},"content":{"rendered":"<p>T\u00fcrkiy\u0259d\u0259 \u201cFET\u00d6 terror t\u0259\u015fkilat\u0131\u201d istintaq\u0131 \u00e7\u0259r\u00e7iv\u0259sind\u0259 \u201cPalmali\u201d \u015firk\u0259tl\u0259r qrupunun r\u0259hb\u0259ri, az\u0259rbaycanl\u0131 i\u015f adam\u0131 M\u00fcbariz M\u0259nsimovla birlikd\u0259 \u015firk\u0259tin meneceri Nuray Nurcihan Peker d\u0259 saxlan\u0131l\u0131b.<\/p>\n<p>Bu bar\u0259d\u0259 \u201cAnadolu\u201d agentliyi x\u0259b\u0259r yay\u0131b.<\/p>\n<div id=\"AdviadNativeVideo0\" class=\"AdviadNativeVideo\"><\/div>\n<p>Bildirilir ki, \u0130stanbul Respublika Ba\u015f Prokurorlu\u011funun Terrorizm v\u0259 M\u00fct\u0259\u015f\u0259kkil Cinay\u0259tkarl\u0131q \u0130stintaq \u0130dar\u0259sinin \u015f\u00fcbh\u0259lil\u0259r bar\u0259d\u0259 \u015fikay\u0259tl\u0259ri \u0259sas\u0131nda Maliyy\u0259 Cinay\u0259tl\u0259ri il\u0259 M\u00fcbariz\u0259 \u0130dar\u0259si t\u0259r\u0259find\u0259n ara\u015fd\u0131rmalar apar\u0131l\u0131b. N\u0259tic\u0259d\u0259, T\u00fcrkiy\u0259 Cinay\u0259t M\u0259c\u0259ll\u0259sinin \u201csilahl\u0131 terror t\u0259\u015fkilat\u0131na \u00fczvl\u00fck\u201d ittiham\u0131 il\u0259 istintaq ba\u015flan\u0131b.<\/p>\n<p>M\u00fcbariz M\u0259nsimovun F\u0259tullah\u00e7\u0131 Terror T\u0259\u015fkilat\u0131 (FET\u00d6) il\u0259 \u0259laq\u0259l\u0259rinin m\u00f6vcudlu\u011fu haqda faktlar\u00a0tap\u0131l\u0131b.<\/p>\n<p>Bel\u0259likl\u0259, \u0130stanbul S\u00fclh C\u0259za M\u0259hk\u0259m\u0259sinin q\u0259rar\u0131 il\u0259 \u201cPalmali\u201d \u015firk\u0259tl\u0259r qrupunun r\u0259hb\u0259ri v\u0259 meneceri bar\u0259d\u0259 h\u0259bs q\u0259rar\u0131 verilib.<\/p>\n","protected":false},"excerpt":{"rendered":"<p>T\u00fcrkiy\u0259d\u0259 \u201cFET\u00d6 terror t\u0259\u015fkilat\u0131\u201d istintaq\u0131 \u00e7\u0259r\u00e7iv\u0259sind\u0259 \u201cPalmali\u201d \u015firk\u0259tl\u0259r qrupunun r\u0259hb\u0259ri, az\u0259rbaycanl\u0131 i\u015f adam\u0131 M\u00fcbariz M\u0259nsimovla birlikd\u0259 \u015firk\u0259tin meneceri Nuray Nurcihan Peker d\u0259 saxlan\u0131l\u0131b. Bu bar\u0259d\u0259 \u201cAnadolu\u201d agentliyi x\u0259b\u0259r yay\u0131b. Bildirilir ki, \u0130stanbul Respublika Ba\u015f Prokurorlu\u011funun Terrorizm v\u0259 M\u00fct\u0259\u015f\u0259kkil Cinay\u0259tkarl\u0131q \u0130stintaq \u0130dar\u0259sinin \u015f\u00fcbh\u0259lil\u0259r bar\u0259d\u0259 \u015fikay\u0259tl\u0259ri \u0259sas\u0131nda Maliyy\u0259 Cinay\u0259tl\u0259ri il\u0259 M\u00fcbariz\u0259 \u0130dar\u0259si t\u0259r\u0259find\u0259n ara\u015fd\u0131rmalar apar\u0131l\u0131b. N\u0259tic\u0259d\u0259, T\u00fcrkiy\u0259 Cinay\u0259t M\u0259c\u0259ll\u0259sinin \u201csilahl\u0131 terror t\u0259\u015fkilat\u0131na \u00fczvl\u00fck\u201d ittiham\u0131 il\u0259 istintaq ba\u015flan\u0131b. M\u00fcbariz M\u0259nsimovun F\u0259tullah\u00e7\u0131 Terror T\u0259\u015fkilat\u0131 (FET\u00d6) il\u0259 \u0259laq\u0259l\u0259rinin m\u00f6vcudlu\u011fu haqda faktlar\u00a0tap\u0131l\u0131b. Bel\u0259likl\u0259, \u0130stanbul S\u00fclh C\u0259za M\u0259hk\u0259m\u0259sinin q\u0259rar\u0131 il\u0259 \u201cPalmali\u201d \u015firk\u0259tl\u0259r qrupunun r\u0259hb\u0259ri v\u0259 meneceri bar\u0259d\u0259&hellip;<\/p>\n","protected":false},"author":2,"featured_media":142524,"comment_status":"closed","ping_status":"closed","sticky":false,"template":"","format":"standard","meta":{"om_disable_all_campaigns":false,"_monsterinsights_skip_tracking":false,"_monsterinsights_sitenote_active":false,"_monsterinsights_sitenote_note":"","_monsterinsights_sitenote_category":0},"categories":[1],"tags":[],"aioseo_notices":[],"gutentor_comment":0,"rttpg_featured_image_url":{"full":["https:\/\/arantv.az\/wp-content\/uploads\/2020\/03\/page-3.jpg",620,338,false],"landscape":["https:\/\/arantv.az\/wp-content\/uploads\/2020\/03\/page-3.jpg",620,338,false],"portraits":["https:\/\/arantv.az\/wp-content\/uploads\/2020\/03\/page-3.jpg",620,338,false],"thumbnail":["https:\/\/arantv.az\/wp-content\/uploads\/2020\/03\/page-3-150x150.jpg",150,150,true],"medium":["https:\/\/arantv.az\/wp-content\/uploads\/2020\/03\/page-3-300x164.jpg",300,164,true],"large":["https:\/\/arantv.az\/wp-content\/uploads\/2020\/03\/page-3.jpg",620,338,false],"1536x1536":["https:\/\/arantv.az\/wp-content\/uploads\/2020\/03\/page-3.jpg",620,338,false],"2048x2048":["https:\/\/arantv.az\/wp-content\/uploads\/2020\/03\/page-3.jpg",620,338,false],"post-thumbnail":["https:\/\/arantv.az\/wp-content\/uploads\/2020\/03\/page-3-240x172.jpg",240,172,true],"advps-thumb-one":["https:\/\/arantv.az\/wp-content\/uploads\/2020\/03\/page-3.jpg",620,338,false]},"rttpg_author":{"display_name":"V\u00fcsal Rafiqo\u011flu","author_link":"https:\/\/arantv.az\/?author=2"},"rttpg_comment":0,"rttpg_category":"<a href=\"https:\/\/arantv.az\/?cat=1\" rel=\"category\">C\u0259miyy\u0259t<\/a>","rttpg_excerpt":"T\u00fcrkiy\u0259d\u0259 \u201cFET\u00d6 terror t\u0259\u015fkilat\u0131\u201d istintaq\u0131 \u00e7\u0259r\u00e7iv\u0259sind\u0259 \u201cPalmali\u201d \u015firk\u0259tl\u0259r qrupunun r\u0259hb\u0259ri, az\u0259rbaycanl\u0131 i\u015f adam\u0131 M\u00fcbariz M\u0259nsimovla birlikd\u0259 \u015firk\u0259tin meneceri Nuray Nurcihan Peker d\u0259 saxlan\u0131l\u0131b. Bu bar\u0259d\u0259 \u201cAnadolu\u201d agentliyi x\u0259b\u0259r yay\u0131b. Bildirilir ki, \u0130stanbul Respublika Ba\u015f Prokurorlu\u011funun Terrorizm v\u0259 M\u00fct\u0259\u015f\u0259kkil Cinay\u0259tkarl\u0131q \u0130stintaq \u0130dar\u0259sinin \u015f\u00fcbh\u0259lil\u0259r bar\u0259d\u0259 \u015fikay\u0259tl\u0259ri \u0259sas\u0131nda Maliyy\u0259 Cinay\u0259tl\u0259ri il\u0259 M\u00fcbariz\u0259 \u0130dar\u0259si t\u0259r\u0259find\u0259n ara\u015fd\u0131rmalar apar\u0131l\u0131b. N\u0259tic\u0259d\u0259, T\u00fcrkiy\u0259&hellip;","_links":{"self":[{"href":"https:\/\/arantv.az\/index.php?rest_route=\/wp\/v2\/posts\/142523"}],"collection":[{"href":"https:\/\/arantv.az\/index.php?rest_route=\/wp\/v2\/posts"}],"about":[{"href":"https:\/\/arantv.az\/index.php?rest_route=\/wp\/v2\/types\/post"}],"author":[{"embeddable":true,"href":"https:\/\/arantv.az\/index.php?rest_route=\/wp\/v2\/users\/2"}],"replies":[{"embeddable":true,"href":"https:\/\/arantv.az\/index.php?rest_route=%2Fwp%2Fv2%2Fcomments&post=142523"}],"version-history":[{"count":0,"href":"https:\/\/arantv.az\/index.php?rest_route=\/wp\/v2\/posts\/142523\/revisions"}],"wp:featuredmedia":[{"embeddable":true,"href":"https:\/\/arantv.az\/index.php?rest_route=\/wp\/v2\/media\/142524"}],"wp:attachment":[{"href":"https:\/\/arantv.az\/index.php?rest_route=%2Fwp%2Fv2%2Fmedia&parent=142523"}],"wp:term":[{"taxonomy":"category","embeddable":true,"href":"https:\/\/arantv.az\/index.php?rest_route=%2Fwp%2Fv2%2Fcategories&post=142523"},{"taxonomy":"post_tag","embeddable":true,"href":"https:\/\/arantv.az\/index.php?rest_route=%2Fwp%2Fv2%2Ftags&post=142523"}],"curies":[{"name":"wp","href":"https:\/\/api.w.org\/{rel}","templated":true}]}}