{"id":143018,"date":"2020-03-17T12:15:31","date_gmt":"2020-03-17T09:15:31","guid":{"rendered":"http:\/\/arantv.az\/?p=143018"},"modified":"2020-03-17T12:15:31","modified_gmt":"2020-03-17T09:15:31","slug":"az%c9%99rbaycanda-fors-major-halda-%c9%99halinin-%c9%99rzaqla-t%c9%99minati-ucun-kifay%c9%99t-q%c9%99d%c9%99r-ehtiyat-var","status":"publish","type":"post","link":"https:\/\/arantv.az\/?p=143018","title":{"rendered":"Az\u0259rbaycanda fors-major halda \u0259halinin \u0259rzaqla t\u0259minat\u0131 \u00fc\u00e7\u00fcn kifay\u0259t q\u0259d\u0259r ehtiyat var"},"content":{"rendered":"<blockquote><p><em><strong>Az\u0259rbaycanda h\u0259r il \u0259rzaq balans\u0131n\u0131n t\u0259rtib olunmas\u0131 a\u015fa\u011f\u0131dak\u0131 m\u0259hsul n\u00f6vl\u0259ri \u00fczr\u0259 apar\u0131l\u0131r: bu\u011fda, sair d\u0259nlil\u0259r, d\u0259nli paxlal\u0131lar, un, \u00e7\u00f6r\u0259k v\u0259 \u00e7\u00f6r\u0259k m\u0259mulatlar\u0131, d\u00fcy\u00fc, kartof, so\u011fan, t\u0259r\u0259v\u0259zl\u0259r, bostan m\u0259hsullar\u0131, meyv\u0259 v\u0259 gil\u0259meyv\u0259l\u0259r, \u0259t v\u0259 \u0259t m\u0259hsullar\u0131, s\u00fcd v\u0259 s\u00fcd m\u0259hsullar\u0131, bitki ya\u011flar\u0131, k\u0259r\u0259 ya\u011f\u0131, \u00e7ay v\u0259 s. \u018frzaq balanslar\u0131n\u0131n t\u0259hlili onu g\u00f6st\u0259rir ki, \u00f6lk\u0259d\u0259 \u0259rzaq bazar\u0131nda v\u0259ziyy\u0259t q\u0259na\u0259tb\u0259x\u015fdir.<\/strong><\/em><\/p><\/blockquote>\n<p><strong>ARANTV.AZ\u00a0<\/strong> x\u0259b\u0259r verir ki, bunu\u00a0<a href=\"https:\/\/az.trend.az\/\" target=\"_blank\" rel=\"noopener\">Trend<\/a>-\u0259 a\u00e7\u0131qlamas\u0131nda \u0130qtisadi \u0130slahatlar\u0131n T\u0259hlili v\u0259 Kommunikasiya M\u0259rk\u0259zinin icra\u00e7\u0131 direktoru V\u00fcsal Qas\u0131ml\u0131 \u00f6lk\u0259nin \u0259rzaq bazar\u0131 sah\u0259sind\u0259 m\u00f6vcud v\u0259ziyy\u0259ti \u015f\u0259rh ed\u0259rk\u0259n deyib. Onun s\u00f6zl\u0259rin\u0259 g\u00f6r\u0259, Az\u0259rbaycanda d\u0259nli (\u00e7\u0259ltik daxil edilmir) bitkil\u0259r \u00fczr\u0259 \u00f6z\u00fcn\u00fc t\u0259min etm\u0259 s\u0259viyy\u0259si 70 faiz\u0259 \u00e7at\u0131r v\u0259 bu sah\u0259d\u0259 ehtiyatlar\u0131m\u0131z son ill\u0259r 1-1,2 milyon ton olub:<\/p>\n<p>&#8220;Bir qayda olaraq d\u0259nlil\u0259r \u00fczr\u0259 ilin \u0259vv\u0259lin\u0259 qal\u0131q, \u0259rzaq m\u0259hsullar\u0131n\u0131n istehsal\u0131 \u00fc\u00e7\u00fcn istifad\u0259 edil\u0259n m\u0259hsulun 40 faizind\u0259n \u00e7ox olur. 2019-cu ild\u0259 kartofla \u00f6z\u00fcn\u00fc t\u0259minetm\u0259 s\u0259viyy\u0259si 87,8 faiz olub. Az\u0259rbaycanda kartof \u00fczr\u0259 d\u0259 ilin \u0259vv\u0259lin\u0259 qal\u0131q, h\u0259mi\u015f\u0259 \u0259rzaq kimi istehlak olunan m\u0259hsulun 70 faizind\u0259n \u00e7ox olur. \u00d6lk\u0259mizd\u0259 \u00f6z\u00fcn\u00fct\u0259minetm\u0259 s\u0259viyy\u0259si t\u0259r\u0259v\u0259z \u00fczr\u0259 112 faiz, bostan m\u0259hsullar\u0131 \u00fczr\u0259 100,8 faiz, meyv\u0259 v\u0259 gil\u0259meyv\u0259 \u00fczr\u0259 123,1 faiz, \u0259t v\u0259 \u0259t m\u0259hsullar\u0131 \u00fczr\u0259 82,5 faiz, yumurta \u00fczr\u0259 101,8 faiz, s\u00fcd v\u0259 s\u00fcd m\u0259hsullar\u0131 \u00fczr\u0259 86,2 faiz, duz \u00fczr\u0259 111,4 faiz v\u0259 \u00e7\u00f6r\u0259k v\u0259 \u00e7\u00f6r\u0259k m\u0259mulatlar\u0131 \u00fczr\u0259 100 faizdir. B\u00fct\u00fcn n\u00f6v \u0259rzaq m\u0259hsullar\u0131 \u00fczr\u0259 ehtiyatlar\u0131m\u0131z kifay\u0259t q\u0259d\u0259rdir. \u0130qtisadiyyat naziri Mikay\u0131l Cabbarov da bildirib ki, \u00f6lk\u0259y\u0259 m\u0259hsullar\u0131n, o c\u00fcml\u0259d\u0259n, \u0259rzaq m\u0259hsullar\u0131n\u0131n g\u0259tirilm\u0259sind\u0259 he\u00e7 bir \u00e7\u0259tinlik yoxdur. \u00dcst\u0259lik, d\u00f6vl\u0259tin d\u0259 \u0259rzaq ehtiyatlar\u0131 var ki, ist\u0259nil\u0259n fors-major hal\u0131nda \u0259halinin t\u0259minat\u0131 h\u0259yata ke\u00e7iril\u0259 bil\u0259r&#8221;.<\/p>\n<p>M\u0259rk\u0259zin icra\u00e7\u0131 direktoru qeyd edib ki, n\u00fcfuzlu beyn\u0259lxalq qurumlar\u0131n hesabatlar\u0131na \u0259sas\u0259n, son ill\u0259r \u0259rzind\u0259 Az\u0259rbaycan\u0131n \u0259rzaq t\u0259hl\u00fck\u0259sizliyi g\u00f6st\u0259ricisi \u0259sasl\u0131 \u015f\u0259kild\u0259 y\u00fcks\u0259lib: &#8220;Bu bax\u0131mdan, &#8220;The Economist Group&#8221; t\u0259r\u0259find\u0259n haz\u0131rlanan Qlobal \u018frzaq T\u0259hl\u00fck\u0259sizliyi \u0130ndeksin\u0259 (The Global Food Security Index) baxmaq kifay\u0259tdir. Bu hesabata \u0259sas\u0259n son 7 il \u0259rzind\u0259 Az\u0259rbaycan\u0131n \u00fcmumi \u0259rzaq t\u0259hl\u00fck\u0259sizliyi indeksind\u0259 ard\u0131c\u0131l olaraq y\u00fcks\u0259lm\u0259 m\u00fc\u015fahid\u0259 edilib. Hesabata g\u00f6r\u0259 bu y\u00fcks\u0259li\u015f 7 il \u0259rzind\u0259 12,7 faiz b\u0259ndi t\u0259\u015fkil edib, \u00f6lk\u0259miz bu g\u00f6st\u0259rici \u00fczr\u0259 siyah\u0131ya liderlik edir. M\u0259lumat \u00fc\u00e7\u00fcn qeyd ed\u0259k ki, dig\u0259r \u00f6lk\u0259l\u0259r \u00fczr\u0259 bu g\u00f6st\u0259rici \u0259n yax\u015f\u0131 halda 6-7 faiz olub. 2019-cu ild\u0259 Az\u0259rbaycan bu hesabatda daha 3 pill\u0259 ir\u0259lil\u0259y\u0259r\u0259k 53-c\u00fc yerd\u0259 q\u0259rarla\u015f\u0131b. Haz\u0131rda Az\u0259rbaycan \u0259rzaq t\u0259hl\u00fck\u0259sizliyinin t\u0259minin\u0259 g\u00f6r\u0259 Asiya v\u0259 Sakit okean \u00f6lk\u0259l\u0259ri aras\u0131nda ilk onluqda t\u0259msil olunur. H\u0259m\u00e7inin \u00f6lk\u0259miz bu reytinqd\u0259 ke\u00e7mi\u015f SSR\u0130-y\u0259 daxil olan bir \u00e7ox respublikan\u0131 qabaqlay\u0131b. Qeyd ed\u0259k ki, s\u00f6z\u00fcged\u0259n hesabata \u0259sas\u0259n son 7 il \u0259rzind\u0259 qlobal \u0259rzaq t\u0259hl\u00fck\u0259sizliyi indeksi \u00fczr\u0259 Az\u0259rbaycanda m\u00fc\u015fahid\u0259 olunan art\u0131m d\u00fcnya \u00fczr\u0259 \u0259n y\u00fcks\u0259k n\u0259tic\u0259dir. H\u0259tta son 7 ild\u0259 hesabat\u0131n \u0259hat\u0259 olundu\u011fu 113 \u00f6lk\u0259nin bir hiss\u0259sind\u0259 bu g\u00f6st\u0259rici m\u0259nfi olub. Az\u0259rbaycan is\u0259 ard\u0131c\u0131l olaraq qlobal \u0259rzaq t\u0259hl\u00fck\u0259sizliyi indeksind\u0259 m\u00f6vqeyini yax\u015f\u0131la\u015fd\u0131r\u0131b&#8221;.<\/p>\n","protected":false},"excerpt":{"rendered":"<p>Az\u0259rbaycanda h\u0259r il \u0259rzaq balans\u0131n\u0131n t\u0259rtib olunmas\u0131 a\u015fa\u011f\u0131dak\u0131 m\u0259hsul n\u00f6vl\u0259ri \u00fczr\u0259 apar\u0131l\u0131r: bu\u011fda, sair d\u0259nlil\u0259r, d\u0259nli paxlal\u0131lar, un, \u00e7\u00f6r\u0259k v\u0259 \u00e7\u00f6r\u0259k m\u0259mulatlar\u0131, d\u00fcy\u00fc, kartof, so\u011fan, t\u0259r\u0259v\u0259zl\u0259r, bostan m\u0259hsullar\u0131, meyv\u0259 v\u0259 gil\u0259meyv\u0259l\u0259r, \u0259t v\u0259 \u0259t m\u0259hsullar\u0131, s\u00fcd v\u0259 s\u00fcd m\u0259hsullar\u0131, bitki ya\u011flar\u0131, k\u0259r\u0259 ya\u011f\u0131, \u00e7ay v\u0259 s. \u018frzaq balanslar\u0131n\u0131n t\u0259hlili onu g\u00f6st\u0259rir ki, \u00f6lk\u0259d\u0259 \u0259rzaq bazar\u0131nda v\u0259ziyy\u0259t q\u0259na\u0259tb\u0259x\u015fdir. ARANTV.AZ\u00a0 x\u0259b\u0259r verir ki, bunu\u00a0Trend-\u0259 a\u00e7\u0131qlamas\u0131nda \u0130qtisadi \u0130slahatlar\u0131n T\u0259hlili v\u0259 Kommunikasiya M\u0259rk\u0259zinin icra\u00e7\u0131 direktoru V\u00fcsal Qas\u0131ml\u0131 \u00f6lk\u0259nin \u0259rzaq bazar\u0131 sah\u0259sind\u0259 m\u00f6vcud v\u0259ziyy\u0259ti \u015f\u0259rh ed\u0259rk\u0259n deyib. Onun s\u00f6zl\u0259rin\u0259 g\u00f6r\u0259, Az\u0259rbaycanda d\u0259nli (\u00e7\u0259ltik daxil edilmir)&hellip;<\/p>\n","protected":false},"author":2,"featured_media":143019,"comment_status":"closed","ping_status":"closed","sticky":false,"template":"","format":"standard","meta":{"om_disable_all_campaigns":false,"_monsterinsights_skip_tracking":false,"_monsterinsights_sitenote_active":false,"_monsterinsights_sitenote_note":"","_monsterinsights_sitenote_category":0},"categories":[19],"tags":[],"aioseo_notices":[],"gutentor_comment":0,"rttpg_featured_image_url":{"full":["https:\/\/arantv.az\/wp-content\/uploads\/2020\/03\/alis_veris_maqazin_0014.jpg",482,361,false],"landscape":["https:\/\/arantv.az\/wp-content\/uploads\/2020\/03\/alis_veris_maqazin_0014.jpg",482,361,false],"portraits":["https:\/\/arantv.az\/wp-content\/uploads\/2020\/03\/alis_veris_maqazin_0014.jpg",482,361,false],"thumbnail":["https:\/\/arantv.az\/wp-content\/uploads\/2020\/03\/alis_veris_maqazin_0014-150x150.jpg",150,150,true],"medium":["https:\/\/arantv.az\/wp-content\/uploads\/2020\/03\/alis_veris_maqazin_0014-300x225.jpg",300,225,true],"large":["https:\/\/arantv.az\/wp-content\/uploads\/2020\/03\/alis_veris_maqazin_0014.jpg",482,361,false],"1536x1536":["https:\/\/arantv.az\/wp-content\/uploads\/2020\/03\/alis_veris_maqazin_0014.jpg",482,361,false],"2048x2048":["https:\/\/arantv.az\/wp-content\/uploads\/2020\/03\/alis_veris_maqazin_0014.jpg",482,361,false],"post-thumbnail":["https:\/\/arantv.az\/wp-content\/uploads\/2020\/03\/alis_veris_maqazin_0014-240x172.jpg",240,172,true],"advps-thumb-one":["https:\/\/arantv.az\/wp-content\/uploads\/2020\/03\/alis_veris_maqazin_0014.jpg",482,361,false]},"rttpg_author":{"display_name":"V\u00fcsal Rafiqo\u011flu","author_link":"https:\/\/arantv.az\/?author=2"},"rttpg_comment":0,"rttpg_category":"<a href=\"https:\/\/arantv.az\/?cat=19\" rel=\"category\">G\u00fcnd\u0259m<\/a>","rttpg_excerpt":"Az\u0259rbaycanda h\u0259r il \u0259rzaq balans\u0131n\u0131n t\u0259rtib olunmas\u0131 a\u015fa\u011f\u0131dak\u0131 m\u0259hsul n\u00f6vl\u0259ri \u00fczr\u0259 apar\u0131l\u0131r: bu\u011fda, sair d\u0259nlil\u0259r, d\u0259nli paxlal\u0131lar, un, \u00e7\u00f6r\u0259k v\u0259 \u00e7\u00f6r\u0259k m\u0259mulatlar\u0131, d\u00fcy\u00fc, kartof, so\u011fan, t\u0259r\u0259v\u0259zl\u0259r, bostan m\u0259hsullar\u0131, meyv\u0259 v\u0259 gil\u0259meyv\u0259l\u0259r, \u0259t v\u0259 \u0259t m\u0259hsullar\u0131, s\u00fcd v\u0259 s\u00fcd m\u0259hsullar\u0131, bitki ya\u011flar\u0131, k\u0259r\u0259 ya\u011f\u0131, \u00e7ay v\u0259 s. \u018frzaq balanslar\u0131n\u0131n t\u0259hlili onu g\u00f6st\u0259rir ki, \u00f6lk\u0259d\u0259 \u0259rzaq bazar\u0131nda&hellip;","_links":{"self":[{"href":"https:\/\/arantv.az\/index.php?rest_route=\/wp\/v2\/posts\/143018"}],"collection":[{"href":"https:\/\/arantv.az\/index.php?rest_route=\/wp\/v2\/posts"}],"about":[{"href":"https:\/\/arantv.az\/index.php?rest_route=\/wp\/v2\/types\/post"}],"author":[{"embeddable":true,"href":"https:\/\/arantv.az\/index.php?rest_route=\/wp\/v2\/users\/2"}],"replies":[{"embeddable":true,"href":"https:\/\/arantv.az\/index.php?rest_route=%2Fwp%2Fv2%2Fcomments&post=143018"}],"version-history":[{"count":0,"href":"https:\/\/arantv.az\/index.php?rest_route=\/wp\/v2\/posts\/143018\/revisions"}],"wp:featuredmedia":[{"embeddable":true,"href":"https:\/\/arantv.az\/index.php?rest_route=\/wp\/v2\/media\/143019"}],"wp:attachment":[{"href":"https:\/\/arantv.az\/index.php?rest_route=%2Fwp%2Fv2%2Fmedia&parent=143018"}],"wp:term":[{"taxonomy":"category","embeddable":true,"href":"https:\/\/arantv.az\/index.php?rest_route=%2Fwp%2Fv2%2Fcategories&post=143018"},{"taxonomy":"post_tag","embeddable":true,"href":"https:\/\/arantv.az\/index.php?rest_route=%2Fwp%2Fv2%2Ftags&post=143018"}],"curies":[{"name":"wp","href":"https:\/\/api.w.org\/{rel}","templated":true}]}}