{"id":143460,"date":"2020-03-18T13:37:07","date_gmt":"2020-03-18T10:37:07","guid":{"rendered":"http:\/\/arantv.az\/?p=143460"},"modified":"2020-03-18T13:37:07","modified_gmt":"2020-03-18T10:37:07","slug":"mubariz-qurbanli-az%c9%99rbaycanda-besinci-kolon-yaratmaq-c%c9%99hdl%c9%99ri-ist%c9%99nil%c9%99n-n%c9%99tic%c9%99ni-verm%c9%99y%c9%99c%c9%99k-video","status":"publish","type":"post","link":"https:\/\/arantv.az\/?p=143460","title":{"rendered":"M\u00fcbariz Qurbanl\u0131: &#8220;Az\u0259rbaycanda be\u015finci kolon yaratmaq c\u0259hdl\u0259ri ist\u0259nil\u0259n n\u0259tic\u0259ni verm\u0259y\u0259c\u0259k&#8221; &#8211; V\u0130DEO"},"content":{"rendered":"<div class=\"article_text\">\n<blockquote><p><em><strong>Az\u0259rbaycan daxilind\u0259 b\u0259zi qruplar xarici dair\u0259l\u0259rin d\u0259st\u0259yi il\u0259 \u00f6lk\u0259mizd\u0259 bu v\u0259 ya dig\u0259r m\u0259s\u0259l\u0259l\u0259r\u0259 m\u00fcdaxil\u0259 etm\u0259y\u0259, ictimai-siyasi sabitliyi pozma\u011fa c\u0259hd g\u00f6st\u0259rirl\u0259r.<\/strong><\/em><\/p><\/blockquote>\n<p><strong>ARANTV.AZ<\/strong> x\u0259b\u0259r verir ki, bunu\u00a0<a href=\"https:\/\/az.trend.az\/\" target=\"_blank\" rel=\"noopener\">Trend<\/a>\u00a0\u0130nformasiya Agentliyinin &#8220;PREZ\u0130DENT. M\u00fcst\u0259qillik. T\u0259hl\u00fck\u0259sizlik. Rifah&#8221; adl\u0131 video layih\u0259sin\u0259 m\u00fcsahib\u0259sind\u0259 YAP s\u0259drinin icra katibinin m\u00fcavini M\u00fcbariz Qurbanl\u0131 deyib.<\/p>\n<p>Onun s\u00f6zl\u0259rin\u0259 g\u00f6r\u0259, bu g\u00fcn d\u00fcnyada \u00e7ox ciddi d\u0259yi\u015fiklikl\u0259r ba\u015f verm\u0259kd\u0259dir. D\u00fcnyada m\u00f6vcud olan yeni \u00e7a\u011f\u0131r\u0131\u015f v\u0259 probleml\u0259r\u0259 uy\u011fun add\u0131mlar atmaq laz\u0131md\u0131r.<\/p>\n<p>M.Qurbanl\u0131 \u0259lav\u0259 edib ki, Prezident \u0130lham \u018fliyevin apard\u0131\u011f\u0131 siyas\u0259t d\u0259 Az\u0259rbaycan\u0131 h\u0259r hans\u0131 xarici t\u0259sirl\u0259rd\u0259n v\u0259 t\u0259hdidl\u0259rd\u0259n qoruma\u011fa, Az\u0259rbaycan\u0131n maraqlar\u0131n\u0131 t\u0259min etm\u0259y\u0259 y\u00f6n\u0259lib:<\/p>\n<p>&#8220;Az\u0259rbaycan siyasi, sosial, iqtisadi sah\u0259d\u0259 \u00e7ox ciddi u\u011furlara imza at\u0131r. Lakin Az\u0259rbaycan\u0131n daxilind\u0259 b\u0259zi qruplar var ki, onlar xarici dair\u0259l\u0259rin d\u0259st\u0259yi il\u0259 \u00f6lk\u0259mizd\u0259 bu v\u0259 ya dig\u0259r m\u0259s\u0259l\u0259l\u0259r\u0259 m\u00fcdaxil\u0259 etm\u0259y\u0259, ictimai-siyasi sabitliyi pozma\u011fa c\u0259hd g\u00f6st\u0259rirl\u0259r. Prezident d\u0259 vur\u011fulad\u0131 ki, Az\u0259rbaycan xalq\u0131 buna he\u00e7 zaman imkan verm\u0259y\u0259c\u0259k. Prezidentin \u015f\u0259xsiyy\u0259t, lider olaraq xalqa arxalanmas\u0131, xalq\u0131n da Prezident\u0259 arxalanmas\u0131 say\u0259sind\u0259 bu c\u00fcr c\u0259hdl\u0259r be\u015fiyind\u0259c\u0259 iflasa u\u011frayacaq. Az\u0259rbaycanda be\u015finci kolon yaratmaq c\u0259hdl\u0259ri ist\u0259nil\u0259n n\u0259tic\u0259ni verm\u0259y\u0259c\u0259k. \u00c7\u00fcnki Az\u0259rbaycan xalq\u0131 m\u00fcst\u0259qilliyin\u0259, d\u00f6vl\u0259t\u00e7iliyin\u0259, milli-m\u0259n\u0259vi d\u0259y\u0259rl\u0259rin\u0259 sadiqdir&#8221;.<\/p>\n<p>&nbsp;<\/p>\n<p><iframe loading=\"lazy\" src=\"https:\/\/www.trend.az\/player.php?f=%20https:\/\/cdn.trend.az\/2020\/03\/13\/video_prezident_54_bolum_130320.mp4\" width=\"100%\" height=\"360\" frameborder=\"0\" allowfullscreen=\"allowfullscreen\" data-mce-fragment=\"1\"><\/iframe><\/p>\n<\/div>\n","protected":false},"excerpt":{"rendered":"<p>Az\u0259rbaycan daxilind\u0259 b\u0259zi qruplar xarici dair\u0259l\u0259rin d\u0259st\u0259yi il\u0259 \u00f6lk\u0259mizd\u0259 bu v\u0259 ya dig\u0259r m\u0259s\u0259l\u0259l\u0259r\u0259 m\u00fcdaxil\u0259 etm\u0259y\u0259, ictimai-siyasi sabitliyi pozma\u011fa c\u0259hd g\u00f6st\u0259rirl\u0259r. ARANTV.AZ x\u0259b\u0259r verir ki, bunu\u00a0Trend\u00a0\u0130nformasiya Agentliyinin &#8220;PREZ\u0130DENT. M\u00fcst\u0259qillik. T\u0259hl\u00fck\u0259sizlik. Rifah&#8221; adl\u0131 video layih\u0259sin\u0259 m\u00fcsahib\u0259sind\u0259 YAP s\u0259drinin icra katibinin m\u00fcavini M\u00fcbariz Qurbanl\u0131 deyib. Onun s\u00f6zl\u0259rin\u0259 g\u00f6r\u0259, bu g\u00fcn d\u00fcnyada \u00e7ox ciddi d\u0259yi\u015fiklikl\u0259r ba\u015f verm\u0259kd\u0259dir. D\u00fcnyada m\u00f6vcud olan yeni \u00e7a\u011f\u0131r\u0131\u015f v\u0259 probleml\u0259r\u0259 uy\u011fun add\u0131mlar atmaq laz\u0131md\u0131r. M.Qurbanl\u0131 \u0259lav\u0259 edib ki, Prezident \u0130lham \u018fliyevin apard\u0131\u011f\u0131 siyas\u0259t d\u0259 Az\u0259rbaycan\u0131 h\u0259r hans\u0131 xarici t\u0259sirl\u0259rd\u0259n v\u0259 t\u0259hdidl\u0259rd\u0259n qoruma\u011fa, Az\u0259rbaycan\u0131n maraqlar\u0131n\u0131 t\u0259min etm\u0259y\u0259 y\u00f6n\u0259lib: &#8220;Az\u0259rbaycan siyasi,&hellip;<\/p>\n","protected":false},"author":2,"featured_media":143461,"comment_status":"closed","ping_status":"closed","sticky":false,"template":"","format":"standard","meta":{"om_disable_all_campaigns":false,"_monsterinsights_skip_tracking":false,"_monsterinsights_sitenote_active":false,"_monsterinsights_sitenote_note":"","_monsterinsights_sitenote_category":0},"categories":[1],"tags":[],"aioseo_notices":[],"gutentor_comment":0,"rttpg_featured_image_url":{"full":["https:\/\/arantv.az\/wp-content\/uploads\/2020\/03\/834850.jpg",800,600,false],"landscape":["https:\/\/arantv.az\/wp-content\/uploads\/2020\/03\/834850.jpg",800,600,false],"portraits":["https:\/\/arantv.az\/wp-content\/uploads\/2020\/03\/834850.jpg",800,600,false],"thumbnail":["https:\/\/arantv.az\/wp-content\/uploads\/2020\/03\/834850-150x150.jpg",150,150,true],"medium":["https:\/\/arantv.az\/wp-content\/uploads\/2020\/03\/834850-300x225.jpg",300,225,true],"large":["https:\/\/arantv.az\/wp-content\/uploads\/2020\/03\/834850.jpg",640,480,false],"1536x1536":["https:\/\/arantv.az\/wp-content\/uploads\/2020\/03\/834850.jpg",800,600,false],"2048x2048":["https:\/\/arantv.az\/wp-content\/uploads\/2020\/03\/834850.jpg",800,600,false],"post-thumbnail":["https:\/\/arantv.az\/wp-content\/uploads\/2020\/03\/834850-240x172.jpg",240,172,true],"advps-thumb-one":["https:\/\/arantv.az\/wp-content\/uploads\/2020\/03\/834850.jpg",800,600,false]},"rttpg_author":{"display_name":"V\u00fcsal Rafiqo\u011flu","author_link":"https:\/\/arantv.az\/?author=2"},"rttpg_comment":0,"rttpg_category":"<a href=\"https:\/\/arantv.az\/?cat=1\" rel=\"category\">C\u0259miyy\u0259t<\/a>","rttpg_excerpt":"Az\u0259rbaycan daxilind\u0259 b\u0259zi qruplar xarici dair\u0259l\u0259rin d\u0259st\u0259yi il\u0259 \u00f6lk\u0259mizd\u0259 bu v\u0259 ya dig\u0259r m\u0259s\u0259l\u0259l\u0259r\u0259 m\u00fcdaxil\u0259 etm\u0259y\u0259, ictimai-siyasi sabitliyi pozma\u011fa c\u0259hd g\u00f6st\u0259rirl\u0259r. ARANTV.AZ x\u0259b\u0259r verir ki, bunu\u00a0Trend\u00a0\u0130nformasiya Agentliyinin &#8220;PREZ\u0130DENT. M\u00fcst\u0259qillik. T\u0259hl\u00fck\u0259sizlik. Rifah&#8221; adl\u0131 video layih\u0259sin\u0259 m\u00fcsahib\u0259sind\u0259 YAP s\u0259drinin icra katibinin m\u00fcavini M\u00fcbariz Qurbanl\u0131 deyib. Onun s\u00f6zl\u0259rin\u0259 g\u00f6r\u0259, bu g\u00fcn d\u00fcnyada \u00e7ox ciddi d\u0259yi\u015fiklikl\u0259r ba\u015f verm\u0259kd\u0259dir. D\u00fcnyada&hellip;","_links":{"self":[{"href":"https:\/\/arantv.az\/index.php?rest_route=\/wp\/v2\/posts\/143460"}],"collection":[{"href":"https:\/\/arantv.az\/index.php?rest_route=\/wp\/v2\/posts"}],"about":[{"href":"https:\/\/arantv.az\/index.php?rest_route=\/wp\/v2\/types\/post"}],"author":[{"embeddable":true,"href":"https:\/\/arantv.az\/index.php?rest_route=\/wp\/v2\/users\/2"}],"replies":[{"embeddable":true,"href":"https:\/\/arantv.az\/index.php?rest_route=%2Fwp%2Fv2%2Fcomments&post=143460"}],"version-history":[{"count":0,"href":"https:\/\/arantv.az\/index.php?rest_route=\/wp\/v2\/posts\/143460\/revisions"}],"wp:featuredmedia":[{"embeddable":true,"href":"https:\/\/arantv.az\/index.php?rest_route=\/wp\/v2\/media\/143461"}],"wp:attachment":[{"href":"https:\/\/arantv.az\/index.php?rest_route=%2Fwp%2Fv2%2Fmedia&parent=143460"}],"wp:term":[{"taxonomy":"category","embeddable":true,"href":"https:\/\/arantv.az\/index.php?rest_route=%2Fwp%2Fv2%2Fcategories&post=143460"},{"taxonomy":"post_tag","embeddable":true,"href":"https:\/\/arantv.az\/index.php?rest_route=%2Fwp%2Fv2%2Ftags&post=143460"}],"curies":[{"name":"wp","href":"https:\/\/api.w.org\/{rel}","templated":true}]}}