{"id":143500,"date":"2020-03-18T13:49:49","date_gmt":"2020-03-18T10:49:49","guid":{"rendered":"http:\/\/arantv.az\/?p=143500"},"modified":"2020-03-18T13:49:49","modified_gmt":"2020-03-18T10:49:49","slug":"vilay%c9%99t-eyvazov-%c9%99mr-verdi-polis-gucl%c9%99ndirilmis-rejim%c9%99-kecir-video","status":"publish","type":"post","link":"https:\/\/arantv.az\/?p=143500","title":{"rendered":"Vilay\u0259t Eyvazov \u0259mr verdi: Polis g\u00fccl\u0259ndirilmi\u015f rejim\u0259 ke\u00e7ir &#8211; V\u0130DEO"},"content":{"rendered":"<article class=\"news\">\n<div class=\"news-inner\">\n<p>\u00d6lk\u0259mizd\u0259 koronavirus infeksiyas\u0131n\u0131n yay\u0131lmas\u0131 hallar\u0131n\u0131n qar\u015f\u0131s\u0131n\u0131 almaq m\u0259qs\u0259dil\u0259 Nazirl\u0259r Kabineti yan\u0131nda operativ q\u0259rargah t\u0259r\u0259find\u0259n q\u0259bul edilmi\u015f q\u0259rarlar\u0131n icras\u0131 il\u0259 \u0259laq\u0259dar daxili i\u015fl\u0259r orqanlar\u0131n\u0131n da \u0259m\u0259kda\u015flar\u0131 g\u00fccl\u0259ndirilmi\u015f i\u015f rejimind\u0259 xidm\u0259t edirl\u0259r.<\/p>\n<div id=\"AdviadNativeVideo0\" class=\"AdviadNativeVideo\"><\/div>\n<p>Daxili \u0130\u015fl\u0259r Nazirliyinin M\u0259tbuat Xidm\u0259tind\u0259n veril\u0259n m\u0259lumata g\u00f6r\u0259, polisin g\u00fccl\u0259ndirilmi\u015f i\u015f rejimind\u0259ki f\u0259aliyy\u0259ti Novruz\u00a0bayram\u0131 g\u00fcnl\u0259rind\u0259 d\u0259 davam etdiril\u0259c\u0259k.<\/p>\n<p>Bel\u0259 ki, Daxili \u0130\u015fl\u0259r naziri, general-polkovnik c\u0259nab Vilay\u0259t Eyvazovun \u0259mri il\u0259 daxili i\u015fl\u0259r orqanlar\u0131n\u0131n \u015f\u0259xsi hey\u0259ti novruz bayram\u0131 g\u00fcnl\u0259rind\u0259 ictimai asayi\u015fin daha n\u00fcmun\u0259vi qorunmas\u0131 m\u0259qs\u0259dil\u0259 mart ay\u0131n\u0131n 20-d\u0259n 27-d\u0259k g\u00fccl\u0259ndirilmi\u015f i\u015f variant\u0131nda xidm\u0259t ed\u0259c\u0259kl\u0259r.<\/p>\n<div><iframe loading=\"lazy\" src=\"https:\/\/player.baku.tv\/embed\/15872\" width=\"560\" height=\"315\" frameborder=\"0\" allowfullscreen=\"allowfullscreen\" data-mce-fragment=\"1\"><\/iframe><\/div>\n<\/div>\n<\/article>\n<h2 class=\"news-share-title\"><\/h2>\n","protected":false},"excerpt":{"rendered":"<p>\u00d6lk\u0259mizd\u0259 koronavirus infeksiyas\u0131n\u0131n yay\u0131lmas\u0131 hallar\u0131n\u0131n qar\u015f\u0131s\u0131n\u0131 almaq m\u0259qs\u0259dil\u0259 Nazirl\u0259r Kabineti yan\u0131nda operativ q\u0259rargah t\u0259r\u0259find\u0259n q\u0259bul edilmi\u015f q\u0259rarlar\u0131n icras\u0131 il\u0259 \u0259laq\u0259dar daxili i\u015fl\u0259r orqanlar\u0131n\u0131n da \u0259m\u0259kda\u015flar\u0131 g\u00fccl\u0259ndirilmi\u015f i\u015f rejimind\u0259 xidm\u0259t edirl\u0259r. Daxili \u0130\u015fl\u0259r Nazirliyinin M\u0259tbuat Xidm\u0259tind\u0259n veril\u0259n m\u0259lumata g\u00f6r\u0259, polisin g\u00fccl\u0259ndirilmi\u015f i\u015f rejimind\u0259ki f\u0259aliyy\u0259ti Novruz\u00a0bayram\u0131 g\u00fcnl\u0259rind\u0259 d\u0259 davam etdiril\u0259c\u0259k. Bel\u0259 ki, Daxili \u0130\u015fl\u0259r naziri, general-polkovnik c\u0259nab Vilay\u0259t Eyvazovun \u0259mri il\u0259 daxili i\u015fl\u0259r orqanlar\u0131n\u0131n \u015f\u0259xsi hey\u0259ti novruz bayram\u0131 g\u00fcnl\u0259rind\u0259 ictimai asayi\u015fin daha n\u00fcmun\u0259vi qorunmas\u0131 m\u0259qs\u0259dil\u0259 mart ay\u0131n\u0131n 20-d\u0259n 27-d\u0259k g\u00fccl\u0259ndirilmi\u015f i\u015f variant\u0131nda xidm\u0259t ed\u0259c\u0259kl\u0259r.<\/p>\n","protected":false},"author":2,"featured_media":143501,"comment_status":"closed","ping_status":"closed","sticky":false,"template":"","format":"standard","meta":{"om_disable_all_campaigns":false,"_monsterinsights_skip_tracking":false,"_monsterinsights_sitenote_active":false,"_monsterinsights_sitenote_note":"","_monsterinsights_sitenote_category":0},"categories":[1],"tags":[],"aioseo_notices":[],"gutentor_comment":0,"rttpg_featured_image_url":{"full":["https:\/\/arantv.az\/wp-content\/uploads\/2020\/03\/vilik.jpg",620,349,false],"landscape":["https:\/\/arantv.az\/wp-content\/uploads\/2020\/03\/vilik.jpg",620,349,false],"portraits":["https:\/\/arantv.az\/wp-content\/uploads\/2020\/03\/vilik.jpg",620,349,false],"thumbnail":["https:\/\/arantv.az\/wp-content\/uploads\/2020\/03\/vilik-150x150.jpg",150,150,true],"medium":["https:\/\/arantv.az\/wp-content\/uploads\/2020\/03\/vilik-300x169.jpg",300,169,true],"large":["https:\/\/arantv.az\/wp-content\/uploads\/2020\/03\/vilik.jpg",620,349,false],"1536x1536":["https:\/\/arantv.az\/wp-content\/uploads\/2020\/03\/vilik.jpg",620,349,false],"2048x2048":["https:\/\/arantv.az\/wp-content\/uploads\/2020\/03\/vilik.jpg",620,349,false],"post-thumbnail":["https:\/\/arantv.az\/wp-content\/uploads\/2020\/03\/vilik-240x172.jpg",240,172,true],"advps-thumb-one":["https:\/\/arantv.az\/wp-content\/uploads\/2020\/03\/vilik.jpg",620,349,false]},"rttpg_author":{"display_name":"V\u00fcsal Rafiqo\u011flu","author_link":"https:\/\/arantv.az\/?author=2"},"rttpg_comment":0,"rttpg_category":"<a href=\"https:\/\/arantv.az\/?cat=1\" rel=\"category\">C\u0259miyy\u0259t<\/a>","rttpg_excerpt":"\u00d6lk\u0259mizd\u0259 koronavirus infeksiyas\u0131n\u0131n yay\u0131lmas\u0131 hallar\u0131n\u0131n qar\u015f\u0131s\u0131n\u0131 almaq m\u0259qs\u0259dil\u0259 Nazirl\u0259r Kabineti yan\u0131nda operativ q\u0259rargah t\u0259r\u0259find\u0259n q\u0259bul edilmi\u015f q\u0259rarlar\u0131n icras\u0131 il\u0259 \u0259laq\u0259dar daxili i\u015fl\u0259r orqanlar\u0131n\u0131n da \u0259m\u0259kda\u015flar\u0131 g\u00fccl\u0259ndirilmi\u015f i\u015f rejimind\u0259 xidm\u0259t edirl\u0259r. Daxili \u0130\u015fl\u0259r Nazirliyinin M\u0259tbuat Xidm\u0259tind\u0259n veril\u0259n m\u0259lumata g\u00f6r\u0259, polisin g\u00fccl\u0259ndirilmi\u015f i\u015f rejimind\u0259ki f\u0259aliyy\u0259ti Novruz\u00a0bayram\u0131 g\u00fcnl\u0259rind\u0259 d\u0259 davam etdiril\u0259c\u0259k. Bel\u0259 ki, Daxili \u0130\u015fl\u0259r naziri, general-polkovnik c\u0259nab&hellip;","_links":{"self":[{"href":"https:\/\/arantv.az\/index.php?rest_route=\/wp\/v2\/posts\/143500"}],"collection":[{"href":"https:\/\/arantv.az\/index.php?rest_route=\/wp\/v2\/posts"}],"about":[{"href":"https:\/\/arantv.az\/index.php?rest_route=\/wp\/v2\/types\/post"}],"author":[{"embeddable":true,"href":"https:\/\/arantv.az\/index.php?rest_route=\/wp\/v2\/users\/2"}],"replies":[{"embeddable":true,"href":"https:\/\/arantv.az\/index.php?rest_route=%2Fwp%2Fv2%2Fcomments&post=143500"}],"version-history":[{"count":0,"href":"https:\/\/arantv.az\/index.php?rest_route=\/wp\/v2\/posts\/143500\/revisions"}],"wp:featuredmedia":[{"embeddable":true,"href":"https:\/\/arantv.az\/index.php?rest_route=\/wp\/v2\/media\/143501"}],"wp:attachment":[{"href":"https:\/\/arantv.az\/index.php?rest_route=%2Fwp%2Fv2%2Fmedia&parent=143500"}],"wp:term":[{"taxonomy":"category","embeddable":true,"href":"https:\/\/arantv.az\/index.php?rest_route=%2Fwp%2Fv2%2Fcategories&post=143500"},{"taxonomy":"post_tag","embeddable":true,"href":"https:\/\/arantv.az\/index.php?rest_route=%2Fwp%2Fv2%2Ftags&post=143500"}],"curies":[{"name":"wp","href":"https:\/\/api.w.org\/{rel}","templated":true}]}}