{"id":143512,"date":"2020-03-18T13:56:33","date_gmt":"2020-03-18T10:56:33","guid":{"rendered":"http:\/\/arantv.az\/?p=143512"},"modified":"2020-03-18T13:56:33","modified_gmt":"2020-03-18T10:56:33","slug":"az%c9%99rbaycan-prezidenti-hazirda-olk%c9%99mizd%c9%99-koronavirusun-yayilmasi-o-q%c9%99d%c9%99r-d%c9%99-genis-vus%c9%99t-almayib","status":"publish","type":"post","link":"https:\/\/arantv.az\/?p=143512","title":{"rendered":"Az\u0259rbaycan Prezidenti: Haz\u0131rda \u00f6lk\u0259mizd\u0259 koronavirusun yay\u0131lmas\u0131 o q\u0259d\u0259r d\u0259 geni\u015f v\u00fcs\u0259t almay\u0131b"},"content":{"rendered":"<p>Haz\u0131rda \u00f6lk\u0259mizd\u0259 koronavirusun yay\u0131lmas\u0131 o q\u0259d\u0259r d\u0259 geni\u015f v\u00fcs\u0259t almay\u0131b.<\/p>\n<p><strong>ARANTV.AZ<\/strong>\u00a0<a href=\"http:\/\/azertag.az\/\" target=\"_blank\" rel=\"noopener\">AZ\u018fRTAC<\/a>-a istinad\u0259n bildirir ki, bunu Az\u0259rbaycan Prezidenti \u0130lham \u018fliyev mart\u0131n 18-d\u0259 Ab\u015feron dair\u0259vi d\u0259mir yolunun Pir\u015fa\u011f\u0131-G\u00f6r\u0259dil-Novxan\u0131-Sumqay\u0131t hiss\u0259sinin yenid\u0259nqurmadan sonra a\u00e7\u0131l\u0131\u015f\u0131nda d\u0259miryol\u00e7ularla g\u00f6r\u00fc\u015f\u00fcnd\u0259 \u00e7\u0131x\u0131\u015f\u0131 zaman\u0131 deyib.<\/p>\n<p>Prezident \u0130lham \u018fliyev bildirib:<\/p>\n<p>&#8220;B\u00fct\u00f6vl\u00fckd\u0259 n\u0259qliyyat sah\u0259sind\u0259 i\u015fl\u0259r yax\u015f\u0131 gedir. Ke\u00e7\u0259n il d\u0259 yax\u015f\u0131 u\u011furlar\u0131m\u0131z olub, bu il d\u0259. H\u0259m d\u0259mir yollar\u0131n\u0131n, h\u0259m d\u0259 avtomobil yollar\u0131n\u0131n \u00e7\u0259kili\u015fi &#8211; b\u00fct\u00fcn bu i\u015fl\u0259r hesab edir\u0259m ki, \u0259n y\u00fcks\u0259k s\u0259viyy\u0259d\u0259 apar\u0131l\u0131r. \u0130ndiki \u015f\u0259raitd\u0259 \u0259sas v\u0259zif\u0259 vaqonlar\u0131n dezinfeksiyas\u0131d\u0131r. Bu sah\u0259y\u0259 \u00e7ox b\u00f6y\u00fck diqq\u0259t g\u00f6st\u0259rilm\u0259lidir. \u00c7\u00fcnki b\u00fct\u00fcn d\u00fcnya indi koronavirusdan \u0259ziyy\u0259t \u00e7\u0259kir. Az\u0259rbaycan bu istiqam\u0259td\u0259 \u00f6nl\u0259yici t\u0259dbirl\u0259r g\u00f6rm\u00fc\u015fd\u00fcr. M\u0259hz ona g\u00f6r\u0259 haz\u0131rda \u00f6lk\u0259mizd\u0259 koronavirusun yay\u0131lmas\u0131 o q\u0259d\u0259r d\u0259 geni\u015f v\u00fcs\u0259t almay\u0131b. Ancaq bu, el\u0259 b\u0259lad\u0131r ki, he\u00e7 bir \u00f6lk\u0259 \u00f6z\u00fcn\u00fc tam s\u0131\u011fortalanm\u0131\u015f hesab ed\u0259 bilm\u0259z. H\u0259tta \u0259n inki\u015faf etmi\u015f \u00f6lk\u0259l\u0259rd\u0259 indi ya\u015fanan b\u00f6hran g\u00f6z qaba\u011f\u0131ndad\u0131r. Ona g\u00f6r\u0259 h\u0259r bir v\u0259t\u0259nda\u015f m\u0259suliyy\u0259tli olmal\u0131d\u0131r, \u00f6z \u015f\u0259xsi gigiyenas\u0131na fikir verm\u0259lidir. Eyni zamanda, ictimai i\u015fl\u0259rl\u0259, ictimai n\u0259qliyyatla m\u0259\u015f\u011ful olan qurumlar da bu i\u015fl\u0259ri tam m\u0259suliyy\u0259tl\u0259 g\u00f6rm\u0259lidirl\u0259r, tam dezinfeksiya apar\u0131lmal\u0131d\u0131r ki, yoluxma hallar\u0131n\u0131n say\u0131 \u00e7ox olmas\u0131n.<\/p>\n<p>\u018flb\u0259tt\u0259 ki, haz\u0131rda bizim s\u0259rh\u0259dl\u0259rimiz ba\u011fl\u0131d\u0131r. Ancaq y\u00fckda\u015f\u0131malar \u00fc\u00e7\u00fcn he\u00e7 bir \u00f6lk\u0259 \u00f6z s\u0259rh\u0259dini ba\u011flamay\u0131b. Ona g\u00f6r\u0259 y\u00fckda\u015f\u0131malar istiqam\u0259tind\u0259 bizim i\u015fl\u0259r davam etdiril\u0259c\u0259k. \u018fmin\u0259m ki, d\u00f6vl\u0259timiz v\u0259 xalq\u0131m\u0131z bu s\u0131naqdan da \u00fcz\u00fca\u011f \u00e7\u0131xacaqd\u0131r&#8221;.<\/p>\n","protected":false},"excerpt":{"rendered":"<p>Haz\u0131rda \u00f6lk\u0259mizd\u0259 koronavirusun yay\u0131lmas\u0131 o q\u0259d\u0259r d\u0259 geni\u015f v\u00fcs\u0259t almay\u0131b. ARANTV.AZ\u00a0AZ\u018fRTAC-a istinad\u0259n bildirir ki, bunu Az\u0259rbaycan Prezidenti \u0130lham \u018fliyev mart\u0131n 18-d\u0259 Ab\u015feron dair\u0259vi d\u0259mir yolunun Pir\u015fa\u011f\u0131-G\u00f6r\u0259dil-Novxan\u0131-Sumqay\u0131t hiss\u0259sinin yenid\u0259nqurmadan sonra a\u00e7\u0131l\u0131\u015f\u0131nda d\u0259miryol\u00e7ularla g\u00f6r\u00fc\u015f\u00fcnd\u0259 \u00e7\u0131x\u0131\u015f\u0131 zaman\u0131 deyib. Prezident \u0130lham \u018fliyev bildirib: &#8220;B\u00fct\u00f6vl\u00fckd\u0259 n\u0259qliyyat sah\u0259sind\u0259 i\u015fl\u0259r yax\u015f\u0131 gedir. Ke\u00e7\u0259n il d\u0259 yax\u015f\u0131 u\u011furlar\u0131m\u0131z olub, bu il d\u0259. H\u0259m d\u0259mir yollar\u0131n\u0131n, h\u0259m d\u0259 avtomobil yollar\u0131n\u0131n \u00e7\u0259kili\u015fi &#8211; b\u00fct\u00fcn bu i\u015fl\u0259r hesab edir\u0259m ki, \u0259n y\u00fcks\u0259k s\u0259viyy\u0259d\u0259 apar\u0131l\u0131r. \u0130ndiki \u015f\u0259raitd\u0259 \u0259sas v\u0259zif\u0259 vaqonlar\u0131n dezinfeksiyas\u0131d\u0131r. Bu sah\u0259y\u0259 \u00e7ox b\u00f6y\u00fck diqq\u0259t g\u00f6st\u0259rilm\u0259lidir. \u00c7\u00fcnki b\u00fct\u00fcn d\u00fcnya indi koronavirusdan&hellip;<\/p>\n","protected":false},"author":2,"featured_media":143513,"comment_status":"closed","ping_status":"closed","sticky":false,"template":"","format":"standard","meta":{"om_disable_all_campaigns":false,"_monsterinsights_skip_tracking":false,"_monsterinsights_sitenote_active":false,"_monsterinsights_sitenote_note":"","_monsterinsights_sitenote_category":0},"categories":[4],"tags":[],"aioseo_notices":[],"gutentor_comment":0,"rttpg_featured_image_url":{"full":["https:\/\/arantv.az\/wp-content\/uploads\/2020\/03\/1584517980544002654_1000x669.jpg",620,421,false],"landscape":["https:\/\/arantv.az\/wp-content\/uploads\/2020\/03\/1584517980544002654_1000x669.jpg",620,421,false],"portraits":["https:\/\/arantv.az\/wp-content\/uploads\/2020\/03\/1584517980544002654_1000x669.jpg",620,421,false],"thumbnail":["https:\/\/arantv.az\/wp-content\/uploads\/2020\/03\/1584517980544002654_1000x669-150x150.jpg",150,150,true],"medium":["https:\/\/arantv.az\/wp-content\/uploads\/2020\/03\/1584517980544002654_1000x669-300x204.jpg",300,204,true],"large":["https:\/\/arantv.az\/wp-content\/uploads\/2020\/03\/1584517980544002654_1000x669.jpg",620,421,false],"1536x1536":["https:\/\/arantv.az\/wp-content\/uploads\/2020\/03\/1584517980544002654_1000x669.jpg",620,421,false],"2048x2048":["https:\/\/arantv.az\/wp-content\/uploads\/2020\/03\/1584517980544002654_1000x669.jpg",620,421,false],"post-thumbnail":["https:\/\/arantv.az\/wp-content\/uploads\/2020\/03\/1584517980544002654_1000x669-240x172.jpg",240,172,true],"advps-thumb-one":["https:\/\/arantv.az\/wp-content\/uploads\/2020\/03\/1584517980544002654_1000x669.jpg",620,421,false]},"rttpg_author":{"display_name":"V\u00fcsal Rafiqo\u011flu","author_link":"https:\/\/arantv.az\/?author=2"},"rttpg_comment":0,"rttpg_category":"<a href=\"https:\/\/arantv.az\/?cat=4\" rel=\"category\">Siyas\u0259t<\/a>","rttpg_excerpt":"Haz\u0131rda \u00f6lk\u0259mizd\u0259 koronavirusun yay\u0131lmas\u0131 o q\u0259d\u0259r d\u0259 geni\u015f v\u00fcs\u0259t almay\u0131b. ARANTV.AZ\u00a0AZ\u018fRTAC-a istinad\u0259n bildirir ki, bunu Az\u0259rbaycan Prezidenti \u0130lham \u018fliyev mart\u0131n 18-d\u0259 Ab\u015feron dair\u0259vi d\u0259mir yolunun Pir\u015fa\u011f\u0131-G\u00f6r\u0259dil-Novxan\u0131-Sumqay\u0131t hiss\u0259sinin yenid\u0259nqurmadan sonra a\u00e7\u0131l\u0131\u015f\u0131nda d\u0259miryol\u00e7ularla g\u00f6r\u00fc\u015f\u00fcnd\u0259 \u00e7\u0131x\u0131\u015f\u0131 zaman\u0131 deyib. Prezident \u0130lham \u018fliyev bildirib: &#8220;B\u00fct\u00f6vl\u00fckd\u0259 n\u0259qliyyat sah\u0259sind\u0259 i\u015fl\u0259r yax\u015f\u0131 gedir. Ke\u00e7\u0259n il d\u0259 yax\u015f\u0131 u\u011furlar\u0131m\u0131z olub, bu il d\u0259. H\u0259m&hellip;","_links":{"self":[{"href":"https:\/\/arantv.az\/index.php?rest_route=\/wp\/v2\/posts\/143512"}],"collection":[{"href":"https:\/\/arantv.az\/index.php?rest_route=\/wp\/v2\/posts"}],"about":[{"href":"https:\/\/arantv.az\/index.php?rest_route=\/wp\/v2\/types\/post"}],"author":[{"embeddable":true,"href":"https:\/\/arantv.az\/index.php?rest_route=\/wp\/v2\/users\/2"}],"replies":[{"embeddable":true,"href":"https:\/\/arantv.az\/index.php?rest_route=%2Fwp%2Fv2%2Fcomments&post=143512"}],"version-history":[{"count":0,"href":"https:\/\/arantv.az\/index.php?rest_route=\/wp\/v2\/posts\/143512\/revisions"}],"wp:featuredmedia":[{"embeddable":true,"href":"https:\/\/arantv.az\/index.php?rest_route=\/wp\/v2\/media\/143513"}],"wp:attachment":[{"href":"https:\/\/arantv.az\/index.php?rest_route=%2Fwp%2Fv2%2Fmedia&parent=143512"}],"wp:term":[{"taxonomy":"category","embeddable":true,"href":"https:\/\/arantv.az\/index.php?rest_route=%2Fwp%2Fv2%2Fcategories&post=143512"},{"taxonomy":"post_tag","embeddable":true,"href":"https:\/\/arantv.az\/index.php?rest_route=%2Fwp%2Fv2%2Ftags&post=143512"}],"curies":[{"name":"wp","href":"https:\/\/api.w.org\/{rel}","templated":true}]}}