{"id":143520,"date":"2020-03-18T14:19:30","date_gmt":"2020-03-18T11:19:30","guid":{"rendered":"http:\/\/arantv.az\/?p=143520"},"modified":"2020-03-18T14:19:30","modified_gmt":"2020-03-18T11:19:30","slug":"parlamentd%c9%99-ilk-komit%c9%99-iclasi-onlayn-rejimind%c9%99-kecirildi","status":"publish","type":"post","link":"https:\/\/arantv.az\/?p=143520","title":{"rendered":"Parlamentd\u0259 \u0130LK: Komit\u0259 iclas\u0131 onlayn rejimind\u0259 ke\u00e7irildi"},"content":{"rendered":"<p>Alt\u0131nc\u0131 \u00e7a\u011f\u0131r\u0131\u015f Milli M\u0259clisin M\u0259d\u0259niyy\u0259t komit\u0259si ilk iclas\u0131n\u0131 mart\u0131n 18-d\u0259 onlayn rejimind\u0259 ke\u00e7irib.<\/p>\n<p><b>ARANTV.AZ<\/b>-\u0131n m\u0259lumat\u0131na g\u00f6r\u0259, komit\u0259nin s\u0259dri Q\u0259nir\u0259 Pa\u015fayeva \u00f6lk\u0259d\u0259 koronavirusla m\u00fcbariz\u0259 sah\u0259sind\u0259 g\u00f6r\u00fcl\u0259n i\u015fl\u0259ri y\u00fcks\u0259k d\u0259y\u0259rl\u0259ndirib.<\/p>\n<p>O, koronavirusa qar\u015f\u0131 m\u00fcbariz\u0259 t\u0259dbirl\u0259ri \u00e7\u0259r\u00e7iv\u0259sind\u0259 komit\u0259nin iclas\u0131n\u0131n onlayn rejimind\u0259 ke\u00e7irilm\u0259si z\u0259rur\u0259tinin yarand\u0131\u011f\u0131n\u0131 vur\u011fulay\u0131b.<\/p>\n<div id=\"AdviadNativeVideo0\" class=\"AdviadNativeVideo\"><\/div>\n<p>\u0130clasda \u0259vv\u0259lc\u0259 komit\u0259nin\u00a02020-ci ilin yaz\u00a0sessiyas\u0131 \u00fc\u00e7\u00fcn\u00a0n\u0259z\u0259rd\u0259\u00a0tutulmu\u015f i\u015f plan\u0131\u00a0m\u00fczakir\u0259 olunub.<\/p>\n<p>Bildirilib ki, qar\u015f\u0131dak\u0131 d\u00f6vrd\u0259 \u201cKinematoqrafiya haqq\u0131nda\u201d, \u201cAz\u0259rbaycan\u00a0mu\u011fam\u00a0s\u0259n\u0259tinin\u00a0 qorunmas\u0131 v\u0259 inki\u015faf\u00a0etdirilm\u0259si haqq\u0131nda\u201d, \u201cYaz\u0131l\u0131 abid\u0259l\u0259r haqq\u0131nda\u201d, \u201cKabel \u015f\u0259b\u0259k\u0259si yay\u0131m\u0131 haqq\u0131nda\u201d vacib qanun\u00a0layih\u0259l\u0259rinin\u00a0haz\u0131rlanmas\u0131 n\u0259z\u0259rd\u0259\u00a0 tutulur.\u00a0Komit\u0259\u00a0\u00fczvl\u0259rinin\u00a0s\u0259n\u0259dl\u0259rl\u0259 ba\u011fl\u0131 t\u0259klifl\u0259ri\u00a0dinl\u0259nilib, qanunvericilik i\u015fl\u0259ri plan\u0131\u00a0t\u0259sdiq\u00a0 edilib.<\/p>\n<p>Sonra \u201cMilli M\u0259clisin Daxili Nizamnam\u0259sinin t\u0259sdiq edilm\u0259si haqq\u0131nda\u201d, \u201cTeleviziya v\u0259 radio yay\u0131m\u0131 haqq\u0131nda\u201d, \u201cAz\u0259rbaycan Respublikas\u0131 D\u00f6vl\u0259t bayra\u011f\u0131n\u0131n istifad\u0259 qaydalar\u0131 haqq\u0131nda\u201d\u00a0v\u0259 \u201c\u0130ctimai televiziya v\u0259 radio\u00a0yay\u0131m\u0131 haqq\u0131nda\u201d qanunlarda d\u0259yi\u015fiklik\u00a0edilm\u0259si il\u0259\u00a0ba\u011fl\u0131 m\u0259s\u0259l\u0259y\u0259 bax\u0131l\u0131b.<\/p>\n<p>S\u0259n\u0259dl\u0259rd\u0259\u00a0t\u0259klif olunan d\u0259yi\u015fiklikl\u0259rin m\u0259qs\u0259di\u00a0\u201cAz\u0259rbaycan Respublikas\u0131n\u0131n D\u00f6vl\u0259t\u00a0 Himnind\u0259n istifad\u0259 qaydalar\u0131 haqq\u0131nda\u201d qanunun icras\u0131 il\u0259 \u0259laq\u0259dard\u0131r.<\/p>\n<p>\u0130clas\u0131n g\u00fcnd\u0259liyin\u0259\u00a0daxil edil\u0259n dig\u0259r s\u0259n\u0259din &#8211;\u00a0\u201cTarix v\u0259 m\u0259d\u0259niyy\u0259t abid\u0259l\u0259rinin qorunmas\u0131 haqq\u0131nda\u201d\u00a0v\u0259 \u201cAz\u0259rbaycan\u00a0Respublikas\u0131nda\u00a0d\u00f6vl\u0259t\u00a0dili haqq\u0131nda\u201d qanunlara\u00a0t\u0259klif\u00a0edil\u0259n d\u0259yi\u015fiklikl\u0259rin \u201cReklam haqq\u0131nda\u201d\u00a0qanuna\u00a0uy\u011funla\u015fd\u0131r\u0131lma\u00a0m\u0259qs\u0259dil\u0259\u00a0apar\u0131ld\u0131\u011f\u0131\u00a0qeyd\u00a0edilib.<\/p>\n<p>Onlayn m\u00fczakir\u0259l\u0259rin sonunda\u00a0h\u0259r iki s\u0259n\u0259din Milli M\u0259clisin plenar iclas\u0131na\u00a0t\u00f6vsiy\u0259 edilm\u0259si bar\u0259d\u0259 q\u0259rar q\u0259bul edilib.Oxu.Az<\/p>\n","protected":false},"excerpt":{"rendered":"<p>Alt\u0131nc\u0131 \u00e7a\u011f\u0131r\u0131\u015f Milli M\u0259clisin M\u0259d\u0259niyy\u0259t komit\u0259si ilk iclas\u0131n\u0131 mart\u0131n 18-d\u0259 onlayn rejimind\u0259 ke\u00e7irib. ARANTV.AZ-\u0131n m\u0259lumat\u0131na g\u00f6r\u0259, komit\u0259nin s\u0259dri Q\u0259nir\u0259 Pa\u015fayeva \u00f6lk\u0259d\u0259 koronavirusla m\u00fcbariz\u0259 sah\u0259sind\u0259 g\u00f6r\u00fcl\u0259n i\u015fl\u0259ri y\u00fcks\u0259k d\u0259y\u0259rl\u0259ndirib. O, koronavirusa qar\u015f\u0131 m\u00fcbariz\u0259 t\u0259dbirl\u0259ri \u00e7\u0259r\u00e7iv\u0259sind\u0259 komit\u0259nin iclas\u0131n\u0131n onlayn rejimind\u0259 ke\u00e7irilm\u0259si z\u0259rur\u0259tinin yarand\u0131\u011f\u0131n\u0131 vur\u011fulay\u0131b. \u0130clasda \u0259vv\u0259lc\u0259 komit\u0259nin\u00a02020-ci ilin yaz\u00a0sessiyas\u0131 \u00fc\u00e7\u00fcn\u00a0n\u0259z\u0259rd\u0259\u00a0tutulmu\u015f i\u015f plan\u0131\u00a0m\u00fczakir\u0259 olunub. Bildirilib ki, qar\u015f\u0131dak\u0131 d\u00f6vrd\u0259 \u201cKinematoqrafiya haqq\u0131nda\u201d, \u201cAz\u0259rbaycan\u00a0mu\u011fam\u00a0s\u0259n\u0259tinin\u00a0 qorunmas\u0131 v\u0259 inki\u015faf\u00a0etdirilm\u0259si haqq\u0131nda\u201d, \u201cYaz\u0131l\u0131 abid\u0259l\u0259r haqq\u0131nda\u201d, \u201cKabel \u015f\u0259b\u0259k\u0259si yay\u0131m\u0131 haqq\u0131nda\u201d vacib qanun\u00a0layih\u0259l\u0259rinin\u00a0haz\u0131rlanmas\u0131 n\u0259z\u0259rd\u0259\u00a0 tutulur.\u00a0Komit\u0259\u00a0\u00fczvl\u0259rinin\u00a0s\u0259n\u0259dl\u0259rl\u0259 ba\u011fl\u0131 t\u0259klifl\u0259ri\u00a0dinl\u0259nilib, qanunvericilik i\u015fl\u0259ri plan\u0131\u00a0t\u0259sdiq\u00a0 edilib. Sonra \u201cMilli M\u0259clisin Daxili Nizamnam\u0259sinin t\u0259sdiq edilm\u0259si haqq\u0131nda\u201d, \u201cTeleviziya v\u0259 radio&hellip;<\/p>\n","protected":false},"author":2,"featured_media":143521,"comment_status":"closed","ping_status":"closed","sticky":false,"template":"","format":"standard","meta":{"om_disable_all_campaigns":false,"_monsterinsights_skip_tracking":false,"_monsterinsights_sitenote_active":false,"_monsterinsights_sitenote_note":"","_monsterinsights_sitenote_category":0},"categories":[19],"tags":[],"aioseo_notices":[],"gutentor_comment":0,"rttpg_featured_image_url":{"full":["https:\/\/arantv.az\/wp-content\/uploads\/2020\/03\/hhhddd.jpg",620,413,false],"landscape":["https:\/\/arantv.az\/wp-content\/uploads\/2020\/03\/hhhddd.jpg",620,413,false],"portraits":["https:\/\/arantv.az\/wp-content\/uploads\/2020\/03\/hhhddd.jpg",620,413,false],"thumbnail":["https:\/\/arantv.az\/wp-content\/uploads\/2020\/03\/hhhddd-150x150.jpg",150,150,true],"medium":["https:\/\/arantv.az\/wp-content\/uploads\/2020\/03\/hhhddd-300x200.jpg",300,200,true],"large":["https:\/\/arantv.az\/wp-content\/uploads\/2020\/03\/hhhddd.jpg",620,413,false],"1536x1536":["https:\/\/arantv.az\/wp-content\/uploads\/2020\/03\/hhhddd.jpg",620,413,false],"2048x2048":["https:\/\/arantv.az\/wp-content\/uploads\/2020\/03\/hhhddd.jpg",620,413,false],"post-thumbnail":["https:\/\/arantv.az\/wp-content\/uploads\/2020\/03\/hhhddd-240x172.jpg",240,172,true],"advps-thumb-one":["https:\/\/arantv.az\/wp-content\/uploads\/2020\/03\/hhhddd.jpg",620,413,false]},"rttpg_author":{"display_name":"V\u00fcsal Rafiqo\u011flu","author_link":"https:\/\/arantv.az\/?author=2"},"rttpg_comment":0,"rttpg_category":"<a href=\"https:\/\/arantv.az\/?cat=19\" rel=\"category\">G\u00fcnd\u0259m<\/a>","rttpg_excerpt":"Alt\u0131nc\u0131 \u00e7a\u011f\u0131r\u0131\u015f Milli M\u0259clisin M\u0259d\u0259niyy\u0259t komit\u0259si ilk iclas\u0131n\u0131 mart\u0131n 18-d\u0259 onlayn rejimind\u0259 ke\u00e7irib. ARANTV.AZ-\u0131n m\u0259lumat\u0131na g\u00f6r\u0259, komit\u0259nin s\u0259dri Q\u0259nir\u0259 Pa\u015fayeva \u00f6lk\u0259d\u0259 koronavirusla m\u00fcbariz\u0259 sah\u0259sind\u0259 g\u00f6r\u00fcl\u0259n i\u015fl\u0259ri y\u00fcks\u0259k d\u0259y\u0259rl\u0259ndirib. O, koronavirusa qar\u015f\u0131 m\u00fcbariz\u0259 t\u0259dbirl\u0259ri \u00e7\u0259r\u00e7iv\u0259sind\u0259 komit\u0259nin iclas\u0131n\u0131n onlayn rejimind\u0259 ke\u00e7irilm\u0259si z\u0259rur\u0259tinin yarand\u0131\u011f\u0131n\u0131 vur\u011fulay\u0131b. \u0130clasda \u0259vv\u0259lc\u0259 komit\u0259nin\u00a02020-ci ilin yaz\u00a0sessiyas\u0131 \u00fc\u00e7\u00fcn\u00a0n\u0259z\u0259rd\u0259\u00a0tutulmu\u015f i\u015f plan\u0131\u00a0m\u00fczakir\u0259 olunub. Bildirilib ki, qar\u015f\u0131dak\u0131 d\u00f6vrd\u0259&hellip;","_links":{"self":[{"href":"https:\/\/arantv.az\/index.php?rest_route=\/wp\/v2\/posts\/143520"}],"collection":[{"href":"https:\/\/arantv.az\/index.php?rest_route=\/wp\/v2\/posts"}],"about":[{"href":"https:\/\/arantv.az\/index.php?rest_route=\/wp\/v2\/types\/post"}],"author":[{"embeddable":true,"href":"https:\/\/arantv.az\/index.php?rest_route=\/wp\/v2\/users\/2"}],"replies":[{"embeddable":true,"href":"https:\/\/arantv.az\/index.php?rest_route=%2Fwp%2Fv2%2Fcomments&post=143520"}],"version-history":[{"count":0,"href":"https:\/\/arantv.az\/index.php?rest_route=\/wp\/v2\/posts\/143520\/revisions"}],"wp:featuredmedia":[{"embeddable":true,"href":"https:\/\/arantv.az\/index.php?rest_route=\/wp\/v2\/media\/143521"}],"wp:attachment":[{"href":"https:\/\/arantv.az\/index.php?rest_route=%2Fwp%2Fv2%2Fmedia&parent=143520"}],"wp:term":[{"taxonomy":"category","embeddable":true,"href":"https:\/\/arantv.az\/index.php?rest_route=%2Fwp%2Fv2%2Fcategories&post=143520"},{"taxonomy":"post_tag","embeddable":true,"href":"https:\/\/arantv.az\/index.php?rest_route=%2Fwp%2Fv2%2Ftags&post=143520"}],"curies":[{"name":"wp","href":"https:\/\/api.w.org\/{rel}","templated":true}]}}