{"id":143576,"date":"2020-03-18T15:51:23","date_gmt":"2020-03-18T12:51:23","guid":{"rendered":"http:\/\/arantv.az\/?p=143576"},"modified":"2020-03-18T15:51:23","modified_gmt":"2020-03-18T12:51:23","slug":"siyavus-novruzov-mubariz-m%c9%99nsimovun-azad-olunmasi-ucun-insanlarin-kutl%c9%99vi-aksiyalara-cagirilmasi-hec-bir-halda-dogru-deyil","status":"publish","type":"post","link":"https:\/\/arantv.az\/?p=143576","title":{"rendered":"Siyavu\u015f Novruzov: M\u00fcbariz M\u0259nsimovun azad olunmas\u0131 \u00fc\u00e7\u00fcn insanlar\u0131n k\u00fctl\u0259vi aksiyalara \u00e7a\u011f\u0131r\u0131lmas\u0131 he\u00e7 bir halda do\u011fru deyil"},"content":{"rendered":"<p>Milli M\u0259clisin deputat\u0131, Yeni Az\u0259rbaycan Partiyas\u0131n\u0131n (YAP) \u0130cra katibinin m\u00fcavini Siyavu\u015f Novruzov T\u00fcrkiy\u0259d\u0259 h\u0259bs olunan az\u0259rbaycanl\u0131 i\u015f adam\u0131 M\u00fcbariz M\u0259nsimovun azad olunmas\u0131 \u00fc\u00e7\u00fcn onun Az\u0259rbaycandak\u0131 qohumlar\u0131n\u0131n insanlar\u0131 k\u00fctl\u0259vi aksiyalara \u00e7a\u011f\u0131rmas\u0131n\u0131 pisl\u0259yib.<\/p>\n<p><strong>ARANTV.AZ<\/strong> x\u0259b\u0259r verir ki, S.Novruzov\u00a0<a href=\"https:\/\/az.trend.az\/\" target=\"_blank\" rel=\"noopener\">Trend<\/a>-\u0259 a\u00e7\u0131qlamas\u0131nda bildirib ki, M\u00fcbariz M\u0259nsimovun azad olunmas\u0131 \u00fc\u00e7\u00fcn insanlar\u0131n k\u00fctl\u0259vi aksiyalara \u00e7a\u011f\u0131r\u0131lmas\u0131 he\u00e7 bir halda do\u011fru deyil:<\/p>\n<p>&#8220;M\u00fcbariz M\u0259nsimovun qohumlar\u0131 \u00e7a\u011f\u0131r\u0131\u015f edir ki, camaat k\u00fctl\u0259vi aksiyalara \u00e7\u0131xs\u0131n, mitinql\u0259r ke\u00e7irsin. O, Nelson Mandelad\u0131r, Martin L\u00fcter Kinqdir? V\u0259 yaxud Qaraba\u011f, Az\u0259rbaycan\u0131n m\u00fcst\u0259qilliyi u\u011frunda m\u00fcbariz\u0259 apar\u0131b, d\u00f6vl\u0259t \u00e7evrili\u015fl\u0259rinin qar\u015f\u0131s\u0131n\u0131n al\u0131nmas\u0131nda i\u015ftirak edib? Camaat \u00e7\u0131x\u0131b onu niy\u0259 m\u00fcdafi\u0259 etsin? G\u00f6r\u00fcn\u00fcr, M\u00fcbariz M\u0259nsimov hans\u0131sa qanunazidd \u0259m\u0259l t\u00f6r\u0259dib v\u0259 buna g\u00f6r\u0259 d\u0259 onu h\u0259bs edibl\u0259r. \u00d6z\u00fcn\u0259 arxay\u0131nd\u0131rsa, qoy gedib m\u0259hk\u0259m\u0259 qar\u015f\u0131s\u0131nda cavab versin. Buna g\u00f6r\u0259 insanlar\u0131 k\u00fctl\u0259vi aksiyalara \u00e7a\u011f\u0131rmaq, sabitliyi pozma\u011fa g\u0259r\u0259k yoxdur.<\/p>\n<p>Bilirisiniz ki, bu g\u00fcn d\u00fcnyada koronavirus t\u0259hl\u00fck\u0259si ciddi t\u0259hdid\u0259 \u00e7evrilib v\u0259 Az\u0259rbaycan da virusun yay\u0131lmas\u0131n\u0131n qar\u015f\u0131s\u0131n\u0131n al\u0131nmas\u0131 \u00fc\u00e7\u00fcn ciddi t\u0259dbirl\u0259r g\u00f6r\u00fcr, eyni zamanda insanlar\u0131n k\u00fctl\u0259vi t\u0259dbirl\u0259rd\u0259n \u00e7\u0259kinm\u0259si il\u0259 ba\u011fl\u0131 \u00e7a\u011f\u0131r\u0131\u015flar edilib. Bel\u0259 bir v\u0259ziyy\u0259td\u0259 M\u00fcbariz M\u0259nsimovun qohumlar\u0131 insanlar\u0131n h\u0259yat\u0131n\u0131 t\u0259hl\u00fck\u0259y\u0259 ataraq onlar\u0131 qanunsuz olaraq k\u00fctl\u0259vi aksiyalara \u00e7a\u011f\u0131r\u0131r. Hesab edir\u0259m ki, insanlar bel\u0259 \u00e7a\u011f\u0131r\u0131\u015flara qo\u015fulmamal\u0131d\u0131rlar, haz\u0131rda biz\u0259 bu, laz\u0131m deyil. Bu g\u00fcn bizim \u0259sas m\u0259qs\u0259dimiz insanlar\u0131 virusa yoluxmaqdan qorumaqd\u0131r&#8221;.<\/p>\n","protected":false},"excerpt":{"rendered":"<p>Milli M\u0259clisin deputat\u0131, Yeni Az\u0259rbaycan Partiyas\u0131n\u0131n (YAP) \u0130cra katibinin m\u00fcavini Siyavu\u015f Novruzov T\u00fcrkiy\u0259d\u0259 h\u0259bs olunan az\u0259rbaycanl\u0131 i\u015f adam\u0131 M\u00fcbariz M\u0259nsimovun azad olunmas\u0131 \u00fc\u00e7\u00fcn onun Az\u0259rbaycandak\u0131 qohumlar\u0131n\u0131n insanlar\u0131 k\u00fctl\u0259vi aksiyalara \u00e7a\u011f\u0131rmas\u0131n\u0131 pisl\u0259yib. ARANTV.AZ x\u0259b\u0259r verir ki, S.Novruzov\u00a0Trend-\u0259 a\u00e7\u0131qlamas\u0131nda bildirib ki, M\u00fcbariz M\u0259nsimovun azad olunmas\u0131 \u00fc\u00e7\u00fcn insanlar\u0131n k\u00fctl\u0259vi aksiyalara \u00e7a\u011f\u0131r\u0131lmas\u0131 he\u00e7 bir halda do\u011fru deyil: &#8220;M\u00fcbariz M\u0259nsimovun qohumlar\u0131 \u00e7a\u011f\u0131r\u0131\u015f edir ki, camaat k\u00fctl\u0259vi aksiyalara \u00e7\u0131xs\u0131n, mitinql\u0259r ke\u00e7irsin. O, Nelson Mandelad\u0131r, Martin L\u00fcter Kinqdir? V\u0259 yaxud Qaraba\u011f, Az\u0259rbaycan\u0131n m\u00fcst\u0259qilliyi u\u011frunda m\u00fcbariz\u0259 apar\u0131b, d\u00f6vl\u0259t \u00e7evrili\u015fl\u0259rinin qar\u015f\u0131s\u0131n\u0131n al\u0131nmas\u0131nda i\u015ftirak edib? Camaat \u00e7\u0131x\u0131b onu niy\u0259 m\u00fcdafi\u0259&hellip;<\/p>\n","protected":false},"author":2,"featured_media":143577,"comment_status":"closed","ping_status":"closed","sticky":false,"template":"","format":"standard","meta":{"om_disable_all_campaigns":false,"_monsterinsights_skip_tracking":false,"_monsterinsights_sitenote_active":false,"_monsterinsights_sitenote_note":"","_monsterinsights_sitenote_category":0},"categories":[19],"tags":[],"aioseo_notices":[],"gutentor_comment":0,"rttpg_featured_image_url":{"full":["https:\/\/arantv.az\/wp-content\/uploads\/2020\/03\/834908.jpg",816,440,false],"landscape":["https:\/\/arantv.az\/wp-content\/uploads\/2020\/03\/834908.jpg",816,440,false],"portraits":["https:\/\/arantv.az\/wp-content\/uploads\/2020\/03\/834908.jpg",816,440,false],"thumbnail":["https:\/\/arantv.az\/wp-content\/uploads\/2020\/03\/834908-150x150.jpg",150,150,true],"medium":["https:\/\/arantv.az\/wp-content\/uploads\/2020\/03\/834908-300x162.jpg",300,162,true],"large":["https:\/\/arantv.az\/wp-content\/uploads\/2020\/03\/834908.jpg",640,345,false],"1536x1536":["https:\/\/arantv.az\/wp-content\/uploads\/2020\/03\/834908.jpg",816,440,false],"2048x2048":["https:\/\/arantv.az\/wp-content\/uploads\/2020\/03\/834908.jpg",816,440,false],"post-thumbnail":["https:\/\/arantv.az\/wp-content\/uploads\/2020\/03\/834908-240x172.jpg",240,172,true],"advps-thumb-one":["https:\/\/arantv.az\/wp-content\/uploads\/2020\/03\/834908.jpg",816,440,false]},"rttpg_author":{"display_name":"V\u00fcsal Rafiqo\u011flu","author_link":"https:\/\/arantv.az\/?author=2"},"rttpg_comment":0,"rttpg_category":"<a href=\"https:\/\/arantv.az\/?cat=19\" rel=\"category\">G\u00fcnd\u0259m<\/a>","rttpg_excerpt":"Milli M\u0259clisin deputat\u0131, Yeni Az\u0259rbaycan Partiyas\u0131n\u0131n (YAP) \u0130cra katibinin m\u00fcavini Siyavu\u015f Novruzov T\u00fcrkiy\u0259d\u0259 h\u0259bs olunan az\u0259rbaycanl\u0131 i\u015f adam\u0131 M\u00fcbariz M\u0259nsimovun azad olunmas\u0131 \u00fc\u00e7\u00fcn onun Az\u0259rbaycandak\u0131 qohumlar\u0131n\u0131n insanlar\u0131 k\u00fctl\u0259vi aksiyalara \u00e7a\u011f\u0131rmas\u0131n\u0131 pisl\u0259yib. ARANTV.AZ x\u0259b\u0259r verir ki, S.Novruzov\u00a0Trend-\u0259 a\u00e7\u0131qlamas\u0131nda bildirib ki, M\u00fcbariz M\u0259nsimovun azad olunmas\u0131 \u00fc\u00e7\u00fcn insanlar\u0131n k\u00fctl\u0259vi aksiyalara \u00e7a\u011f\u0131r\u0131lmas\u0131 he\u00e7 bir halda do\u011fru deyil: &#8220;M\u00fcbariz M\u0259nsimovun&hellip;","_links":{"self":[{"href":"https:\/\/arantv.az\/index.php?rest_route=\/wp\/v2\/posts\/143576"}],"collection":[{"href":"https:\/\/arantv.az\/index.php?rest_route=\/wp\/v2\/posts"}],"about":[{"href":"https:\/\/arantv.az\/index.php?rest_route=\/wp\/v2\/types\/post"}],"author":[{"embeddable":true,"href":"https:\/\/arantv.az\/index.php?rest_route=\/wp\/v2\/users\/2"}],"replies":[{"embeddable":true,"href":"https:\/\/arantv.az\/index.php?rest_route=%2Fwp%2Fv2%2Fcomments&post=143576"}],"version-history":[{"count":0,"href":"https:\/\/arantv.az\/index.php?rest_route=\/wp\/v2\/posts\/143576\/revisions"}],"wp:featuredmedia":[{"embeddable":true,"href":"https:\/\/arantv.az\/index.php?rest_route=\/wp\/v2\/media\/143577"}],"wp:attachment":[{"href":"https:\/\/arantv.az\/index.php?rest_route=%2Fwp%2Fv2%2Fmedia&parent=143576"}],"wp:term":[{"taxonomy":"category","embeddable":true,"href":"https:\/\/arantv.az\/index.php?rest_route=%2Fwp%2Fv2%2Fcategories&post=143576"},{"taxonomy":"post_tag","embeddable":true,"href":"https:\/\/arantv.az\/index.php?rest_route=%2Fwp%2Fv2%2Ftags&post=143576"}],"curies":[{"name":"wp","href":"https:\/\/api.w.org\/{rel}","templated":true}]}}