{"id":143582,"date":"2020-03-18T16:25:28","date_gmt":"2020-03-18T13:25:28","guid":{"rendered":"http:\/\/arantv.az\/?p=143582"},"modified":"2020-03-18T16:25:28","modified_gmt":"2020-03-18T13:25:28","slug":"dord-usaq-anasinin-qayinatasi-v%c9%99-qayinanasina-gor%c9%99-intihar-etm%c9%99sin%c9%99-r%c9%99smi-munasib%c9%99t","status":"publish","type":"post","link":"https:\/\/arantv.az\/?p=143582","title":{"rendered":"D\u00f6rd u\u015faq anas\u0131n\u0131n qay\u0131natas\u0131 v\u0259 qay\u0131nanas\u0131na g\u00f6r\u0259 intihar etm\u0259sin\u0259 R\u018fSM\u0130 M\u00dcNAS\u0130B\u018fT"},"content":{"rendered":"<p>Ail\u0259, Qad\u0131n v\u0259 U\u015faq Probleml\u0259ri\u00a0\u00fczr\u0259 D\u00f6vl\u0259t Komit\u0259si bir ne\u00e7\u0259 g\u00fcn \u00f6nc\u0259 intihar etdiyi bildiril\u0259n d\u00f6rd u\u015faq anas\u0131, 29 ya\u015fl\u0131 G\u00fcnay \u015e\u0259milovan\u0131n qay\u0131natas\u0131 v\u0259 qay\u0131nanas\u0131 t\u0259r\u0259find\u0259n i\u015fg\u0259nc\u0259l\u0259r\u0259 m\u0259ruz qalaraq \u00f6ld\u00fcr\u00fclm\u0259si haqq\u0131nda yay\u0131lan m\u0259lumatlara m\u00fcnasib\u0259t bildirib.<\/p>\n<p>Qeyd oilunub ki,\u00a0bu hadis\u0259 il\u0259 ba\u011fl\u0131 Ail\u0259, Qad\u0131n v\u0259 U\u015faq Probleml\u0259ri \u00fczr\u0259 D\u00f6vl\u0259t Komit\u0259si Daxili \u0130\u015fl\u0259r Nazirliyi, A\u011fcab\u0259di rayon \u0130cra Hakimiyy\u0259ti v\u0259 aidiyy\u0259ti qurumlarla \u0259laq\u0259 saxlayaraq, m\u0259s\u0259l\u0259nin haz\u0131rki durumu haqq\u0131nda m\u0259lumat al\u0131b.<\/p>\n<div id=\"AdviadNativeVideo0\" class=\"AdviadNativeVideo\"><\/div>\n<p>Daxili \u0130\u015fl\u0259r Nazirliyinin verdiyi m\u0259lumata \u0259sas\u0259n, \u015f\u00fcbh\u0259li bilin\u0259n \u015f\u0259xs h\u00fcquq-m\u00fchafiz\u0259 orqanlar\u0131 t\u0259r\u0259find\u0259n saxlan\u0131l\u0131b v\u0259 aidiyy\u0259ti istintaq i\u015fl\u0259ri apar\u0131l\u0131r.<\/p>\n<p>M\u0259s\u0259l\u0259nin humanitar (sosial-ictimai) aspektl\u0259ri il\u0259 ba\u011fl\u0131 A\u011fcab\u0259di rayon \u0130cra Hakimiyy\u0259tinin Gender zorak\u0131l\u0131\u011f\u0131 v\u0259 u\u015faqlara qar\u015f\u0131 zorak\u0131l\u0131q \u00fczr\u0259 monitorinq qrupunun v\u0259 Yetkinlik ya\u015f\u0131na \u00e7atmayanlar\u0131n i\u015fl\u0259ri v\u0259 h\u00fcquqlar\u0131n\u0131n m\u00fcdafi\u0259si \u00fczr\u0259 Komissiyas\u0131n\u0131n n\u00fcmay\u0259nd\u0259l\u0259ri ail\u0259y\u0259 ba\u015f \u00e7\u0259kib, m\u00f6vcud v\u0259ziyy\u0259tl\u0259 maraqlan\u0131blar.<\/p>\n<p>U\u015faqlar\u0131n haz\u0131rki psixoloji durumu qiym\u0259tl\u0259ndiril\u0259r\u0259k onlar\u0131n m\u0259nafeyinin qorunmas\u0131 istiqam\u0259tind\u0259 m\u00fcvafiq t\u0259dbirl\u0259rin g\u00f6r\u00fclm\u0259si n\u0259z\u0259rd\u0259 tutulur. M\u0259s\u0259l\u0259 Komit\u0259nin v\u0259 regiondak\u0131 U\u015faq v\u0259 Ail\u0259l\u0259r\u0259 D\u0259st\u0259k M\u0259rk\u0259zinin diqq\u0259tind\u0259dir.<\/p>\n","protected":false},"excerpt":{"rendered":"<p>Ail\u0259, Qad\u0131n v\u0259 U\u015faq Probleml\u0259ri\u00a0\u00fczr\u0259 D\u00f6vl\u0259t Komit\u0259si bir ne\u00e7\u0259 g\u00fcn \u00f6nc\u0259 intihar etdiyi bildiril\u0259n d\u00f6rd u\u015faq anas\u0131, 29 ya\u015fl\u0131 G\u00fcnay \u015e\u0259milovan\u0131n qay\u0131natas\u0131 v\u0259 qay\u0131nanas\u0131 t\u0259r\u0259find\u0259n i\u015fg\u0259nc\u0259l\u0259r\u0259 m\u0259ruz qalaraq \u00f6ld\u00fcr\u00fclm\u0259si haqq\u0131nda yay\u0131lan m\u0259lumatlara m\u00fcnasib\u0259t bildirib. Qeyd oilunub ki,\u00a0bu hadis\u0259 il\u0259 ba\u011fl\u0131 Ail\u0259, Qad\u0131n v\u0259 U\u015faq Probleml\u0259ri \u00fczr\u0259 D\u00f6vl\u0259t Komit\u0259si Daxili \u0130\u015fl\u0259r Nazirliyi, A\u011fcab\u0259di rayon \u0130cra Hakimiyy\u0259ti v\u0259 aidiyy\u0259ti qurumlarla \u0259laq\u0259 saxlayaraq, m\u0259s\u0259l\u0259nin haz\u0131rki durumu haqq\u0131nda m\u0259lumat al\u0131b. Daxili \u0130\u015fl\u0259r Nazirliyinin verdiyi m\u0259lumata \u0259sas\u0259n, \u015f\u00fcbh\u0259li bilin\u0259n \u015f\u0259xs h\u00fcquq-m\u00fchafiz\u0259 orqanlar\u0131 t\u0259r\u0259find\u0259n saxlan\u0131l\u0131b v\u0259 aidiyy\u0259ti istintaq i\u015fl\u0259ri apar\u0131l\u0131r. M\u0259s\u0259l\u0259nin humanitar (sosial-ictimai) aspektl\u0259ri il\u0259 ba\u011fl\u0131&hellip;<\/p>\n","protected":false},"author":2,"featured_media":143583,"comment_status":"closed","ping_status":"closed","sticky":false,"template":"","format":"standard","meta":{"om_disable_all_campaigns":false,"_monsterinsights_skip_tracking":false,"_monsterinsights_sitenote_active":false,"_monsterinsights_sitenote_note":"","_monsterinsights_sitenote_category":0},"categories":[1],"tags":[],"aioseo_notices":[],"gutentor_comment":0,"rttpg_featured_image_url":{"full":["https:\/\/arantv.az\/wp-content\/uploads\/2020\/03\/FotoJet-3-3.jpg",620,453,false],"landscape":["https:\/\/arantv.az\/wp-content\/uploads\/2020\/03\/FotoJet-3-3.jpg",620,453,false],"portraits":["https:\/\/arantv.az\/wp-content\/uploads\/2020\/03\/FotoJet-3-3.jpg",620,453,false],"thumbnail":["https:\/\/arantv.az\/wp-content\/uploads\/2020\/03\/FotoJet-3-3-150x150.jpg",150,150,true],"medium":["https:\/\/arantv.az\/wp-content\/uploads\/2020\/03\/FotoJet-3-3-300x219.jpg",300,219,true],"large":["https:\/\/arantv.az\/wp-content\/uploads\/2020\/03\/FotoJet-3-3.jpg",620,453,false],"1536x1536":["https:\/\/arantv.az\/wp-content\/uploads\/2020\/03\/FotoJet-3-3.jpg",620,453,false],"2048x2048":["https:\/\/arantv.az\/wp-content\/uploads\/2020\/03\/FotoJet-3-3.jpg",620,453,false],"post-thumbnail":["https:\/\/arantv.az\/wp-content\/uploads\/2020\/03\/FotoJet-3-3-240x172.jpg",240,172,true],"advps-thumb-one":["https:\/\/arantv.az\/wp-content\/uploads\/2020\/03\/FotoJet-3-3.jpg",620,453,false]},"rttpg_author":{"display_name":"V\u00fcsal Rafiqo\u011flu","author_link":"https:\/\/arantv.az\/?author=2"},"rttpg_comment":0,"rttpg_category":"<a href=\"https:\/\/arantv.az\/?cat=1\" rel=\"category\">C\u0259miyy\u0259t<\/a>","rttpg_excerpt":"Ail\u0259, Qad\u0131n v\u0259 U\u015faq Probleml\u0259ri\u00a0\u00fczr\u0259 D\u00f6vl\u0259t Komit\u0259si bir ne\u00e7\u0259 g\u00fcn \u00f6nc\u0259 intihar etdiyi bildiril\u0259n d\u00f6rd u\u015faq anas\u0131, 29 ya\u015fl\u0131 G\u00fcnay \u015e\u0259milovan\u0131n qay\u0131natas\u0131 v\u0259 qay\u0131nanas\u0131 t\u0259r\u0259find\u0259n i\u015fg\u0259nc\u0259l\u0259r\u0259 m\u0259ruz qalaraq \u00f6ld\u00fcr\u00fclm\u0259si haqq\u0131nda yay\u0131lan m\u0259lumatlara m\u00fcnasib\u0259t bildirib. Qeyd oilunub ki,\u00a0bu hadis\u0259 il\u0259 ba\u011fl\u0131 Ail\u0259, Qad\u0131n v\u0259 U\u015faq Probleml\u0259ri \u00fczr\u0259 D\u00f6vl\u0259t Komit\u0259si Daxili \u0130\u015fl\u0259r Nazirliyi, A\u011fcab\u0259di rayon \u0130cra Hakimiyy\u0259ti&hellip;","_links":{"self":[{"href":"https:\/\/arantv.az\/index.php?rest_route=\/wp\/v2\/posts\/143582"}],"collection":[{"href":"https:\/\/arantv.az\/index.php?rest_route=\/wp\/v2\/posts"}],"about":[{"href":"https:\/\/arantv.az\/index.php?rest_route=\/wp\/v2\/types\/post"}],"author":[{"embeddable":true,"href":"https:\/\/arantv.az\/index.php?rest_route=\/wp\/v2\/users\/2"}],"replies":[{"embeddable":true,"href":"https:\/\/arantv.az\/index.php?rest_route=%2Fwp%2Fv2%2Fcomments&post=143582"}],"version-history":[{"count":0,"href":"https:\/\/arantv.az\/index.php?rest_route=\/wp\/v2\/posts\/143582\/revisions"}],"wp:featuredmedia":[{"embeddable":true,"href":"https:\/\/arantv.az\/index.php?rest_route=\/wp\/v2\/media\/143583"}],"wp:attachment":[{"href":"https:\/\/arantv.az\/index.php?rest_route=%2Fwp%2Fv2%2Fmedia&parent=143582"}],"wp:term":[{"taxonomy":"category","embeddable":true,"href":"https:\/\/arantv.az\/index.php?rest_route=%2Fwp%2Fv2%2Fcategories&post=143582"},{"taxonomy":"post_tag","embeddable":true,"href":"https:\/\/arantv.az\/index.php?rest_route=%2Fwp%2Fv2%2Ftags&post=143582"}],"curies":[{"name":"wp","href":"https:\/\/api.w.org\/{rel}","templated":true}]}}