{"id":143586,"date":"2020-03-18T16:26:22","date_gmt":"2020-03-18T13:26:22","guid":{"rendered":"http:\/\/arantv.az\/?p=143586"},"modified":"2020-03-18T16:26:22","modified_gmt":"2020-03-18T13:26:22","slug":"s%c9%99fir-mubariz-m%c9%99nsimova-gor%c9%99-narahat-olanlari-v%c9%99ziyy%c9%99td%c9%99n-sui-istifad%c9%99-ed%c9%99nl%c9%99r%c9%99-qarsi-diqq%c9%99tli-olmaga-cagirib","status":"publish","type":"post","link":"https:\/\/arantv.az\/?p=143586","title":{"rendered":"S\u0259fir M\u00fcbariz M\u0259nsimova g\u00f6r\u0259 narahat olanlar\u0131 v\u0259ziyy\u0259td\u0259n sui-istifad\u0259 ed\u0259nl\u0259r\u0259 qar\u015f\u0131 diqq\u0259tli olma\u011fa \u00e7a\u011f\u0131r\u0131b"},"content":{"rendered":"<p>T\u00fcrkiy\u0259nin Az\u0259rbaycandak\u0131 s\u0259firi Erkan \u00d6zoral \u201cPalmali\u201d \u015firk\u0259tl\u0259r qrupunun r\u0259hb\u0259ri M\u00fcbariz M\u0259nsimovun h\u0259bs edilm\u0259sin\u0259 m\u00fcnasib\u0259t bildirib.<\/p>\n<p>S\u0259fir Erkan \u00d6zoral Demokrat.az-a\u00a0a\u00e7\u0131qlamas\u0131nda deyib ki, M\u00fcbariz M\u0259nsimovun m\u0259hk\u0259m\u0259 q\u0259rar\u0131 il\u0259 T\u00fcrkiy\u0259d\u0259 h\u0259bs edilm\u0259si m\u0259s\u0259l\u0259sin\u0259 h\u00f6rm\u0259tl\u0259 yana\u015f\u0131b, prosesin yekun n\u0259tic\u0259sini g\u00f6zl\u0259m\u0259k laz\u0131md\u0131r:<\/p>\n<p>\u201cT\u00fcrkiy\u0259 h\u00fcquqi v\u0259 demokratik d\u00f6vl\u0259tdir. M\u00fcbariz M\u0259nsimovla ba\u011fl\u0131 \u0259dal\u0259tli q\u0259rar\u0131 yaln\u0131z m\u0259hk\u0259m\u0259 ver\u0259 bil\u0259r. Haz\u0131rda onunla ba\u011fl\u0131 i\u015f\u0259 m\u0259hk\u0259m\u0259 bax\u0131r. M\u0259hk\u0259m\u0259nin q\u0259rar\u0131na h\u0259r hans\u0131 \u015f\u0259rh verm\u0259yimiz d\u00fczg\u00fcn olmazd\u0131. Son q\u0259rar\u0131 m\u0259hk\u0259m\u0259 verir. Cinay\u0259tkar olub-olmad\u0131\u011f\u0131na da bu prosesin sonunda yen\u0259 m\u0259hk\u0259m\u0259 q\u0259rar ver\u0259c\u0259k\u201d.<\/p>\n<div id=\"AdviadNativeVideo0\" class=\"AdviadNativeVideo\"><\/div>\n<p>S\u0259fir M\u00fcbariz M\u0259nsimova g\u00f6r\u0259 narahat olan insanlar\u0131\u00a0bu v\u0259ziyy\u0259td\u0259n sui-istifad\u0259 etm\u0259k ist\u0259y\u0259nl\u0259r\u0259 qar\u015f\u0131 diqq\u0259tli olma\u011fa \u00e7a\u011f\u0131r\u0131b.<\/p>\n<p>Bu g\u00fcn Bak\u0131da bir qrup \u015f\u0259xsin T\u00fcrkiy\u0259nin Az\u0259rbaycandak\u0131 s\u0259firliyi \u00f6n\u00fcnd\u0259 M\u00fcbariz M\u0259nsimova d\u0259st\u0259k aksiyas\u0131 ke\u00e7irm\u0259sin\u0259 d\u0259 toxunan Erkan \u00d6zoral qeyd edib ki, h\u0259r k\u0259sin s\u0259rb\u0259st fikir s\u00f6yl\u0259m\u0259k haqq\u0131 var:<\/p>\n<p>\u201cAksiya ke\u00e7ir\u0259nl\u0259r s\u0259firliy\u0259 protokol t\u0259qdim edibl\u0259r. Onlar\u0131n \u00f6z t\u0259l\u0259bl\u0259ri var. Biz buna normal bax\u0131r\u0131q. H\u0259r k\u0259sin s\u0259rb\u0259st fikir s\u00f6yl\u0259m\u0259k haqq\u0131 var. Ancaq m\u0259s\u0259l\u0259nin \u0259dal\u0259tli h\u0259llin\u0259 biz deyil, m\u0259hk\u0259m\u0259 q\u0259rar verir. \u018fg\u0259r ortada bir cinay\u0259t varsa, bunun m\u0259hk\u0259m\u0259 t\u0259r\u0259find\u0259n s\u00fcbut olunmas\u0131 z\u0259ruridir. \u018fdal\u0259tli q\u0259rar\u0131 ver\u0259n d\u0259 m\u0259hk\u0259m\u0259dir. H\u0259r birimiz m\u0259hk\u0259m\u0259nin q\u0259rarlar\u0131na h\u00f6rm\u0259tl\u0259 yana\u015fmal\u0131y\u0131q\u201d.<\/p>\n<p>Qeyd ed\u0259k ki, M\u00fcbariz M\u0259nsimov FET\u00d6 terror t\u0259\u015fkilat\u0131 il\u0259 \u0259laq\u0259d\u0259 v\u0259 casusluqda ittiham edilib v\u0259 bar\u0259sind\u0259 h\u0259bs-q\u0259timkan t\u0259dbiri se\u00e7ilib.<\/p>\n","protected":false},"excerpt":{"rendered":"<p>T\u00fcrkiy\u0259nin Az\u0259rbaycandak\u0131 s\u0259firi Erkan \u00d6zoral \u201cPalmali\u201d \u015firk\u0259tl\u0259r qrupunun r\u0259hb\u0259ri M\u00fcbariz M\u0259nsimovun h\u0259bs edilm\u0259sin\u0259 m\u00fcnasib\u0259t bildirib. S\u0259fir Erkan \u00d6zoral Demokrat.az-a\u00a0a\u00e7\u0131qlamas\u0131nda deyib ki, M\u00fcbariz M\u0259nsimovun m\u0259hk\u0259m\u0259 q\u0259rar\u0131 il\u0259 T\u00fcrkiy\u0259d\u0259 h\u0259bs edilm\u0259si m\u0259s\u0259l\u0259sin\u0259 h\u00f6rm\u0259tl\u0259 yana\u015f\u0131b, prosesin yekun n\u0259tic\u0259sini g\u00f6zl\u0259m\u0259k laz\u0131md\u0131r: \u201cT\u00fcrkiy\u0259 h\u00fcquqi v\u0259 demokratik d\u00f6vl\u0259tdir. M\u00fcbariz M\u0259nsimovla ba\u011fl\u0131 \u0259dal\u0259tli q\u0259rar\u0131 yaln\u0131z m\u0259hk\u0259m\u0259 ver\u0259 bil\u0259r. Haz\u0131rda onunla ba\u011fl\u0131 i\u015f\u0259 m\u0259hk\u0259m\u0259 bax\u0131r. M\u0259hk\u0259m\u0259nin q\u0259rar\u0131na h\u0259r hans\u0131 \u015f\u0259rh verm\u0259yimiz d\u00fczg\u00fcn olmazd\u0131. Son q\u0259rar\u0131 m\u0259hk\u0259m\u0259 verir. Cinay\u0259tkar olub-olmad\u0131\u011f\u0131na da bu prosesin sonunda yen\u0259 m\u0259hk\u0259m\u0259 q\u0259rar ver\u0259c\u0259k\u201d. S\u0259fir M\u00fcbariz M\u0259nsimova g\u00f6r\u0259 narahat olan insanlar\u0131\u00a0bu v\u0259ziyy\u0259td\u0259n sui-istifad\u0259 etm\u0259k ist\u0259y\u0259nl\u0259r\u0259&hellip;<\/p>\n","protected":false},"author":2,"featured_media":143587,"comment_status":"closed","ping_status":"closed","sticky":false,"template":"","format":"standard","meta":{"om_disable_all_campaigns":false,"_monsterinsights_skip_tracking":false,"_monsterinsights_sitenote_active":false,"_monsterinsights_sitenote_note":"","_monsterinsights_sitenote_category":0},"categories":[19],"tags":[],"aioseo_notices":[],"gutentor_comment":0,"rttpg_featured_image_url":{"full":["https:\/\/arantv.az\/wp-content\/uploads\/2020\/03\/erkan-\u00c3\u00b6z.jpg",620,376,false],"landscape":["https:\/\/arantv.az\/wp-content\/uploads\/2020\/03\/erkan-\u00c3\u00b6z.jpg",620,376,false],"portraits":["https:\/\/arantv.az\/wp-content\/uploads\/2020\/03\/erkan-\u00c3\u00b6z.jpg",620,376,false],"thumbnail":["https:\/\/arantv.az\/wp-content\/uploads\/2020\/03\/erkan-\u00c3\u00b6z-150x150.jpg",150,150,true],"medium":["https:\/\/arantv.az\/wp-content\/uploads\/2020\/03\/erkan-\u00c3\u00b6z-300x182.jpg",300,182,true],"large":["https:\/\/arantv.az\/wp-content\/uploads\/2020\/03\/erkan-\u00c3\u00b6z.jpg",620,376,false],"1536x1536":["https:\/\/arantv.az\/wp-content\/uploads\/2020\/03\/erkan-\u00c3\u00b6z.jpg",620,376,false],"2048x2048":["https:\/\/arantv.az\/wp-content\/uploads\/2020\/03\/erkan-\u00c3\u00b6z.jpg",620,376,false],"post-thumbnail":["https:\/\/arantv.az\/wp-content\/uploads\/2020\/03\/erkan-\u00c3\u00b6z-240x172.jpg",240,172,true],"advps-thumb-one":["https:\/\/arantv.az\/wp-content\/uploads\/2020\/03\/erkan-\u00c3\u00b6z.jpg",620,376,false]},"rttpg_author":{"display_name":"V\u00fcsal Rafiqo\u011flu","author_link":"https:\/\/arantv.az\/?author=2"},"rttpg_comment":0,"rttpg_category":"<a href=\"https:\/\/arantv.az\/?cat=19\" rel=\"category\">G\u00fcnd\u0259m<\/a>","rttpg_excerpt":"T\u00fcrkiy\u0259nin Az\u0259rbaycandak\u0131 s\u0259firi Erkan \u00d6zoral \u201cPalmali\u201d \u015firk\u0259tl\u0259r qrupunun r\u0259hb\u0259ri M\u00fcbariz M\u0259nsimovun h\u0259bs edilm\u0259sin\u0259 m\u00fcnasib\u0259t bildirib. S\u0259fir Erkan \u00d6zoral Demokrat.az-a\u00a0a\u00e7\u0131qlamas\u0131nda deyib ki, M\u00fcbariz M\u0259nsimovun m\u0259hk\u0259m\u0259 q\u0259rar\u0131 il\u0259 T\u00fcrkiy\u0259d\u0259 h\u0259bs edilm\u0259si m\u0259s\u0259l\u0259sin\u0259 h\u00f6rm\u0259tl\u0259 yana\u015f\u0131b, prosesin yekun n\u0259tic\u0259sini g\u00f6zl\u0259m\u0259k laz\u0131md\u0131r: \u201cT\u00fcrkiy\u0259 h\u00fcquqi v\u0259 demokratik d\u00f6vl\u0259tdir. M\u00fcbariz M\u0259nsimovla ba\u011fl\u0131 \u0259dal\u0259tli q\u0259rar\u0131 yaln\u0131z m\u0259hk\u0259m\u0259 ver\u0259 bil\u0259r. Haz\u0131rda onunla ba\u011fl\u0131 i\u015f\u0259&hellip;","_links":{"self":[{"href":"https:\/\/arantv.az\/index.php?rest_route=\/wp\/v2\/posts\/143586"}],"collection":[{"href":"https:\/\/arantv.az\/index.php?rest_route=\/wp\/v2\/posts"}],"about":[{"href":"https:\/\/arantv.az\/index.php?rest_route=\/wp\/v2\/types\/post"}],"author":[{"embeddable":true,"href":"https:\/\/arantv.az\/index.php?rest_route=\/wp\/v2\/users\/2"}],"replies":[{"embeddable":true,"href":"https:\/\/arantv.az\/index.php?rest_route=%2Fwp%2Fv2%2Fcomments&post=143586"}],"version-history":[{"count":0,"href":"https:\/\/arantv.az\/index.php?rest_route=\/wp\/v2\/posts\/143586\/revisions"}],"wp:featuredmedia":[{"embeddable":true,"href":"https:\/\/arantv.az\/index.php?rest_route=\/wp\/v2\/media\/143587"}],"wp:attachment":[{"href":"https:\/\/arantv.az\/index.php?rest_route=%2Fwp%2Fv2%2Fmedia&parent=143586"}],"wp:term":[{"taxonomy":"category","embeddable":true,"href":"https:\/\/arantv.az\/index.php?rest_route=%2Fwp%2Fv2%2Fcategories&post=143586"},{"taxonomy":"post_tag","embeddable":true,"href":"https:\/\/arantv.az\/index.php?rest_route=%2Fwp%2Fv2%2Ftags&post=143586"}],"curies":[{"name":"wp","href":"https:\/\/api.w.org\/{rel}","templated":true}]}}