{"id":143654,"date":"2020-03-19T08:30:13","date_gmt":"2020-03-19T05:30:13","guid":{"rendered":"http:\/\/arantv.az\/?p=143654"},"modified":"2020-03-19T08:30:13","modified_gmt":"2020-03-19T05:30:13","slug":"ceylan-saraldi","status":"publish","type":"post","link":"https:\/\/arantv.az\/?p=143654","title":{"rendered":"Ceylan sarald\u0131"},"content":{"rendered":"<p>T\u00fcrkiy\u0259nin m\u0259\u015fhur ifa\u00e7\u0131s\u0131 Ceylan\u0131n &#8220;Youtube&#8221; kanal\u0131n\u0131n tan\u0131t\u0131m\u0131 \u00fc\u00e7\u00fcn \u00e7\u0259kdirdiyi foto s\u0259s-k\u00fcy\u0259 s\u0259b\u0259b olub. <strong>ARANTV.AZ<\/strong> x\u0259b\u0259r verir ki, kanal\u0131n tan\u0131t\u0131m\u0131 \u00fc\u00e7\u00fcn m\u00fc\u011f\u0259nni radikal bir q\u0259rar ver\u0259r\u0259k uzun m\u00fcdd\u0259tdir istifad\u0259 etdiyi t\u00fcnd q\u0259hv\u0259yi sa\u00e7lar\u0131n\u0131 a\u00e7\u0131q r\u0259ng\u0259 boyatt\u0131. Selim Akar\u0131n obyektivin\u0259 poz ver\u0259n m\u00fc\u011f\u0259nninin d\u0259yi\u015fikliyi sosial median\u0131n g\u00fcnd\u0259mind\u0259 olub. Xeyli insan onun yeni g\u00f6r\u00fcnt\u00fcs\u00fcn\u00fc b\u0259y\u0259ndiyini yaz\u0131b.<\/p>\n<p><img loading=\"lazy\" class=\"alignnone size-medium wp-image-143655\" src=\"https:\/\/arantv.az\/wp-content\/uploads\/2020\/03\/90575698_2903781319660546_5225889212456239104_n-214x300.jpg\" alt=\"\" width=\"214\" height=\"300\" \/><\/p>\n","protected":false},"excerpt":{"rendered":"<p>T\u00fcrkiy\u0259nin m\u0259\u015fhur ifa\u00e7\u0131s\u0131 Ceylan\u0131n &#8220;Youtube&#8221; kanal\u0131n\u0131n tan\u0131t\u0131m\u0131 \u00fc\u00e7\u00fcn \u00e7\u0259kdirdiyi foto s\u0259s-k\u00fcy\u0259 s\u0259b\u0259b olub. ARANTV.AZ x\u0259b\u0259r verir ki, kanal\u0131n tan\u0131t\u0131m\u0131 \u00fc\u00e7\u00fcn m\u00fc\u011f\u0259nni radikal bir q\u0259rar ver\u0259r\u0259k uzun m\u00fcdd\u0259tdir istifad\u0259 etdiyi t\u00fcnd q\u0259hv\u0259yi sa\u00e7lar\u0131n\u0131 a\u00e7\u0131q r\u0259ng\u0259 boyatt\u0131. Selim Akar\u0131n obyektivin\u0259 poz ver\u0259n m\u00fc\u011f\u0259nninin d\u0259yi\u015fikliyi sosial median\u0131n g\u00fcnd\u0259mind\u0259 olub. Xeyli insan onun yeni g\u00f6r\u00fcnt\u00fcs\u00fcn\u00fc b\u0259y\u0259ndiyini yaz\u0131b.<\/p>\n","protected":false},"author":2,"featured_media":143656,"comment_status":"closed","ping_status":"closed","sticky":false,"template":"","format":"standard","meta":{"om_disable_all_campaigns":false,"_monsterinsights_skip_tracking":false,"_monsterinsights_sitenote_active":false,"_monsterinsights_sitenote_note":"","_monsterinsights_sitenote_category":0},"categories":[20],"tags":[],"aioseo_notices":[],"gutentor_comment":0,"rttpg_featured_image_url":{"full":["https:\/\/arantv.az\/wp-content\/uploads\/2020\/03\/90541482_292699378375678_847614024953626624_n.jpg",480,360,false],"landscape":["https:\/\/arantv.az\/wp-content\/uploads\/2020\/03\/90541482_292699378375678_847614024953626624_n.jpg",480,360,false],"portraits":["https:\/\/arantv.az\/wp-content\/uploads\/2020\/03\/90541482_292699378375678_847614024953626624_n.jpg",480,360,false],"thumbnail":["https:\/\/arantv.az\/wp-content\/uploads\/2020\/03\/90541482_292699378375678_847614024953626624_n-150x150.jpg",150,150,true],"medium":["https:\/\/arantv.az\/wp-content\/uploads\/2020\/03\/90541482_292699378375678_847614024953626624_n-300x225.jpg",300,225,true],"large":["https:\/\/arantv.az\/wp-content\/uploads\/2020\/03\/90541482_292699378375678_847614024953626624_n.jpg",480,360,false],"1536x1536":["https:\/\/arantv.az\/wp-content\/uploads\/2020\/03\/90541482_292699378375678_847614024953626624_n.jpg",480,360,false],"2048x2048":["https:\/\/arantv.az\/wp-content\/uploads\/2020\/03\/90541482_292699378375678_847614024953626624_n.jpg",480,360,false],"post-thumbnail":["https:\/\/arantv.az\/wp-content\/uploads\/2020\/03\/90541482_292699378375678_847614024953626624_n-240x172.jpg",240,172,true],"advps-thumb-one":["https:\/\/arantv.az\/wp-content\/uploads\/2020\/03\/90541482_292699378375678_847614024953626624_n.jpg",480,360,false]},"rttpg_author":{"display_name":"V\u00fcsal Rafiqo\u011flu","author_link":"https:\/\/arantv.az\/?author=2"},"rttpg_comment":0,"rttpg_category":"<a href=\"https:\/\/arantv.az\/?cat=20\" rel=\"category\">\u015eou biznes<\/a>","rttpg_excerpt":"T\u00fcrkiy\u0259nin m\u0259\u015fhur ifa\u00e7\u0131s\u0131 Ceylan\u0131n &#8220;Youtube&#8221; kanal\u0131n\u0131n tan\u0131t\u0131m\u0131 \u00fc\u00e7\u00fcn \u00e7\u0259kdirdiyi foto s\u0259s-k\u00fcy\u0259 s\u0259b\u0259b olub. ARANTV.AZ x\u0259b\u0259r verir ki, kanal\u0131n tan\u0131t\u0131m\u0131 \u00fc\u00e7\u00fcn m\u00fc\u011f\u0259nni radikal bir q\u0259rar ver\u0259r\u0259k uzun m\u00fcdd\u0259tdir istifad\u0259 etdiyi t\u00fcnd q\u0259hv\u0259yi sa\u00e7lar\u0131n\u0131 a\u00e7\u0131q r\u0259ng\u0259 boyatt\u0131. Selim Akar\u0131n obyektivin\u0259 poz ver\u0259n m\u00fc\u011f\u0259nninin d\u0259yi\u015fikliyi sosial median\u0131n g\u00fcnd\u0259mind\u0259 olub. Xeyli insan onun yeni g\u00f6r\u00fcnt\u00fcs\u00fcn\u00fc b\u0259y\u0259ndiyini yaz\u0131b.","_links":{"self":[{"href":"https:\/\/arantv.az\/index.php?rest_route=\/wp\/v2\/posts\/143654"}],"collection":[{"href":"https:\/\/arantv.az\/index.php?rest_route=\/wp\/v2\/posts"}],"about":[{"href":"https:\/\/arantv.az\/index.php?rest_route=\/wp\/v2\/types\/post"}],"author":[{"embeddable":true,"href":"https:\/\/arantv.az\/index.php?rest_route=\/wp\/v2\/users\/2"}],"replies":[{"embeddable":true,"href":"https:\/\/arantv.az\/index.php?rest_route=%2Fwp%2Fv2%2Fcomments&post=143654"}],"version-history":[{"count":0,"href":"https:\/\/arantv.az\/index.php?rest_route=\/wp\/v2\/posts\/143654\/revisions"}],"wp:featuredmedia":[{"embeddable":true,"href":"https:\/\/arantv.az\/index.php?rest_route=\/wp\/v2\/media\/143656"}],"wp:attachment":[{"href":"https:\/\/arantv.az\/index.php?rest_route=%2Fwp%2Fv2%2Fmedia&parent=143654"}],"wp:term":[{"taxonomy":"category","embeddable":true,"href":"https:\/\/arantv.az\/index.php?rest_route=%2Fwp%2Fv2%2Fcategories&post=143654"},{"taxonomy":"post_tag","embeddable":true,"href":"https:\/\/arantv.az\/index.php?rest_route=%2Fwp%2Fv2%2Ftags&post=143654"}],"curies":[{"name":"wp","href":"https:\/\/api.w.org\/{rel}","templated":true}]}}