{"id":143720,"date":"2020-03-19T09:37:13","date_gmt":"2020-03-19T06:37:13","guid":{"rendered":"http:\/\/arantv.az\/?p=143720"},"modified":"2020-03-19T09:37:13","modified_gmt":"2020-03-19T06:37:13","slug":"yagisli-kul%c9%99kli-hava-s%c9%99raiti-koronavirus-infeksiyasinin-inkisafina-m%c9%99nfi-t%c9%99sir-gost%c9%99rir","status":"publish","type":"post","link":"https:\/\/arantv.az\/?p=143720","title":{"rendered":"Ya\u011f\u0131\u015fl\u0131-k\u00fcl\u0259kli hava \u015f\u0259raiti koronavirus infeksiyas\u0131n\u0131n inki\u015faf\u0131na m\u0259nfi t\u0259sir g\u00f6st\u0259rir"},"content":{"rendered":"<p>&#8220;Mart ay\u0131n\u0131n birinci ong\u00fcnl\u00fcy\u00fcnd\u0259 nisb\u0259t\u0259n al\u00e7aq t\u0259zyiq sah\u0259si v\u0259 c\u0259nub-\u015f\u0259rq, c\u0259nub hava ax\u0131nlar\u0131 fonunda temperatur iqlim normas\u0131ndan 5-7 d\u0259r\u0259c\u0259 art\u0131q idis\u0259, son 3 g\u00fcnd\u0259 temperatur \u00e7oxillik g\u00f6st\u0259ricil\u0259rd\u0259n a\u015fa\u011f\u0131 d\u00fc\u015f\u0259r\u0259k, g\u00fcnd\u00fcz saatlar\u0131nda 6-8 d\u0259r\u0259c\u0259 olmaqla q\u0131\u015f aylar\u0131n\u0131n temperaturuna yax\u0131nla\u015f\u0131b&#8221;.<\/p>\n<p><strong>ARANTV.AZ<\/strong>\u00a0 x\u0259b\u0259r verir ki, bunu Ekologiya v\u0259 T\u0259bii S\u0259rv\u0259tl\u0259r Nazirliyinin Milli Hidrometeorologiya Departamentinin direktoru Umayra Ta\u011f\u0131yeva son g\u00fcnl\u0259rin hava \u015f\u0259raitini \u015f\u0259rh ed\u0259rk\u0259n deyib.<\/p>\n<p>O bildirib ki, bir ne\u00e7\u0259 g\u00fcnd\u00fcr hava \u015f\u0259raiti g\u00f6zl\u0259nildiyi kimi n\u0259z\u0259r\u0259\u00e7arpacaq d\u0259r\u0259c\u0259d\u0259 d\u0259yi\u015fib:<\/p>\n<p>&#8220;Respublika \u0259razisind\u0259 b\u0259zi vaxtlarda ya\u011f\u0131nt\u0131lar m\u00fc\u015fahid\u0259 olunub. Da\u011fl\u0131q rayonlarda h\u0259tta qal\u0131nl\u0131\u011f\u0131 1-12 sm q\u0259d\u0259r qar \u00f6rt\u00fcy\u00fc yaran\u0131b. \u015eimal k\u00fcl\u0259yi g\u00fccl\u0259nib. Ab\u015feronun xilaskar\u0131 olan bu k\u00fcl\u0259k n\u0259tic\u0259sind\u0259 havan\u0131n n\u0259 d\u0259r\u0259c\u0259d\u0259 t\u0259mizl\u0259nm\u0259si vizual olaraq g\u00f6r\u00fcn\u00fcr. Sinoptik durumu m\u00fc\u0259yy\u0259n ed\u0259n \u015fimal-q\u0259rb antitsiklonunun daxil olmas\u0131 il\u0259 nisb\u0259t\u0259n y\u00fcks\u0259k t\u0259zyiq sah\u0259sinin \u00fcst\u00fcnl\u00fcy\u00fc hesab\u0131na hava oksigenl\u0259 z\u0259nginl\u0259\u015fib. G\u00fccl\u00fc \u015fimal k\u00fcl\u0259yinin t\u0259siri il\u0259 is\u0259 havan\u0131n t\u0259rkibind\u0259 olan as\u0131l\u0131 toz hiss\u0259cikl\u0259ri v\u0259 z\u0259r\u0259rli madd\u0259l\u0259r uzaqla\u015fd\u0131r\u0131l\u0131b ki, bu da atmosferin a\u015fa\u011f\u0131 qatlar\u0131nda havan\u0131n t\u0259mizl\u0259nm\u0259si il\u0259 n\u0259tic\u0259l\u0259nib. Havan\u0131n keyfiyy\u0259tinin monitorinqi \u00fczr\u0259 avtomat stansiyalar\u0131n m\u0259lumatlar\u0131na \u0259sas\u0259n Bak\u0131 \u015f\u0259h\u0259rind\u0259 \u00e7irkl\u0259nm\u0259 yol veril\u0259n h\u0259ddi ke\u00e7m\u0259yib.<\/p>\n<p>Tutqun hava b\u0259zi insanlar\u0131n \u0259hval\u0131na m\u0259nfi t\u0259sir g\u00f6st\u0259rs\u0259 d\u0259, optimist insanlar bel\u0259 d\u0259yi\u015fk\u0259nlikl\u0259rd\u0259 d\u0259 m\u00fcsb\u0259t hallar\u0131 g\u00f6rm\u0259yi bacar\u0131rlar. Buna \u0259lav\u0259 olaraq, bir q\u0259d\u0259r d\u0259 optimizmi art\u0131rmaq \u00fc\u00e7\u00fcn bildiririk ki, h\u0259kiml\u0259rin r\u0259yin\u0259 g\u00f6r\u0259 m\u00fc\u015fahid\u0259 olunan ya\u011f\u0131\u015fl\u0131-k\u00fcl\u0259kli hava \u015f\u0259raiti koronavirus infeksiyas\u0131n\u0131n inki\u015faf\u0131na m\u0259nfi t\u0259sir g\u00f6st\u0259rir. H\u0259tta qeyri-sabit hava da \u00f6z\u00fcnd\u0259 m\u00fcsb\u0259t amil da\u015f\u0131ya bil\u0259r&#8221;.Milli.Az<\/p>\n","protected":false},"excerpt":{"rendered":"<p>&#8220;Mart ay\u0131n\u0131n birinci ong\u00fcnl\u00fcy\u00fcnd\u0259 nisb\u0259t\u0259n al\u00e7aq t\u0259zyiq sah\u0259si v\u0259 c\u0259nub-\u015f\u0259rq, c\u0259nub hava ax\u0131nlar\u0131 fonunda temperatur iqlim normas\u0131ndan 5-7 d\u0259r\u0259c\u0259 art\u0131q idis\u0259, son 3 g\u00fcnd\u0259 temperatur \u00e7oxillik g\u00f6st\u0259ricil\u0259rd\u0259n a\u015fa\u011f\u0131 d\u00fc\u015f\u0259r\u0259k, g\u00fcnd\u00fcz saatlar\u0131nda 6-8 d\u0259r\u0259c\u0259 olmaqla q\u0131\u015f aylar\u0131n\u0131n temperaturuna yax\u0131nla\u015f\u0131b&#8221;. ARANTV.AZ\u00a0 x\u0259b\u0259r verir ki, bunu Ekologiya v\u0259 T\u0259bii S\u0259rv\u0259tl\u0259r Nazirliyinin Milli Hidrometeorologiya Departamentinin direktoru Umayra Ta\u011f\u0131yeva son g\u00fcnl\u0259rin hava \u015f\u0259raitini \u015f\u0259rh ed\u0259rk\u0259n deyib. O bildirib ki, bir ne\u00e7\u0259 g\u00fcnd\u00fcr hava \u015f\u0259raiti g\u00f6zl\u0259nildiyi kimi n\u0259z\u0259r\u0259\u00e7arpacaq d\u0259r\u0259c\u0259d\u0259 d\u0259yi\u015fib: &#8220;Respublika \u0259razisind\u0259 b\u0259zi vaxtlarda ya\u011f\u0131nt\u0131lar m\u00fc\u015fahid\u0259 olunub. Da\u011fl\u0131q rayonlarda h\u0259tta qal\u0131nl\u0131\u011f\u0131 1-12 sm q\u0259d\u0259r qar \u00f6rt\u00fcy\u00fc&hellip;<\/p>\n","protected":false},"author":2,"featured_media":143721,"comment_status":"closed","ping_status":"closed","sticky":false,"template":"","format":"standard","meta":{"om_disable_all_campaigns":false,"_monsterinsights_skip_tracking":false,"_monsterinsights_sitenote_active":false,"_monsterinsights_sitenote_note":"","_monsterinsights_sitenote_category":0},"categories":[1],"tags":[],"aioseo_notices":[],"gutentor_comment":0,"rttpg_featured_image_url":{"full":["https:\/\/arantv.az\/wp-content\/uploads\/2020\/03\/hava_bulvar.jpg",1200,900,false],"landscape":["https:\/\/arantv.az\/wp-content\/uploads\/2020\/03\/hava_bulvar.jpg",1200,900,false],"portraits":["https:\/\/arantv.az\/wp-content\/uploads\/2020\/03\/hava_bulvar.jpg",1200,900,false],"thumbnail":["https:\/\/arantv.az\/wp-content\/uploads\/2020\/03\/hava_bulvar-150x150.jpg",150,150,true],"medium":["https:\/\/arantv.az\/wp-content\/uploads\/2020\/03\/hava_bulvar-300x225.jpg",300,225,true],"large":["https:\/\/arantv.az\/wp-content\/uploads\/2020\/03\/hava_bulvar-1024x768.jpg",640,480,true],"1536x1536":["https:\/\/arantv.az\/wp-content\/uploads\/2020\/03\/hava_bulvar.jpg",1200,900,false],"2048x2048":["https:\/\/arantv.az\/wp-content\/uploads\/2020\/03\/hava_bulvar.jpg",1200,900,false],"post-thumbnail":["https:\/\/arantv.az\/wp-content\/uploads\/2020\/03\/hava_bulvar-240x172.jpg",240,172,true],"advps-thumb-one":["https:\/\/arantv.az\/wp-content\/uploads\/2020\/03\/hava_bulvar-1200x620.jpg",1200,620,true]},"rttpg_author":{"display_name":"V\u00fcsal Rafiqo\u011flu","author_link":"https:\/\/arantv.az\/?author=2"},"rttpg_comment":0,"rttpg_category":"<a href=\"https:\/\/arantv.az\/?cat=1\" rel=\"category\">C\u0259miyy\u0259t<\/a>","rttpg_excerpt":"&#8220;Mart ay\u0131n\u0131n birinci ong\u00fcnl\u00fcy\u00fcnd\u0259 nisb\u0259t\u0259n al\u00e7aq t\u0259zyiq sah\u0259si v\u0259 c\u0259nub-\u015f\u0259rq, c\u0259nub hava ax\u0131nlar\u0131 fonunda temperatur iqlim normas\u0131ndan 5-7 d\u0259r\u0259c\u0259 art\u0131q idis\u0259, son 3 g\u00fcnd\u0259 temperatur \u00e7oxillik g\u00f6st\u0259ricil\u0259rd\u0259n a\u015fa\u011f\u0131 d\u00fc\u015f\u0259r\u0259k, g\u00fcnd\u00fcz saatlar\u0131nda 6-8 d\u0259r\u0259c\u0259 olmaqla q\u0131\u015f aylar\u0131n\u0131n temperaturuna yax\u0131nla\u015f\u0131b&#8221;. ARANTV.AZ\u00a0 x\u0259b\u0259r verir ki, bunu Ekologiya v\u0259 T\u0259bii S\u0259rv\u0259tl\u0259r Nazirliyinin Milli Hidrometeorologiya Departamentinin direktoru Umayra Ta\u011f\u0131yeva son&hellip;","_links":{"self":[{"href":"https:\/\/arantv.az\/index.php?rest_route=\/wp\/v2\/posts\/143720"}],"collection":[{"href":"https:\/\/arantv.az\/index.php?rest_route=\/wp\/v2\/posts"}],"about":[{"href":"https:\/\/arantv.az\/index.php?rest_route=\/wp\/v2\/types\/post"}],"author":[{"embeddable":true,"href":"https:\/\/arantv.az\/index.php?rest_route=\/wp\/v2\/users\/2"}],"replies":[{"embeddable":true,"href":"https:\/\/arantv.az\/index.php?rest_route=%2Fwp%2Fv2%2Fcomments&post=143720"}],"version-history":[{"count":0,"href":"https:\/\/arantv.az\/index.php?rest_route=\/wp\/v2\/posts\/143720\/revisions"}],"wp:featuredmedia":[{"embeddable":true,"href":"https:\/\/arantv.az\/index.php?rest_route=\/wp\/v2\/media\/143721"}],"wp:attachment":[{"href":"https:\/\/arantv.az\/index.php?rest_route=%2Fwp%2Fv2%2Fmedia&parent=143720"}],"wp:term":[{"taxonomy":"category","embeddable":true,"href":"https:\/\/arantv.az\/index.php?rest_route=%2Fwp%2Fv2%2Fcategories&post=143720"},{"taxonomy":"post_tag","embeddable":true,"href":"https:\/\/arantv.az\/index.php?rest_route=%2Fwp%2Fv2%2Ftags&post=143720"}],"curies":[{"name":"wp","href":"https:\/\/api.w.org\/{rel}","templated":true}]}}