{"id":143724,"date":"2020-03-19T09:41:29","date_gmt":"2020-03-19T06:41:29","guid":{"rendered":"http:\/\/arantv.az\/?p=143724"},"modified":"2020-03-19T09:41:29","modified_gmt":"2020-03-19T06:41:29","slug":"kobia-da-ictimai-ias%c9%99-v%c9%99-ticar%c9%99t-sektorunda-f%c9%99aliyy%c9%99t-gost%c9%99r%c9%99n-sahibkarlarla-gorus-kecirilib","status":"publish","type":"post","link":"https:\/\/arantv.az\/?p=143724","title":{"rendered":"KOB\u0130A-da ictimai-ia\u015f\u0259 v\u0259 ticar\u0259t sektorunda f\u0259aliyy\u0259t g\u00f6st\u0259r\u0259n sahibkarlarla g\u00f6r\u00fc\u015f ke\u00e7irilib"},"content":{"rendered":"<p>Az\u0259rbaycan Respublikas\u0131n\u0131n Ki\u00e7ik v\u0259 Orta Biznesin \u0130nki\u015faf\u0131 Agentliyi (KOB\u0130A) d\u00fcnyada yay\u0131lm\u0131\u015f koronavirus (COV\u0130D-19) infeksiyas\u0131n\u0131n yerli sahibkarlara t\u0259sirini \u00f6yr\u0259nm\u0259k m\u0259qs\u0259dil\u0259 n\u00f6vb\u0259ti g\u00f6r\u00fc\u015f\u00fc ictimai-ia\u015f\u0259 v\u0259 ticar\u0259t sah\u0259sind\u0259 f\u0259aliyy\u0259t g\u00f6st\u0259r\u0259n sahibkarlarla ke\u00e7irib.<\/p>\n<p><strong>ARANTV.AZ<\/strong> x\u0259b\u0259r verir ki, Agentlikd\u0259n\u00a0<a href=\"https:\/\/az.trend.az\/\" target=\"_blank\" rel=\"noopener\">Trend<\/a>-\u0259 bildirilib ki, g\u00f6r\u00fc\u015fd\u0259 ictimai-ia\u015f\u0259 v\u0259 ticar\u0259t sektorunda f\u0259aliyy\u0259t g\u00f6st\u0259r\u0259n 30-dan \u00e7ox sahibkarl\u0131q subyekti i\u015ftirak edib.<\/p>\n<p>KOB\u0130A-n\u0131n \u0130dar\u0259 Hey\u0259tinin s\u0259dri Orxan M\u0259mm\u0259dov qeyd edib ki, d\u00fcnyada yay\u0131lm\u0131\u015f koronavirus infeksiyas\u0131n\u0131n iqtisadiyyat\u0131n m\u00fcxt\u0259lif sektorlar\u0131nda f\u0259aliyy\u0259t g\u00f6st\u0259r\u0259n yerli sahibkarlar\u0131n, x\u00fcsusil\u0259 d\u0259 ki\u00e7ik v\u0259 orta biznes (KOB) subyektl\u0259rinin f\u0259aliyy\u0259tin\u0259 t\u0259sirinin \u00f6yr\u0259nilm\u0259si \u00fc\u00e7\u00fcn Agentlik t\u0259r\u0259find\u0259n KOB-larla g\u00f6r\u00fc\u015fl\u0259r ke\u00e7irilir, onlar aras\u0131nda sor\u011fular apar\u0131l\u0131r. \u0130ctimai-ia\u015f\u0259 v\u0259 ticar\u0259t sah\u0259sind\u0259 d\u0259 xeyli sayda KOB subyektinin f\u0259aliyy\u0259t g\u00f6st\u0259rm\u0259si n\u0259z\u0259r\u0259 al\u0131naraq, n\u00f6vb\u0259ti g\u00f6r\u00fc\u015f bu sah\u0259 il\u0259 ba\u011fl\u0131 t\u0259\u015fkil olunub. M\u0259qs\u0259d koronavirus infeksiyas\u0131n\u0131n ictimai-ia\u015f\u0259 v\u0259 ticar\u0259t sektoruna t\u0259sirl\u0259rinin v\u0259 KOB-lar\u0131n qar\u015f\u0131la\u015fd\u0131qlar\u0131 probleml\u0259rin \u00f6yr\u0259nilm\u0259si, m\u00fcmk\u00fcn t\u0259sirl\u0259rin minimuma endirilm\u0259si \u00fc\u00e7\u00fcn \u00e7\u0131x\u0131\u015f yollar\u0131n\u0131n m\u00fczakir\u0259 edilm\u0259si, sahibkarlar\u0131n g\u00f6zl\u0259ntil\u0259rinin v\u0259 t\u0259klifl\u0259rinin \u00f6yr\u0259nilm\u0259sidir.<\/p>\n<p>G\u00f6r\u00fc\u015fd\u0259 ictimai-ia\u015f\u0259 v\u0259 ticar\u0259t sektorunda f\u0259aliyy\u0259t g\u00f6st\u0259r\u0259n sahibkarl\u0131q subyektl\u0259ri koronavirus infeksiyas\u0131 il\u0259 ba\u011fl\u0131 restoran, ma\u011faza v\u0259 ticar\u0259t m\u0259rk\u0259zl\u0259rinin xidm\u0259tl\u0259rind\u0259n az istifad\u0259 olunmas\u0131n\u0131n biznes\u0259 t\u0259sir g\u00f6st\u0259rdiyini qeyd edib, yaranm\u0131\u015f problemd\u0259n \u00e7\u0131x\u0131\u015f yollar\u0131 m\u00fczakir\u0259 olunub, sahibkarlar t\u0259r\u0259find\u0259n m\u00fcxt\u0259lif t\u0259kifl\u0259r s\u0259sl\u0259ndirilib.<\/p>\n<p>T\u0259dbir \u00e7\u0259r\u00e7iv\u0259sind\u0259 koronavirus infeksiyas\u0131n\u0131n biznes f\u0259aliyy\u0259tin\u0259 t\u0259sirinin qiym\u0259tl\u0259ndirilm\u0259sin\u0259 dair i\u015ftirak\u00e7\u0131 sahibkarlar aras\u0131nda sor\u011fu da ke\u00e7irilib. \u00dcmumilikd\u0259 is\u0259 koronavirusun m\u00fcvafiq sah\u0259y\u0259 t\u0259sirinin m\u00fc\u0259yy\u0259nl\u0259\u015fdirilm\u0259si \u00fc\u00e7\u00fcn KOB\u0130A t\u0259r\u0259find\u0259n ictimai-ia\u015f\u0259 v\u0259 ticar\u0259t sektorunda f\u0259aliyy\u0259t g\u00f6st\u0259r\u0259n 500-d\u0259n \u00e7ox sahibkarl\u0131q subyekti aras\u0131nda sor\u011fu apar\u0131l\u0131b.<\/p>\n<p>G\u00f6r\u00fc\u015fd\u0259 s\u0259sl\u0259ndiril\u0259n t\u0259klifl\u0259r v\u0259 apar\u0131lm\u0131\u015f sor\u011funun n\u0259tic\u0259l\u0259ri \u00fcmumil\u0259\u015fdiril\u0259r\u0259k m\u00fcvafiq qurumlara t\u0259qdim olunacaqd\u0131r.<\/p>\n<p>G\u00f6r\u00fc\u015fd\u0259 s\u0259sl\u0259ndiril\u0259n t\u0259klifl\u0259r v\u0259 apar\u0131lm\u0131\u015f sor\u011funun n\u0259tic\u0259l\u0259ri \u00fcmumil\u0259\u015fdiril\u0259r\u0259k m\u00fcvafiq qurumlara t\u0259qdim olunacaqd\u0131r.<\/p>\n","protected":false},"excerpt":{"rendered":"<p>Az\u0259rbaycan Respublikas\u0131n\u0131n Ki\u00e7ik v\u0259 Orta Biznesin \u0130nki\u015faf\u0131 Agentliyi (KOB\u0130A) d\u00fcnyada yay\u0131lm\u0131\u015f koronavirus (COV\u0130D-19) infeksiyas\u0131n\u0131n yerli sahibkarlara t\u0259sirini \u00f6yr\u0259nm\u0259k m\u0259qs\u0259dil\u0259 n\u00f6vb\u0259ti g\u00f6r\u00fc\u015f\u00fc ictimai-ia\u015f\u0259 v\u0259 ticar\u0259t sah\u0259sind\u0259 f\u0259aliyy\u0259t g\u00f6st\u0259r\u0259n sahibkarlarla ke\u00e7irib. ARANTV.AZ x\u0259b\u0259r verir ki, Agentlikd\u0259n\u00a0Trend-\u0259 bildirilib ki, g\u00f6r\u00fc\u015fd\u0259 ictimai-ia\u015f\u0259 v\u0259 ticar\u0259t sektorunda f\u0259aliyy\u0259t g\u00f6st\u0259r\u0259n 30-dan \u00e7ox sahibkarl\u0131q subyekti i\u015ftirak edib. KOB\u0130A-n\u0131n \u0130dar\u0259 Hey\u0259tinin s\u0259dri Orxan M\u0259mm\u0259dov qeyd edib ki, d\u00fcnyada yay\u0131lm\u0131\u015f koronavirus infeksiyas\u0131n\u0131n iqtisadiyyat\u0131n m\u00fcxt\u0259lif sektorlar\u0131nda f\u0259aliyy\u0259t g\u00f6st\u0259r\u0259n yerli sahibkarlar\u0131n, x\u00fcsusil\u0259 d\u0259 ki\u00e7ik v\u0259 orta biznes (KOB) subyektl\u0259rinin f\u0259aliyy\u0259tin\u0259 t\u0259sirinin \u00f6yr\u0259nilm\u0259si \u00fc\u00e7\u00fcn Agentlik t\u0259r\u0259find\u0259n KOB-larla g\u00f6r\u00fc\u015fl\u0259r ke\u00e7irilir, onlar aras\u0131nda sor\u011fular apar\u0131l\u0131r.&hellip;<\/p>\n","protected":false},"author":2,"featured_media":143725,"comment_status":"closed","ping_status":"closed","sticky":false,"template":"","format":"standard","meta":{"om_disable_all_campaigns":false,"_monsterinsights_skip_tracking":false,"_monsterinsights_sitenote_active":false,"_monsterinsights_sitenote_note":"","_monsterinsights_sitenote_category":0},"categories":[19],"tags":[],"aioseo_notices":[],"gutentor_comment":0,"rttpg_featured_image_url":{"full":["https:\/\/arantv.az\/wp-content\/uploads\/2020\/03\/835030.jpg",1280,853,false],"landscape":["https:\/\/arantv.az\/wp-content\/uploads\/2020\/03\/835030.jpg",1280,853,false],"portraits":["https:\/\/arantv.az\/wp-content\/uploads\/2020\/03\/835030.jpg",1280,853,false],"thumbnail":["https:\/\/arantv.az\/wp-content\/uploads\/2020\/03\/835030-150x150.jpg",150,150,true],"medium":["https:\/\/arantv.az\/wp-content\/uploads\/2020\/03\/835030-300x200.jpg",300,200,true],"large":["https:\/\/arantv.az\/wp-content\/uploads\/2020\/03\/835030-1024x682.jpg",640,426,true],"1536x1536":["https:\/\/arantv.az\/wp-content\/uploads\/2020\/03\/835030.jpg",1280,853,false],"2048x2048":["https:\/\/arantv.az\/wp-content\/uploads\/2020\/03\/835030.jpg",1280,853,false],"post-thumbnail":["https:\/\/arantv.az\/wp-content\/uploads\/2020\/03\/835030-240x172.jpg",240,172,true],"advps-thumb-one":["https:\/\/arantv.az\/wp-content\/uploads\/2020\/03\/835030-1200x620.jpg",1200,620,true]},"rttpg_author":{"display_name":"V\u00fcsal Rafiqo\u011flu","author_link":"https:\/\/arantv.az\/?author=2"},"rttpg_comment":0,"rttpg_category":"<a href=\"https:\/\/arantv.az\/?cat=19\" rel=\"category\">G\u00fcnd\u0259m<\/a>","rttpg_excerpt":"Az\u0259rbaycan Respublikas\u0131n\u0131n Ki\u00e7ik v\u0259 Orta Biznesin \u0130nki\u015faf\u0131 Agentliyi (KOB\u0130A) d\u00fcnyada yay\u0131lm\u0131\u015f koronavirus (COV\u0130D-19) infeksiyas\u0131n\u0131n yerli sahibkarlara t\u0259sirini \u00f6yr\u0259nm\u0259k m\u0259qs\u0259dil\u0259 n\u00f6vb\u0259ti g\u00f6r\u00fc\u015f\u00fc ictimai-ia\u015f\u0259 v\u0259 ticar\u0259t sah\u0259sind\u0259 f\u0259aliyy\u0259t g\u00f6st\u0259r\u0259n sahibkarlarla ke\u00e7irib. ARANTV.AZ x\u0259b\u0259r verir ki, Agentlikd\u0259n\u00a0Trend-\u0259 bildirilib ki, g\u00f6r\u00fc\u015fd\u0259 ictimai-ia\u015f\u0259 v\u0259 ticar\u0259t sektorunda f\u0259aliyy\u0259t g\u00f6st\u0259r\u0259n 30-dan \u00e7ox sahibkarl\u0131q subyekti i\u015ftirak edib. KOB\u0130A-n\u0131n \u0130dar\u0259 Hey\u0259tinin s\u0259dri Orxan M\u0259mm\u0259dov&hellip;","_links":{"self":[{"href":"https:\/\/arantv.az\/index.php?rest_route=\/wp\/v2\/posts\/143724"}],"collection":[{"href":"https:\/\/arantv.az\/index.php?rest_route=\/wp\/v2\/posts"}],"about":[{"href":"https:\/\/arantv.az\/index.php?rest_route=\/wp\/v2\/types\/post"}],"author":[{"embeddable":true,"href":"https:\/\/arantv.az\/index.php?rest_route=\/wp\/v2\/users\/2"}],"replies":[{"embeddable":true,"href":"https:\/\/arantv.az\/index.php?rest_route=%2Fwp%2Fv2%2Fcomments&post=143724"}],"version-history":[{"count":0,"href":"https:\/\/arantv.az\/index.php?rest_route=\/wp\/v2\/posts\/143724\/revisions"}],"wp:featuredmedia":[{"embeddable":true,"href":"https:\/\/arantv.az\/index.php?rest_route=\/wp\/v2\/media\/143725"}],"wp:attachment":[{"href":"https:\/\/arantv.az\/index.php?rest_route=%2Fwp%2Fv2%2Fmedia&parent=143724"}],"wp:term":[{"taxonomy":"category","embeddable":true,"href":"https:\/\/arantv.az\/index.php?rest_route=%2Fwp%2Fv2%2Fcategories&post=143724"},{"taxonomy":"post_tag","embeddable":true,"href":"https:\/\/arantv.az\/index.php?rest_route=%2Fwp%2Fv2%2Ftags&post=143724"}],"curies":[{"name":"wp","href":"https:\/\/api.w.org\/{rel}","templated":true}]}}